{"id":56502,"date":"2022-09-01T19:02:40","date_gmt":"2022-09-01T22:02:40","guid":{"rendered":"https:\/\/www.lasrosas.com.ar\/portal\/?p=56502"},"modified":"2022-09-01T19:04:45","modified_gmt":"2022-09-01T22:04:45","slug":"nuevas-formas-fashionistas-de-implementar-los-clasicos-mocasines","status":"publish","type":"post","link":"https:\/\/www.lasrosas.com.ar\/portal\/nuevas-formas-fashionistas-de-implementar-los-clasicos-mocasines\/","title":{"rendered":"NUEVAS FORMAS FASHIONISTAS DE IMPLEMENTAR LOS CL\u00c1SICOS MOCASINES"},"content":{"rendered":"<p>Prada y Chanel hicieron sus propias versiones. Hoy marcan tendencia y las trendsetters ya los implementan en sus looks, a tomar nota.<\/p>\n<p>Los mocasines son uno de los zapatos m\u00e1s cl\u00e1sicos que conocemos. Sin embargo, las primeras marcas volvieron reversionarlos y hoy pisan fuerte de la mano de Bella Hadid, Olivia Rodrigo y Hailey Bieber que ya los implementaron de las formas m\u00e1s originales.<\/p>\n<p>Valentina Ferrer nos comparti\u00f3 desde su cuenta de Instagram el estilismo que implement\u00f3 con sus mocasines Prada. Para la ocasi\u00f3n eligi\u00f3 un mini vestido negro, cartera en el mismo tono y blazer gris oversize. \u00bfEl detalle? junto con el calzado implement\u00f3 medias negras casi imperceptibles.<\/p>\n\r\n\t\t<style type='text\/css'>\r\n\t\t\t#gallery-1 {\r\n\t\t\t\tmargin: auto;\r\n\t\t\t}\r\n\t\t\t#gallery-1 .gallery-item {\r\n\t\t\t\tfloat: left;\r\n\t\t\t\tmargin-top: 10px;\r\n\t\t\t\ttext-align: center;\r\n\t\t\t\twidth: 25%;\r\n\t\t\t}\r\n\t\t\t#gallery-1 img {\r\n\t\t\t\tborder: 2px solid #cfcfcf;\r\n\t\t\t}\r\n\t\t\t#gallery-1 .gallery-caption {\r\n\t\t\t\tmargin-left: 0;\r\n\t\t\t}\r\n\t\t<\/style>\r\n\t\t<!-- see gallery_shortcode() in wp-includes\/media.php -->\n\t\t<div id='gallery-1' class='gallery galleryid-56502 gallery-columns-4 gallery-size-full gallery1'><script type=\"text\/javascript\">\r\n\/\/ <![CDATA[\r\n\tjQuery(document).ready(function () {\r\n\t\tjQuery(\".gallery1 a\").attr(\"rel\",\"gallery1\");\t\r\n\t\tjQuery('a[rel=\"gallery1\"]').colorbox({maxWidth:\"95%\", maxHeight:\"95%\",title: function(){ return jQuery(this).children().attr(\"alt\"); }, });\r\n\t});\r\n\/\/ ]]>\r\n<\/script>\n<dl class=\"gallery-item\">\n<dt class=\"gallery-icon\">\r\n<a href=\"https:\/\/www.lasrosas.com.ar\/portal\/wp-content\/uploads\/WhatsApp-Image-2022-09-01-at-7.01.30-PM-5.jpeg\" title=\"\" rel=\"gallery1\"><img decoding=\"async\" data-src=\"https:\/\/www.lasrosas.com.ar\/portal\/wp-content\/uploads\/WhatsApp-Image-2022-09-01-at-7.01.30-PM-5.jpeg\" width=\"740\" height=\"918\" alt=\"\" src=\"data:image\/svg+xml;base64,PHN2ZyB3aWR0aD0iMSIgaGVpZ2h0PSIxIiB4bWxucz0iaHR0cDovL3d3dy53My5vcmcvMjAwMC9zdmciPjwvc3ZnPg==\" class=\"lazyload\" style=\"--smush-placeholder-width: 740px; --smush-placeholder-aspect-ratio: 740\/918;\" \/><\/a>\r\n<\/dt><\/dl><dl class=\"gallery-item\">\n<dt class=\"gallery-icon\">\r\n<a href=\"https:\/\/www.lasrosas.com.ar\/portal\/wp-content\/uploads\/WhatsApp-Image-2022-09-01-at-7.01.30-PM-4.jpeg\" title=\"\" rel=\"gallery1\"><img decoding=\"async\" data-src=\"https:\/\/www.lasrosas.com.ar\/portal\/wp-content\/uploads\/WhatsApp-Image-2022-09-01-at-7.01.30-PM-4.jpeg\" width=\"740\" height=\"909\" alt=\"\" src=\"data:image\/svg+xml;base64,PHN2ZyB3aWR0aD0iMSIgaGVpZ2h0PSIxIiB4bWxucz0iaHR0cDovL3d3dy53My5vcmcvMjAwMC9zdmciPjwvc3ZnPg==\" class=\"lazyload\" style=\"--smush-placeholder-width: 740px; --smush-placeholder-aspect-ratio: 740\/909;\" \/><\/a>\r\n<\/dt><\/dl><dl class=\"gallery-item\">\n<dt class=\"gallery-icon\">\r\n<a href=\"https:\/\/www.lasrosas.com.ar\/portal\/wp-content\/uploads\/WhatsApp-Image-2022-09-01-at-7.01.30-PM-2.jpeg\" title=\"\" rel=\"gallery1\"><img decoding=\"async\" data-src=\"https:\/\/www.lasrosas.com.ar\/portal\/wp-content\/uploads\/WhatsApp-Image-2022-09-01-at-7.01.30-PM-2.jpeg\" width=\"740\" height=\"902\" alt=\"\" src=\"data:image\/svg+xml;base64,PHN2ZyB3aWR0aD0iMSIgaGVpZ2h0PSIxIiB4bWxucz0iaHR0cDovL3d3dy53My5vcmcvMjAwMC9zdmciPjwvc3ZnPg==\" class=\"lazyload\" style=\"--smush-placeholder-width: 740px; --smush-placeholder-aspect-ratio: 740\/902;\" \/><\/a>\r\n<\/dt><\/dl><dl class=\"gallery-item\">\n<dt class=\"gallery-icon\">\r\n<a href=\"https:\/\/www.lasrosas.com.ar\/portal\/wp-content\/uploads\/WhatsApp-Image-2022-09-01-at-7.01.30-PM-3.jpeg\" title=\"\" rel=\"gallery1\"><img decoding=\"async\" data-src=\"https:\/\/www.lasrosas.com.ar\/portal\/wp-content\/uploads\/WhatsApp-Image-2022-09-01-at-7.01.30-PM-3.jpeg\" width=\"740\" height=\"905\" alt=\"\" src=\"data:image\/svg+xml;base64,PHN2ZyB3aWR0aD0iMSIgaGVpZ2h0PSIxIiB4bWxucz0iaHR0cDovL3d3dy53My5vcmcvMjAwMC9zdmciPjwvc3ZnPg==\" class=\"lazyload\" style=\"--smush-placeholder-width: 740px; --smush-placeholder-aspect-ratio: 740\/905;\" \/><\/a>\r\n<\/dt><\/dl><br style=\"clear: both\" \/>\r\n\t\t<\/div>\n\n<p>Los mocasines siempre estuvieron relacionados a un look m\u00e1s masculino. Sin embargo, Bella Hadid se olvid\u00f3 de esa premisa y luci\u00f3 sus mocasines con un top floreado, falda plisada y camisa oversize. A su vez, sum\u00f3 unas medias Nike aportando un detalle deportivo al look, que si lo pensamos suena raro, pero en ella simplemente funciona.<\/p>\n<p>Por si quedaban dudas, aclaramos que los mocasines esta temporada se llevan con medias, preferentemente blancas pero cada uno puede adoptar su propio estilo. Chlo\u00eb Sevigny eligi\u00f3 shorts de jean y sweater negro. Un estilo m\u00e1s cl\u00e1sico que las anteriores.<\/p>\n<p>Olivia Rodrigo sorprendi\u00f3 implementado a los mocasines en un look para noche. Es que la joven fue a cenar con con un vestido lencero mini de seda y encaje que combin\u00f3 con un bolso baguette de charol, hasta ah\u00ed todo monocrom\u00e1tico. El corte lo dieron las medias blancas que luci\u00f3 con sus mocasines. Un look sumamente original que r\u00e1pidamente se viraliz\u00f3 en Tik Tok y es replicado por todas las fan\u00e1ticas de la cantante.<\/p>\n<p>Definitivamente Hailey Bieber fue la que m\u00e1s se anim\u00f3 a jugar con el calzado m\u00e1s cl\u00e1sico que conocemos. Vestido blazer con cut out, medias bucaneras transparentes y cartera negra. Los mocasines, a diferencia del resto, tienen plataforma. Una versi\u00f3n m\u00e1s moderna que los que vinimos viendo.<\/p>\n<!-- AddThis Advanced Settings generic via filter on the_content --><!-- AddThis Share Buttons generic via filter on the_content -->","protected":false},"excerpt":{"rendered":"<p>Prada y Chanel hicieron sus propias versiones. Hoy marcan tendencia y las trendsetters ya los implementan en sus looks, a tomar nota. Los mocasines son uno de los zapatos m\u00e1s cl\u00e1sicos que conocemos. Sin embargo, las primeras marcas volvieron reversionarlos y hoy pisan fuerte de la mano de Bella Hadid, Olivia Rodrigo y Hailey Bieber [&hellip;]<!-- AddThis Advanced Settings generic via filter on get_the_excerpt --><!-- AddThis Share Buttons generic via filter on get_the_excerpt --><\/p>\n","protected":false},"author":6,"featured_media":56503,"comment_status":"closed","ping_status":"open","sticky":false,"template":"","format":"standard","meta":{"_acf_changed":false,"om_disable_all_campaigns":false,"_monsterinsights_skip_tracking":false,"_monsterinsights_sitenote_active":false,"_monsterinsights_sitenote_note":"","_monsterinsights_sitenote_category":0,"_uf_show_specific_survey":0,"_uf_disable_surveys":false,"footnotes":""},"categories":[100,30],"tags":[],"class_list":["post-56502","post","type-post","status-publish","format-standard","has-post-thumbnail","hentry","category-noticias","category-moda"],"acf":[],"aioseo_notices":[],"_links":{"self":[{"href":"https:\/\/www.lasrosas.com.ar\/portal\/wp-json\/wp\/v2\/posts\/56502","targetHints":{"allow":["GET"]}}],"collection":[{"href":"https:\/\/www.lasrosas.com.ar\/portal\/wp-json\/wp\/v2\/posts"}],"about":[{"href":"https:\/\/www.lasrosas.com.ar\/portal\/wp-json\/wp\/v2\/types\/post"}],"author":[{"embeddable":true,"href":"https:\/\/www.lasrosas.com.ar\/portal\/wp-json\/wp\/v2\/users\/6"}],"replies":[{"embeddable":true,"href":"https:\/\/www.lasrosas.com.ar\/portal\/wp-json\/wp\/v2\/comments?post=56502"}],"version-history":[{"count":0,"href":"https:\/\/www.lasrosas.com.ar\/portal\/wp-json\/wp\/v2\/posts\/56502\/revisions"}],"wp:featuredmedia":[{"embeddable":true,"href":"https:\/\/www.lasrosas.com.ar\/portal\/wp-json\/wp\/v2\/media\/56503"}],"wp:attachment":[{"href":"https:\/\/www.lasrosas.com.ar\/portal\/wp-json\/wp\/v2\/media?parent=56502"}],"wp:term":[{"taxonomy":"category","embeddable":true,"href":"https:\/\/www.lasrosas.com.ar\/portal\/wp-json\/wp\/v2\/categories?post=56502"},{"taxonomy":"post_tag","embeddable":true,"href":"https:\/\/www.lasrosas.com.ar\/portal\/wp-json\/wp\/v2\/tags?post=56502"}],"curies":[{"name":"wp","href":"https:\/\/api.w.org\/{rel}","templated":true}]}}