{"id":56498,"date":"2022-09-01T18:53:23","date_gmt":"2022-09-01T21:53:23","guid":{"rendered":"https:\/\/www.lasrosas.com.ar\/portal\/?p=56498"},"modified":"2022-09-01T19:05:25","modified_gmt":"2022-09-01T22:05:25","slug":"rosalia-hablo-sobre-shakira-en-su-concierto-en-bogota","status":"publish","type":"post","link":"https:\/\/www.lasrosas.com.ar\/portal\/rosalia-hablo-sobre-shakira-en-su-concierto-en-bogota\/","title":{"rendered":"ROSAL\u00cdA HABL\u00d3 SOBRE SHAKIRA EN SU CONCIERTO EN BOGOT\u00c1"},"content":{"rendered":"<p>La cantante espa\u00f1ola mencion\u00f3 a la artista colombiana en su m\u00e1s reciente show.<\/p>\n<p>Rosal\u00eda se encuentra de gira con su \u00abMotomami World Tour\u00bb, en el que la llevar\u00e1 a recorrer m\u00e1s de 12 pa\u00edses en todo el mundo.<\/p>\n<p>Hace unos d\u00edas, se present\u00f3 en el Movistar Arena de nuestro pa\u00eds, d\u00f3nde ofreci\u00f3 un concierto de primera calidad, desde la m\u00fasica en vivo hasta la puesta en escena, emocionando a todos sus fans.<\/p>\n<p>En su m\u00e1s reciente concierto en Bogot\u00e1, Colombia, la int\u00e9rprete de \u00abDespech\u00e1\u00bb, volvi\u00f3 a ganarse los elogios y aplausos del p\u00fablico que asisti\u00f3 a verla. Uno de los momentos m\u00e1s emocionantes del show fue cuando un fan\u00e1tico le entreg\u00f3 a la cantante un regalo que la conmovi\u00f3.<\/p>\n<blockquote class=\"twitter-tweet\">\n<p dir=\"ltr\" lang=\"en\">\u201cI got to say something. Since I was a little girl, I have loved this woman. I love her. She\u2019s always been an inspiration for me. I\u2019m gonna keep this with so much love.\u201d -Rosal\u00eda about Shakira during her concert tonight in Colombia, where Shakira is from. <a href=\"https:\/\/t.co\/eCuJUs2AGz\">pic.twitter.com\/eCuJUs2AGz<\/a><\/p>\n<p>\u2014 space dude (@thedeadpet) <a href=\"https:\/\/twitter.com\/thedeadpet\/status\/1565195285734768643?ref_src=twsrc%5Etfw\">September 1, 2022<\/a><\/p><\/blockquote>\n<p><script async src=\"https:\/\/platform.twitter.com\/widgets.js\" charset=\"utf-8\"><\/script><\/p>\n<p>El obsequio consist\u00eda en una remera blanca que ten\u00eda estampado el nombre de Shakira. Al recibir el presente, Rosal\u00eda no dud\u00f3 en agradecerlo y dedicarle algunas palabras a la artista colombiana.<\/p>\n<p>En el medio de una ola de euforia por parte del p\u00fablico, la espa\u00f1ola manifest\u00f3 su amor por la int\u00e9rprete de \u00abTe Felicito\u00bb y dijo: \u00abDesde peque\u00f1a, amo a esta mujer. La amo, es una referencia, as\u00ed que voy a guardar esto con mucho amor\u00bb.<\/p>\n<p>La motomami todav\u00eda tiene varios lugares pendientes que visitar\u00e1 con su \u00abMotomami World Tour\u00bb, a los que llevar\u00e1 toda su energ\u00eda y alegr\u00eda para brindar un espect\u00e1culo innolvidable.<\/p>\n<!-- AddThis Advanced Settings generic via filter on the_content --><!-- AddThis Share Buttons generic via filter on the_content -->","protected":false},"excerpt":{"rendered":"<p>La cantante espa\u00f1ola mencion\u00f3 a la artista colombiana en su m\u00e1s reciente show. Rosal\u00eda se encuentra de gira con su \u00abMotomami World Tour\u00bb, en el que la llevar\u00e1 a recorrer m\u00e1s de 12 pa\u00edses en todo el mundo. Hace unos d\u00edas, se present\u00f3 en el Movistar Arena de nuestro pa\u00eds, d\u00f3nde ofreci\u00f3 un concierto de [&hellip;]<!-- AddThis Advanced Settings generic via filter on get_the_excerpt --><!-- AddThis Share Buttons generic via filter on get_the_excerpt --><\/p>\n","protected":false},"author":6,"featured_media":56510,"comment_status":"closed","ping_status":"open","sticky":false,"template":"","format":"standard","meta":{"_acf_changed":false,"om_disable_all_campaigns":false,"_monsterinsights_skip_tracking":false,"_monsterinsights_sitenote_active":false,"_monsterinsights_sitenote_note":"","_monsterinsights_sitenote_category":0,"_uf_show_specific_survey":0,"_uf_disable_surveys":false,"footnotes":""},"categories":[100],"tags":[],"class_list":["post-56498","post","type-post","status-publish","format-standard","has-post-thumbnail","hentry","category-noticias"],"acf":[],"aioseo_notices":[],"_links":{"self":[{"href":"https:\/\/www.lasrosas.com.ar\/portal\/wp-json\/wp\/v2\/posts\/56498","targetHints":{"allow":["GET"]}}],"collection":[{"href":"https:\/\/www.lasrosas.com.ar\/portal\/wp-json\/wp\/v2\/posts"}],"about":[{"href":"https:\/\/www.lasrosas.com.ar\/portal\/wp-json\/wp\/v2\/types\/post"}],"author":[{"embeddable":true,"href":"https:\/\/www.lasrosas.com.ar\/portal\/wp-json\/wp\/v2\/users\/6"}],"replies":[{"embeddable":true,"href":"https:\/\/www.lasrosas.com.ar\/portal\/wp-json\/wp\/v2\/comments?post=56498"}],"version-history":[{"count":0,"href":"https:\/\/www.lasrosas.com.ar\/portal\/wp-json\/wp\/v2\/posts\/56498\/revisions"}],"wp:featuredmedia":[{"embeddable":true,"href":"https:\/\/www.lasrosas.com.ar\/portal\/wp-json\/wp\/v2\/media\/56510"}],"wp:attachment":[{"href":"https:\/\/www.lasrosas.com.ar\/portal\/wp-json\/wp\/v2\/media?parent=56498"}],"wp:term":[{"taxonomy":"category","embeddable":true,"href":"https:\/\/www.lasrosas.com.ar\/portal\/wp-json\/wp\/v2\/categories?post=56498"},{"taxonomy":"post_tag","embeddable":true,"href":"https:\/\/www.lasrosas.com.ar\/portal\/wp-json\/wp\/v2\/tags?post=56498"}],"curies":[{"name":"wp","href":"https:\/\/api.w.org\/{rel}","templated":true}]}}