{"id":56437,"date":"2022-08-31T19:28:51","date_gmt":"2022-08-31T22:28:51","guid":{"rendered":"https:\/\/www.lasrosas.com.ar\/portal\/?p=56437"},"modified":"2022-09-08T12:28:13","modified_gmt":"2022-09-08T15:28:13","slug":"existe-una-nueva-forma-de-vender-tu-auto-y-comprar-el-proximo","status":"publish","type":"post","link":"https:\/\/www.lasrosas.com.ar\/portal\/existe-una-nueva-forma-de-vender-tu-auto-y-comprar-el-proximo\/","title":{"rendered":"EXISTE UNA NUEVA FORMA DE VENDER TU AUTO Y COMPRAR EL PR\u00d3XIMO"},"content":{"rendered":"<p>En C\u00f3rdoba Eliana Ros, Br\u00f3ker de veh\u00edculos alta gama ya hace m\u00e1s de dos a\u00f1os que dise\u00f1o un negocio que brinda a sus clientes un servicio personalizado y exclusivo de venta y compra de veh\u00edculos del segmento ABC1.<\/p>\n<p>Con m\u00e1s de 12 a\u00f1os de experiencia en el rubro luego de su salida de Auto Munich, Concesionario Oficial BMW donde se desempe\u00f1aba como gerente comercial, emprendi\u00f3 un negocio que brinda a los usuarios de Veh\u00edculos de alta gama un servicio integral sostenido por una estructura digital que le permite comercializar cada producto sin que su due\u00f1o tengan que moverse de su casa y mejor a\u00fan sin que tenga que dejar de utilizarlo.<\/p>\n<p>Muchos o todos hoy necesitan vender su auto sin perder grandes sumas de dinero entregando su veh\u00edculo como parte de pago en un concesionario y menos quedarse sin movilidad hasta concretar la venta; por eso ELIANA ROS se convirti\u00f3 en el br\u00f3ker de muchas familias cordobesas recibiendo el compromiso de venta de su producto con el dise\u00f1o de varias herramientas digitales que permiten promocionarlo en todo el pa\u00eds.<\/p>\n<p>Un negocio que logra mayor rentabilidad para todas las partes, pero sobre todo comodidad, seguridad y rapidez para el empresario, profesional o trabajador que no tiene tiempo, no sabe o no puede dedicarse a la venta de su veh\u00edculo.<\/p>\n<p>Si bien hoy la empresa apunta a su segmento de mayor experiencia se est\u00e1 preparando para poder brindar el servicio a clientes que necesitan vender su auto o moto de gama intermedia.<\/p>\n<p>El proceso incluye la publicaci\u00f3n de los productos en una revista digital que llega a m\u00e1s de 6.000 clientes calificados y una vez que se vende el auto o moto te acompa\u00f1a en la compra del veh\u00edculo que buscas gracias a su red de contactos de usuarios, agencias de 0km y usados.<\/p>\n<p>130 productos del segmento Premium entre autos y motos ya fueron entregados bajo esta modalidad y se maneja un stock de 30 unidades por mes.<\/p>\n<!-- AddThis Advanced Settings generic via filter on the_content --><!-- AddThis Share Buttons generic via filter on the_content -->","protected":false},"excerpt":{"rendered":"<p>En C\u00f3rdoba Eliana Ros, Br\u00f3ker de veh\u00edculos alta gama ya hace m\u00e1s de dos a\u00f1os que dise\u00f1o un negocio que brinda a sus clientes un servicio personalizado y exclusivo de venta y compra de veh\u00edculos del segmento ABC1. Con m\u00e1s de 12 a\u00f1os de experiencia en el rubro luego de su salida de Auto Munich, [&hellip;]<!-- AddThis Advanced Settings generic via filter on get_the_excerpt --><!-- AddThis Share Buttons generic via filter on get_the_excerpt --><\/p>\n","protected":false},"author":6,"featured_media":56438,"comment_status":"closed","ping_status":"open","sticky":false,"template":"","format":"standard","meta":{"_acf_changed":false,"om_disable_all_campaigns":false,"_monsterinsights_skip_tracking":false,"_monsterinsights_sitenote_active":false,"_monsterinsights_sitenote_note":"","_monsterinsights_sitenote_category":0,"_uf_show_specific_survey":0,"_uf_disable_surveys":false,"footnotes":""},"categories":[100],"tags":[],"class_list":["post-56437","post","type-post","status-publish","format-standard","has-post-thumbnail","hentry","category-noticias"],"acf":[],"aioseo_notices":[],"_links":{"self":[{"href":"https:\/\/www.lasrosas.com.ar\/portal\/wp-json\/wp\/v2\/posts\/56437","targetHints":{"allow":["GET"]}}],"collection":[{"href":"https:\/\/www.lasrosas.com.ar\/portal\/wp-json\/wp\/v2\/posts"}],"about":[{"href":"https:\/\/www.lasrosas.com.ar\/portal\/wp-json\/wp\/v2\/types\/post"}],"author":[{"embeddable":true,"href":"https:\/\/www.lasrosas.com.ar\/portal\/wp-json\/wp\/v2\/users\/6"}],"replies":[{"embeddable":true,"href":"https:\/\/www.lasrosas.com.ar\/portal\/wp-json\/wp\/v2\/comments?post=56437"}],"version-history":[{"count":0,"href":"https:\/\/www.lasrosas.com.ar\/portal\/wp-json\/wp\/v2\/posts\/56437\/revisions"}],"wp:featuredmedia":[{"embeddable":true,"href":"https:\/\/www.lasrosas.com.ar\/portal\/wp-json\/wp\/v2\/media\/56438"}],"wp:attachment":[{"href":"https:\/\/www.lasrosas.com.ar\/portal\/wp-json\/wp\/v2\/media?parent=56437"}],"wp:term":[{"taxonomy":"category","embeddable":true,"href":"https:\/\/www.lasrosas.com.ar\/portal\/wp-json\/wp\/v2\/categories?post=56437"},{"taxonomy":"post_tag","embeddable":true,"href":"https:\/\/www.lasrosas.com.ar\/portal\/wp-json\/wp\/v2\/tags?post=56437"}],"curies":[{"name":"wp","href":"https:\/\/api.w.org\/{rel}","templated":true}]}}