{"id":56320,"date":"2022-08-26T13:48:20","date_gmt":"2022-08-26T16:48:20","guid":{"rendered":"https:\/\/www.lasrosas.com.ar\/portal\/?p=56320"},"modified":"2022-08-26T13:48:20","modified_gmt":"2022-08-26T16:48:20","slug":"karol-g-rechazo-una-propuesta-para-participar-en-aquaman","status":"publish","type":"post","link":"https:\/\/www.lasrosas.com.ar\/portal\/karol-g-rechazo-una-propuesta-para-participar-en-aquaman\/","title":{"rendered":"KAROL G RECHAZ\u00d3 UNA PROPUESTA PARA PARTICIPAR EN \u00abAQUAMAN\u00bb"},"content":{"rendered":"<p class=\"entradilla_superior\">La cantante colombiana rechaz\u00f3 a DC Comics y prioriz\u00f3 su carrera musical.<\/p>\n<p>Karol G\u00a0est\u00e1 en la cima de su carrera, sacando \u00e9xito tras \u00e9xito musical y que ahora, ha dejado impactado a todos sus fans al confesar que rechaz\u00f3 una oferta de\u00a0<strong>DC Comics<\/strong>.<\/p>\n<p>En una reciente entrevista, la cantante cont\u00f3 que la empresa le hizo una oferta para participar en la pr\u00f3xima pel\u00edcula de\u00a0<em>&#8216;Aquaman&#8217;,<\/em>\u00a0pero que ella no acept\u00f3 ya que decidi\u00f3 priorizar su carrera musical.<\/p>\n<p><strong>Karol G<\/strong>\u00a0expres\u00f3 en la nota:\u00a0<em>\u00abMe ofrecieron un papel para la pel\u00edcula de Aquaman, un papel super chulo, pero el compromiso era tan grande que me dio miedo dejarlo, tuve que dejar de hacer m\u00fasica durante ocho meses y lo primero es lo primero. Mi m\u00fasica es lo m\u00e1s importante ahora mismo, tuve que rechazar el papel. Me encantar\u00eda ser el malo de la pel\u00edcula\u00bb.<\/em><\/p>\n<p>Despu\u00e9s de m\u00e1s de 13 a\u00f1os en el \u00e1mbiente musical y ganarse un lugar en \u00e9l, la cantante prioriz\u00f3 su amor por la musica ya que no pod\u00eda ponerla en pausa por tanto tiempo.<\/p>\n<p>Sin embargo,\u00a0<strong>Karol<\/strong>\u00a0asegur\u00f3 que se sinti\u00f3 infinitamente agradecida por el ofrecimiento del papel y que sinti\u00f3 que pod\u00eda desempe\u00f1arse en \u00e9l. Pero que esta segura de que la decisi\u00f3n que tomo es la mejor y no se arrepiente de haberlo hecho.<\/p>\n<!-- AddThis Advanced Settings generic via filter on the_content --><!-- AddThis Share Buttons generic via filter on the_content -->","protected":false},"excerpt":{"rendered":"<p>La cantante colombiana rechaz\u00f3 a DC Comics y prioriz\u00f3 su carrera musical. Karol G\u00a0est\u00e1 en la cima de su carrera, sacando \u00e9xito tras \u00e9xito musical y que ahora, ha dejado impactado a todos sus fans al confesar que rechaz\u00f3 una oferta de\u00a0DC Comics. En una reciente entrevista, la cantante cont\u00f3 que la empresa le hizo [&hellip;]<!-- AddThis Advanced Settings generic via filter on get_the_excerpt --><!-- AddThis Share Buttons generic via filter on get_the_excerpt --><\/p>\n","protected":false},"author":6,"featured_media":56321,"comment_status":"closed","ping_status":"open","sticky":false,"template":"","format":"standard","meta":{"_acf_changed":false,"om_disable_all_campaigns":false,"_monsterinsights_skip_tracking":false,"_monsterinsights_sitenote_active":false,"_monsterinsights_sitenote_note":"","_monsterinsights_sitenote_category":0,"_uf_show_specific_survey":0,"_uf_disable_surveys":false,"footnotes":""},"categories":[100],"tags":[],"class_list":["post-56320","post","type-post","status-publish","format-standard","has-post-thumbnail","hentry","category-noticias"],"acf":[],"aioseo_notices":[],"_links":{"self":[{"href":"https:\/\/www.lasrosas.com.ar\/portal\/wp-json\/wp\/v2\/posts\/56320","targetHints":{"allow":["GET"]}}],"collection":[{"href":"https:\/\/www.lasrosas.com.ar\/portal\/wp-json\/wp\/v2\/posts"}],"about":[{"href":"https:\/\/www.lasrosas.com.ar\/portal\/wp-json\/wp\/v2\/types\/post"}],"author":[{"embeddable":true,"href":"https:\/\/www.lasrosas.com.ar\/portal\/wp-json\/wp\/v2\/users\/6"}],"replies":[{"embeddable":true,"href":"https:\/\/www.lasrosas.com.ar\/portal\/wp-json\/wp\/v2\/comments?post=56320"}],"version-history":[{"count":0,"href":"https:\/\/www.lasrosas.com.ar\/portal\/wp-json\/wp\/v2\/posts\/56320\/revisions"}],"wp:featuredmedia":[{"embeddable":true,"href":"https:\/\/www.lasrosas.com.ar\/portal\/wp-json\/wp\/v2\/media\/56321"}],"wp:attachment":[{"href":"https:\/\/www.lasrosas.com.ar\/portal\/wp-json\/wp\/v2\/media?parent=56320"}],"wp:term":[{"taxonomy":"category","embeddable":true,"href":"https:\/\/www.lasrosas.com.ar\/portal\/wp-json\/wp\/v2\/categories?post=56320"},{"taxonomy":"post_tag","embeddable":true,"href":"https:\/\/www.lasrosas.com.ar\/portal\/wp-json\/wp\/v2\/tags?post=56320"}],"curies":[{"name":"wp","href":"https:\/\/api.w.org\/{rel}","templated":true}]}}