{"id":56304,"date":"2022-08-26T13:06:38","date_gmt":"2022-08-26T16:06:38","guid":{"rendered":"https:\/\/www.lasrosas.com.ar\/portal\/?p=56304"},"modified":"2022-08-26T13:06:38","modified_gmt":"2022-08-26T16:06:38","slug":"demi-lovato-estrena-su-nueva-docu-serie-unidentified-with-demi-lovato","status":"publish","type":"post","link":"https:\/\/www.lasrosas.com.ar\/portal\/demi-lovato-estrena-su-nueva-docu-serie-unidentified-with-demi-lovato\/","title":{"rendered":"DEMI LOVATO ESTRENA SU NUEVA DOCU-SERIE \u201cUNIDENTIFIED WITH DEMI LOVATO\u201d"},"content":{"rendered":"<p><strong>EN EXCLUSIVA A TRAV\u00c9S DE E! ENTERTAINMENT<\/strong><\/p>\n<p><em>\u00a8Unidentified with Demi Lovato\u00a8 llega como una nueva serie sin gui\u00f3n que sigue a la estrella del pop Lovato, su esc\u00e9ptico mejor amigo Matthew y su hermana, Dallas, mientras intentan ayudar a descubrir la verdad sobre el fen\u00f3meno OVNI.<\/em><\/p>\n<p>La multipremiada y aclamada estrella mundial <strong>Demi Lovato<\/strong> <em>(The X Factor, Glee, Camp Rock, Zoolander 2) <\/em>llega el <strong>martes 30 de agosto a las 8pm (LATAM)<\/strong> con el estreno exclusivo de su nueva docu-serie <em>\u201cUnidentified with Demi Lovato\u201d<\/em> en exclusiva s\u00f3lo a trav\u00e9s de <strong>E! Entertainment <\/strong>para revelar su fascinaci\u00f3n por lo desconocido e intentar conectarse con seres de otro reino.<\/p>\n<p><strong><em>\u00a0<\/em><\/strong><strong>Demi Lovato<\/strong> llevar\u00e1 a la audiencia a un viaje profundo en busca de respuestas definitivas a algunas de las preguntas m\u00e1s importantes sobre la vida extraterrestre. Investigar\u00e1 encuentros extraterrestres con testigos presenciales recientes, descubrir\u00e1 informes secretos del gobierno y realizar\u00e1 pruebas en puntos estrat\u00e9gicos de ovnis con la esperanza de exponer la verdad.<\/p>\n<p>Acompa\u00f1ada por su mejor amigo Matthew Scott Montgomery y su hermana Dallas Lovato, <strong>Demi Lovato<\/strong>, que se declar\u00f3 no binaria a principios de este a\u00f1o, recorre California en una casa rodante para encontrarse con otros entusiastas de los ovnis, abducidos por extraterrestres y terapeutas especialistas en todo lo extraterrestre.<\/p>\n\r\n\t\t<style type='text\/css'>\r\n\t\t\t#gallery-1 {\r\n\t\t\t\tmargin: auto;\r\n\t\t\t}\r\n\t\t\t#gallery-1 .gallery-item {\r\n\t\t\t\tfloat: left;\r\n\t\t\t\tmargin-top: 10px;\r\n\t\t\t\ttext-align: center;\r\n\t\t\t\twidth: 33%;\r\n\t\t\t}\r\n\t\t\t#gallery-1 img {\r\n\t\t\t\tborder: 2px solid #cfcfcf;\r\n\t\t\t}\r\n\t\t\t#gallery-1 .gallery-caption {\r\n\t\t\t\tmargin-left: 0;\r\n\t\t\t}\r\n\t\t<\/style>\r\n\t\t<!-- see gallery_shortcode() in wp-includes\/media.php -->\n\t\t<div id='gallery-1' class='gallery galleryid-56304 gallery-columns-3 gallery-size-full gallery1'><script type=\"text\/javascript\">\r\n\/\/ <![CDATA[\r\n\tjQuery(document).ready(function () {\r\n\t\tjQuery(\".gallery1 a\").attr(\"rel\",\"gallery1\");\t\r\n\t\tjQuery('a[rel=\"gallery1\"]').colorbox({maxWidth:\"95%\", maxHeight:\"95%\",title: function(){ return jQuery(this).children().attr(\"alt\"); }, });\r\n\t});\r\n\/\/ ]]>\r\n<\/script>\n<dl class=\"gallery-item\">\n<dt class=\"gallery-icon\">\r\n<a href=\"https:\/\/www.lasrosas.com.ar\/portal\/wp-content\/uploads\/TV_UDL01_V3N03_0460-1920x1280.jpg\" title=\"\" rel=\"gallery1\"><img decoding=\"async\" data-src=\"https:\/\/www.lasrosas.com.ar\/portal\/wp-content\/uploads\/TV_UDL01_V3N03_0460.jpg\" width=\"3000\" height=\"2000\" alt=\"\" src=\"data:image\/svg+xml;base64,PHN2ZyB3aWR0aD0iMSIgaGVpZ2h0PSIxIiB4bWxucz0iaHR0cDovL3d3dy53My5vcmcvMjAwMC9zdmciPjwvc3ZnPg==\" class=\"lazyload\" style=\"--smush-placeholder-width: 3000px; --smush-placeholder-aspect-ratio: 3000\/2000;\" \/><\/a>\r\n<\/dt><\/dl><dl class=\"gallery-item\">\n<dt class=\"gallery-icon\">\r\n<a href=\"https:\/\/www.lasrosas.com.ar\/portal\/wp-content\/uploads\/TV_UDL01_V3N03_0369-1920x1280.jpg\" title=\"\" rel=\"gallery1\"><img decoding=\"async\" data-src=\"https:\/\/www.lasrosas.com.ar\/portal\/wp-content\/uploads\/TV_UDL01_V3N03_0369.jpg\" width=\"3000\" height=\"2000\" alt=\"\" src=\"data:image\/svg+xml;base64,PHN2ZyB3aWR0aD0iMSIgaGVpZ2h0PSIxIiB4bWxucz0iaHR0cDovL3d3dy53My5vcmcvMjAwMC9zdmciPjwvc3ZnPg==\" class=\"lazyload\" style=\"--smush-placeholder-width: 3000px; --smush-placeholder-aspect-ratio: 3000\/2000;\" \/><\/a>\r\n<\/dt><\/dl><dl class=\"gallery-item\">\n<dt class=\"gallery-icon\">\r\n<a href=\"https:\/\/www.lasrosas.com.ar\/portal\/wp-content\/uploads\/TV_UDL01_0090-1920x1280.jpg\" title=\"\" rel=\"gallery1\"><img decoding=\"async\" data-src=\"https:\/\/www.lasrosas.com.ar\/portal\/wp-content\/uploads\/TV_UDL01_0090.jpg\" width=\"3000\" height=\"2000\" alt=\"\" src=\"data:image\/svg+xml;base64,PHN2ZyB3aWR0aD0iMSIgaGVpZ2h0PSIxIiB4bWxucz0iaHR0cDovL3d3dy53My5vcmcvMjAwMC9zdmciPjwvc3ZnPg==\" class=\"lazyload\" style=\"--smush-placeholder-width: 3000px; --smush-placeholder-aspect-ratio: 3000\/2000;\" \/><\/a>\r\n<\/dt><\/dl><br style=\"clear: both\" \/>\r\n\t\t<\/div>\n\n<p>Como\u00a0<em>creyente<\/em> de los ovnis\u00a0desde que tiene uso de raz\u00f3n, Lovato busca que esta serie aleje las representaciones negativas sobre los extraterrestres. <em>\u201cYo tuve una experiencia personal paranormal en el parque nacional Joshua Tree, en California y mi objetivo con esta serie es descubrir qu\u00e9 ocurri\u00f3 realmente. \u00bfQu\u00e9 pasar\u00eda si los extraterrestres est\u00e1n aqu\u00ed con nosotros y s\u00f3lo est\u00e1n esperando que los contactemos\u00bb <\/em>afirm\u00f3 Demi sobre su nueva gran producci\u00f3n.<\/p>\n<p>La serie genera muchas preguntas: <em>\u00bfExisten los extraterrestres? \u00bfQu\u00e9 es exactamente la \u201chipnoterapia regresiva\u201d? \u00bfDescubriremos definitivamente en el transcurso de esta serie si Demi fue secuestrada por extraterrestres, o se trata m\u00e1s del viaje interno y emocional de la estrella?<\/em> Todo esto y m\u00e1s podr\u00e1 descubrir la audiencia a trav\u00e9s de esta nueva producci\u00f3n.<\/p>\n<p>Demi Lovato, mejor conocida por su paso en el mundo de la m\u00fasica, ahora lleva una de sus pasiones a la pantalla chica. La cantante ser\u00e1 la encargada de conducir esta nueva serie documental enfocada en demostrar si los extraterrestres de verdad existen.<\/p>\n<p><strong><em>\u00bfListo para acompa\u00f1ar a Demi en \u201cUnidentified with Demi Lavato\u201d? <\/em><\/strong><\/p>\n<p><strong><em>A partir del martes 30 de agosto a las 8pm (LATAM) solo por E! Entertainment<\/em><\/strong><\/p>\n<p><em>Facebook: Facebook.com\/Eonlinelatino<\/em><\/p>\n<p><em>Instagram: @Eonlinelatino<\/em><\/p>\n<p><em>Twitter: @Eonlinelatino<\/em><\/p>\n<p><em>YouTube: youtube.com\/eonlinelatinola<\/em><\/p>\n<p><a href=\"https:\/\/www.eonline.com\"><em>https:\/\/www.eonline.com<\/em><\/a><\/p>\n<!-- AddThis Advanced Settings generic via filter on the_content --><!-- AddThis Share Buttons generic via filter on the_content -->","protected":false},"excerpt":{"rendered":"<p>EN EXCLUSIVA A TRAV\u00c9S DE E! ENTERTAINMENT \u00a8Unidentified with Demi Lovato\u00a8 llega como una nueva serie sin gui\u00f3n que sigue a la estrella del pop Lovato, su esc\u00e9ptico mejor amigo Matthew y su hermana, Dallas, mientras intentan ayudar a descubrir la verdad sobre el fen\u00f3meno OVNI. La multipremiada y aclamada estrella mundial Demi Lovato (The [&hellip;]<!-- AddThis Advanced Settings generic via filter on get_the_excerpt --><!-- AddThis Share Buttons generic via filter on get_the_excerpt --><\/p>\n","protected":false},"author":6,"featured_media":56305,"comment_status":"closed","ping_status":"open","sticky":false,"template":"","format":"standard","meta":{"_acf_changed":false,"om_disable_all_campaigns":false,"_monsterinsights_skip_tracking":false,"_monsterinsights_sitenote_active":false,"_monsterinsights_sitenote_note":"","_monsterinsights_sitenote_category":0,"_uf_show_specific_survey":0,"_uf_disable_surveys":false,"footnotes":""},"categories":[100],"tags":[],"class_list":["post-56304","post","type-post","status-publish","format-standard","has-post-thumbnail","hentry","category-noticias"],"acf":[],"aioseo_notices":[],"_links":{"self":[{"href":"https:\/\/www.lasrosas.com.ar\/portal\/wp-json\/wp\/v2\/posts\/56304","targetHints":{"allow":["GET"]}}],"collection":[{"href":"https:\/\/www.lasrosas.com.ar\/portal\/wp-json\/wp\/v2\/posts"}],"about":[{"href":"https:\/\/www.lasrosas.com.ar\/portal\/wp-json\/wp\/v2\/types\/post"}],"author":[{"embeddable":true,"href":"https:\/\/www.lasrosas.com.ar\/portal\/wp-json\/wp\/v2\/users\/6"}],"replies":[{"embeddable":true,"href":"https:\/\/www.lasrosas.com.ar\/portal\/wp-json\/wp\/v2\/comments?post=56304"}],"version-history":[{"count":0,"href":"https:\/\/www.lasrosas.com.ar\/portal\/wp-json\/wp\/v2\/posts\/56304\/revisions"}],"wp:featuredmedia":[{"embeddable":true,"href":"https:\/\/www.lasrosas.com.ar\/portal\/wp-json\/wp\/v2\/media\/56305"}],"wp:attachment":[{"href":"https:\/\/www.lasrosas.com.ar\/portal\/wp-json\/wp\/v2\/media?parent=56304"}],"wp:term":[{"taxonomy":"category","embeddable":true,"href":"https:\/\/www.lasrosas.com.ar\/portal\/wp-json\/wp\/v2\/categories?post=56304"},{"taxonomy":"post_tag","embeddable":true,"href":"https:\/\/www.lasrosas.com.ar\/portal\/wp-json\/wp\/v2\/tags?post=56304"}],"curies":[{"name":"wp","href":"https:\/\/api.w.org\/{rel}","templated":true}]}}