{"id":56259,"date":"2022-08-25T13:24:58","date_gmt":"2022-08-25T16:24:58","guid":{"rendered":"https:\/\/www.lasrosas.com.ar\/portal\/?p=56259"},"modified":"2022-08-25T13:24:58","modified_gmt":"2022-08-25T16:24:58","slug":"el-esmaltado-semipermanente-dana-o-no-las-unas","status":"publish","type":"post","link":"https:\/\/www.lasrosas.com.ar\/portal\/el-esmaltado-semipermanente-dana-o-no-las-unas\/","title":{"rendered":"EL ESMALTADO SEMIPERMANENTE, \u00bfDA\u00d1A O NO LAS U\u00d1AS?"},"content":{"rendered":"<p>Hace que el esmalte dure por semanas y nos ayuda a lucir m\u00e1s prolijas. La pregunta es si mantener cubiertas durante tanto tiempo las u\u00f1as, puede tener alg\u00fan efecto negativo o no.<\/p>\n<p>El nail art nos ha conquistado y claro, que permanezca tan s\u00f3lo unos pocos d\u00edas es triste. Por eso, la alternativa es optar por el esmaltado semipermanente y lucir las u\u00f1as perfectas durante semanas. Sin embargo, a pesar de su larga duraci\u00f3n, muchos dermat\u00f3logos no las recomiendan asegurando que pueden tener efectos negativos no s\u00f3lo sobre nuestras u\u00f1as, sino tambi\u00e9n en nuestra piel en general.<\/p>\n<p>Consecuencias dermatol\u00f3gicas<\/p>\n<p>Los acrilatos son resinas que se encuentran presentes en la composici\u00f3n de los esmaltes de larga duraci\u00f3n. Y ante el contacto del esmalte con la piel, puede producir eczemas o lesiones, sobre todo si se es al\u00e9rgico. Por eso, los expertos recomiendas evitar este tipo de esmaltado, ya que a pesar de tener larga duraci\u00f3n, no es beneficioso para nuestra piel.<\/p>\n<p><img decoding=\"async\" class=\"wp-image-56261 aligncenter lazyload\" data-src=\"https:\/\/www.lasrosas.com.ar\/portal\/wp-content\/uploads\/WhatsApp-Image-2022-08-25-at-1.24.14-PM-1.jpeg\" alt=\"\" width=\"496\" height=\"883\" data-srcset=\"https:\/\/www.lasrosas.com.ar\/portal\/wp-content\/uploads\/WhatsApp-Image-2022-08-25-at-1.24.14-PM-1.jpeg 607w, https:\/\/www.lasrosas.com.ar\/portal\/wp-content\/uploads\/WhatsApp-Image-2022-08-25-at-1.24.14-PM-1-540x960.jpeg 540w\" data-sizes=\"(max-width: 496px) 100vw, 496px\" src=\"data:image\/svg+xml;base64,PHN2ZyB3aWR0aD0iMSIgaGVpZ2h0PSIxIiB4bWxucz0iaHR0cDovL3d3dy53My5vcmcvMjAwMC9zdmciPjwvc3ZnPg==\" style=\"--smush-placeholder-width: 496px; --smush-placeholder-aspect-ratio: 496\/883;\" \/><\/p>\n<p>Exposici\u00f3n UV<\/p>\n<p>A largo plazo, y si nos sometemos regularmente a hacernos este tipo de u\u00f1as esmaltadas, aparece el c\u00e1ncer de piel como uno de los efectos m\u00e1s preocupantes. \u00bfEs excesivo? Tal vez s\u00ed, pero la exposici\u00f3n de la radiaci\u00f3n ultravioleta es uno de los mayores causantes del c\u00e1ncer cut\u00e1neo. Y para sellar el esmalte se utilizan l\u00e1mparas UV. Por eso, los dermat\u00f3logos recomiendan la aplicaci\u00f3n de protector solar 20 minutos antes de su realizaci\u00f3n. Y no s\u00f3lo en las manos, sino tambi\u00e9n en brazos y cara.<\/p>\n<p>Esmalte semipermanente, \u00bfs\u00ed o no?<\/p>\n<p>Claro que esto no significa que nunca m\u00e1s vamos a esmaltarnos las u\u00f1as. La clave est\u00e1 en dejarlas respirar. \u00bfTenemos un evento, un viaje? Podemos aplicarlo, pero luego deber\u00e1n descansar por unas semanas para recuperar la salud de las u\u00f1as. Adem\u00e1s, es fundamental ir a lugares que sean serios y que usen buenos materiales. Lo barato sale caro y eso se aplica en todos los \u00f3rdenes, sobre todo en temas relacionados con la salud.<\/p>\n<!-- AddThis Advanced Settings generic via filter on the_content --><!-- AddThis Share Buttons generic via filter on the_content -->","protected":false},"excerpt":{"rendered":"<p>Hace que el esmalte dure por semanas y nos ayuda a lucir m\u00e1s prolijas. La pregunta es si mantener cubiertas durante tanto tiempo las u\u00f1as, puede tener alg\u00fan efecto negativo o no. El nail art nos ha conquistado y claro, que permanezca tan s\u00f3lo unos pocos d\u00edas es triste. Por eso, la alternativa es optar [&hellip;]<!-- AddThis Advanced Settings generic via filter on get_the_excerpt --><!-- AddThis Share Buttons generic via filter on get_the_excerpt --><\/p>\n","protected":false},"author":6,"featured_media":56260,"comment_status":"closed","ping_status":"open","sticky":false,"template":"","format":"standard","meta":{"_acf_changed":false,"om_disable_all_campaigns":false,"_monsterinsights_skip_tracking":false,"_monsterinsights_sitenote_active":false,"_monsterinsights_sitenote_note":"","_monsterinsights_sitenote_category":0,"_uf_show_specific_survey":0,"_uf_disable_surveys":false,"footnotes":""},"categories":[376,100],"tags":[],"class_list":["post-56259","post","type-post","status-publish","format-standard","has-post-thumbnail","hentry","category-lifestyle","category-noticias"],"acf":[],"aioseo_notices":[],"_links":{"self":[{"href":"https:\/\/www.lasrosas.com.ar\/portal\/wp-json\/wp\/v2\/posts\/56259","targetHints":{"allow":["GET"]}}],"collection":[{"href":"https:\/\/www.lasrosas.com.ar\/portal\/wp-json\/wp\/v2\/posts"}],"about":[{"href":"https:\/\/www.lasrosas.com.ar\/portal\/wp-json\/wp\/v2\/types\/post"}],"author":[{"embeddable":true,"href":"https:\/\/www.lasrosas.com.ar\/portal\/wp-json\/wp\/v2\/users\/6"}],"replies":[{"embeddable":true,"href":"https:\/\/www.lasrosas.com.ar\/portal\/wp-json\/wp\/v2\/comments?post=56259"}],"version-history":[{"count":0,"href":"https:\/\/www.lasrosas.com.ar\/portal\/wp-json\/wp\/v2\/posts\/56259\/revisions"}],"wp:featuredmedia":[{"embeddable":true,"href":"https:\/\/www.lasrosas.com.ar\/portal\/wp-json\/wp\/v2\/media\/56260"}],"wp:attachment":[{"href":"https:\/\/www.lasrosas.com.ar\/portal\/wp-json\/wp\/v2\/media?parent=56259"}],"wp:term":[{"taxonomy":"category","embeddable":true,"href":"https:\/\/www.lasrosas.com.ar\/portal\/wp-json\/wp\/v2\/categories?post=56259"},{"taxonomy":"post_tag","embeddable":true,"href":"https:\/\/www.lasrosas.com.ar\/portal\/wp-json\/wp\/v2\/tags?post=56259"}],"curies":[{"name":"wp","href":"https:\/\/api.w.org\/{rel}","templated":true}]}}