{"id":56196,"date":"2022-08-23T15:59:32","date_gmt":"2022-08-23T18:59:32","guid":{"rendered":"https:\/\/www.lasrosas.com.ar\/portal\/?p=56196"},"modified":"2022-08-23T15:59:32","modified_gmt":"2022-08-23T18:59:32","slug":"la-sirenita-todo-lo-que-debes-saber-del-proximo-remake-de-disney","status":"publish","type":"post","link":"https:\/\/www.lasrosas.com.ar\/portal\/la-sirenita-todo-lo-que-debes-saber-del-proximo-remake-de-disney\/","title":{"rendered":"\u00abLA SIRENITA\u00bb: TODO LO QUE DEBES SABER DEL PR\u00d3XIMO \u00abREMAKE\u00bb DE DISNEY"},"content":{"rendered":"<div class=\"BaseWrap-sc-UABmB BaseText-fETRLB SplitScreenContentHeaderDek-jsxlMD hkSZSE ehNFiE dstYXj\">Halle Bailey, la actriz protagonista, ha contado a trav\u00e9s de sus redes sociales que el rodaje ha llegado a su fin.<\/div>\n<div>\n<p>El anuncio de una nueva versi\u00f3n de acci\u00f3n real de\u00a0<em>La sirenita<\/em>\u00a0no estuvo exento de pol\u00e9mica.\u00a0Disney comunicaba en julio de 2019 que hab\u00eda encontrado en\u00a0<strong>Halle Bailey<\/strong>\u00a0a la actriz que volver\u00eda a dar vida a Ariel, el personaje que en el cl\u00e1sico animado de 1989 sirvi\u00f3 como protagonista de esta historia basada en el cuento de\u00a0<strong>Hans Christian Andersen<\/strong>. El revuelo estuvo causado por el hecho de que Bailey es afroamericana, algo que no gust\u00f3 a la habitual turba de las redes sociales. La actriz y la productora hicieron o\u00eddos sordos, la pel\u00edcula vio retrasado su rodaje por culpa de la pandemia y, finalmente, ha conseguido llegar a buen puerto unos meses despu\u00e9s de lo previsto. Una imagen en Instagram ha servido para confirmar el final de la grabaci\u00f3n y ver a la nueva Ariel. Te contamos todo lo que debes saber de la pel\u00edcula.<\/p>\n<p><img decoding=\"async\" class=\"wp-image-56198 aligncenter lazyload\" data-src=\"https:\/\/www.lasrosas.com.ar\/portal\/wp-content\/uploads\/WhatsApp-Image-2022-08-23-at-3.58.44-PM.jpeg\" alt=\"\" width=\"597\" height=\"896\" data-srcset=\"https:\/\/www.lasrosas.com.ar\/portal\/wp-content\/uploads\/WhatsApp-Image-2022-08-23-at-3.58.44-PM.jpeg 853w, https:\/\/www.lasrosas.com.ar\/portal\/wp-content\/uploads\/WhatsApp-Image-2022-08-23-at-3.58.44-PM-640x960.jpeg 640w\" data-sizes=\"(max-width: 597px) 100vw, 597px\" src=\"data:image\/svg+xml;base64,PHN2ZyB3aWR0aD0iMSIgaGVpZ2h0PSIxIiB4bWxucz0iaHR0cDovL3d3dy53My5vcmcvMjAwMC9zdmciPjwvc3ZnPg==\" style=\"--smush-placeholder-width: 597px; --smush-placeholder-aspect-ratio: 597\/896;\" \/><\/p>\n<p><strong>\u00bfQui\u00e9nes ser\u00e1n sus protagonistas?<\/strong><\/p>\n<p><strong>Halle Bailey<\/strong>\u00a0ser\u00e1 la encargada de dar vida a Ariel y su elecci\u00f3n no se ha hecho a la ligera. Como la propia actriz se encarg\u00f3 de contar durante el verano de 2019, pas\u00f3 un casting sobre una gran cantidad de aspirantes. Ten\u00eda entonces tan solo 18 a\u00f1os, pero no era una reci\u00e9n llegada al mundo del entretenimiento. Forma parte de la banda de R&amp;B\u00a0<strong>Chloe x Halle<\/strong>, uno de los fichajes de Parkwood, la discogr\u00e1fica de\u00a0<strong>Beyonc\u00e9<\/strong>, con la que ha cantado desde hace casi una d\u00e9cada. Bailey cumplir\u00e1 21 a\u00f1os en 2022, una fecha probable para que la pel\u00edcula llegue hasta las salas y el a\u00f1o en el que alcanzar\u00e1 la mayor\u00eda de edad en Estados Unidos.<\/p>\n<blockquote class=\"instagram-media\" style=\"background: #FFF; border: 0; border-radius: 3px; box-shadow: 0 0 1px 0 rgba(0,0,0,0.5),0 1px 10px 0 rgba(0,0,0,0.15); margin: 1px; max-width: 540px; min-width: 326px; padding: 0; width: calc(100% - 2px);\" data-instgrm-captioned=\"\" data-instgrm-permalink=\"https:\/\/www.instagram.com\/p\/CRPJUfWLLa1\/?utm_source=ig_embed&amp;utm_campaign=loading\" data-instgrm-version=\"14\">\n<div style=\"padding: 16px;\">\n<p>&nbsp;<\/p>\n<div style=\"display: flex; flex-direction: row; align-items: center;\">\n<div style=\"background-color: #f4f4f4; border-radius: 50%; flex-grow: 0; height: 40px; margin-right: 14px; width: 40px;\"><\/div>\n<div style=\"display: flex; flex-direction: column; flex-grow: 1; justify-content: center;\">\n<div style=\"background-color: #f4f4f4; border-radius: 4px; flex-grow: 0; height: 14px; margin-bottom: 6px; width: 100px;\"><\/div>\n<div style=\"background-color: #f4f4f4; border-radius: 4px; flex-grow: 0; height: 14px; width: 60px;\"><\/div>\n<\/div>\n<\/div>\n<div style=\"padding: 19% 0;\"><\/div>\n<div style=\"display: block; height: 50px; margin: 0 auto 12px; width: 50px;\"><\/div>\n<div style=\"padding-top: 8px;\">\n<div style=\"color: #3897f0; font-family: Arial,sans-serif; font-size: 14px; font-style: normal; font-weight: 550; line-height: 18px;\">Ver esta publicaci\u00f3n en Instagram<\/div>\n<\/div>\n<div style=\"padding: 12.5% 0;\"><\/div>\n<div style=\"display: flex; flex-direction: row; margin-bottom: 14px; align-items: center;\">\n<div>\n<div style=\"background-color: #f4f4f4; border-radius: 50%; height: 12.5px; width: 12.5px; transform: translateX(0px) translateY(7px);\"><\/div>\n<div style=\"background-color: #f4f4f4; height: 12.5px; transform: rotate(-45deg) translateX(3px) translateY(1px); width: 12.5px; flex-grow: 0; margin-right: 14px; margin-left: 2px;\"><\/div>\n<div style=\"background-color: #f4f4f4; border-radius: 50%; height: 12.5px; width: 12.5px; transform: translateX(9px) translateY(-18px);\"><\/div>\n<\/div>\n<div style=\"margin-left: 8px;\">\n<div style=\"background-color: #f4f4f4; border-radius: 50%; flex-grow: 0; height: 20px; width: 20px;\"><\/div>\n<div style=\"width: 0; height: 0; border-top: 2px solid transparent; border-left: 6px solid #f4f4f4; border-bottom: 2px solid transparent; transform: translateX(16px) translateY(-4px) rotate(30deg);\"><\/div>\n<\/div>\n<div style=\"margin-left: auto;\">\n<div style=\"width: 0px; border-top: 8px solid #F4F4F4; border-right: 8px solid transparent; transform: translateY(16px);\"><\/div>\n<div style=\"background-color: #f4f4f4; flex-grow: 0; height: 12px; width: 16px; transform: translateY(-4px);\"><\/div>\n<div style=\"width: 0; height: 0; border-top: 8px solid #F4F4F4; border-left: 8px solid transparent; transform: translateY(-4px) translateX(8px);\"><\/div>\n<\/div>\n<\/div>\n<div style=\"display: flex; flex-direction: column; flex-grow: 1; justify-content: center; margin-bottom: 24px;\">\n<div style=\"background-color: #f4f4f4; border-radius: 4px; flex-grow: 0; height: 14px; margin-bottom: 6px; width: 224px;\"><\/div>\n<div style=\"background-color: #f4f4f4; border-radius: 4px; flex-grow: 0; height: 14px; width: 144px;\"><\/div>\n<\/div>\n<p>&nbsp;<\/p>\n<p style=\"color: #c9c8cd; font-family: Arial,sans-serif; font-size: 14px; line-height: 17px; margin-bottom: 0; margin-top: 8px; overflow: hidden; padding: 8px 0 7px; text-align: center; text-overflow: ellipsis; white-space: nowrap;\"><a style=\"color: #c9c8cd; font-family: Arial,sans-serif; font-size: 14px; font-style: normal; font-weight: normal; line-height: 17px; text-decoration: none;\" href=\"https:\/\/www.instagram.com\/p\/CRPJUfWLLa1\/?utm_source=ig_embed&amp;utm_campaign=loading\" target=\"_blank\" rel=\"noopener\">Una publicaci\u00f3n compartida por Halle Bailey (@hallebailey)<\/a><\/p>\n<\/div>\n<\/blockquote>\n<p><script async src=\"\/\/www.instagram.com\/embed.js\"><\/script><\/p>\n<p>Adem\u00e1s de la actriz debutante, el reparto est\u00e1 plagado de grandes nombres en los papeles secundarios.\u00a0<strong>Melissa McCarthy<\/strong>\u00a0ser\u00e1 \u00darsula, la villana con tent\u00e1culos por piernas;\u00a0<strong>Javier Bardem<\/strong>\u00a0dar\u00e1 vida al rey Trit\u00f3n;\u00a0<strong>Jacob Tremblay<\/strong>\u00a0pondr\u00e1 voz al pez Flounders y\u00a0<strong>Awkwafina<\/strong>\u00a0lo har\u00e1 con la gaviota Scuttle. El papel del pr\u00edncipe Eric ha reca\u00eddo en una de las j\u00f3venes promesas de Hollywood,\u00a0<strong>Jonah-Hauer King<\/strong>.<\/p>\n<p><strong>\u00bfSobre qu\u00e9 tratar\u00e1 la nueva versi\u00f3n de &#8216;La sirenita&#8217;?<\/strong><\/p>\n<p>Lo m\u00e1s probable es que el\u00a0<em>remake<\/em>\u00a0de acci\u00f3n real de\u00a0<em>La sirenita<\/em>\u00a0siga la senda marcada por otros t\u00edtulos recientes de Disney como\u00a0<em>Aladdin<\/em>\u00a0o\u00a0<em>Mary Poppins<\/em>. Esto significa que la historia ser\u00e1 pr\u00e1cticamente igual a la que se pudo ver en el largometraje animado de 1989. El motivo no es otro que la presencia de\u00a0<strong>Ron Clements<\/strong>\u00a0y\u00a0<strong>John Musker<\/strong>\u00a0en los cr\u00e9ditos de la cinta, como guionistas. Ambos fueron los responsables del libreto de la primera versi\u00f3n, por lo que parece que la fidelidad a esta est\u00e1 asegurada.<\/p>\n<p>**<\/p>\n<p>El filme original contaba la historia de Ariel, una sirena que deseaba salir del mar para explorar el mundo en contra de los deseos de su padre, el rey Trit\u00f3n. Tambi\u00e9n hab\u00eda un romance en ciernes, con el pr\u00edncipe Eric, y una villana, \u00darsula, que buscaba quedarse con la melodiosa voz de la protagonista.<\/p>\n<p><strong>\u00bfQui\u00e9n la ha dirigido?<\/strong><\/p>\n<p>Ha sido\u00a0<strong>Rob Marshall<\/strong>\u00a0el encargado de llevar a cabo este largometraje. El cineasta tiene una gran legi\u00f3n de fans, pero tambi\u00e9n una cantidad importante de detractores.\u00a0<em>El regreso de Mary Poppins<\/em>,\u00a0<em>Into the Woods<\/em>,\u00a0<em>Chicago<\/em>\u00a0o\u00a0<em>Nine<\/em>\u00a0son pel\u00edculas excesivas, recargadas y de las que consiguen trasladarte por completo al universo propuesto por el director.<\/p>\n<p><strong>\u00bfSe puede ver el tr\u00e1iler?<\/strong><\/p>\n<p>Todav\u00eda no.<\/p>\n<p><strong>\u00bfCu\u00e1ndo se estrena?<\/strong><\/p>\n<p><em>La sirenita<\/em>\u00a0llegar\u00e1 a los cines el 26 de mayo de 2023.<\/p>\n<div>\n<div class=\"ConsumerMarketingUnitThemedWrapper-kkguSn begTBt consumer-marketing-unit consumer-marketing-unit--article-mid-content\" role=\"presentation\" aria-hidden=\"true\">\n<div class=\"journey-unit\"><em><strong>Esta noticia se public\u00f3 originalmente el 13 de julio de 2021.<\/strong><\/em><\/div>\n<\/div>\n<\/div>\n<\/div>\n<!-- AddThis Advanced Settings generic via filter on the_content --><!-- AddThis Share Buttons generic via filter on the_content -->","protected":false},"excerpt":{"rendered":"<p>Halle Bailey, la actriz protagonista, ha contado a trav\u00e9s de sus redes sociales que el rodaje ha llegado a su fin. El anuncio de una nueva versi\u00f3n de acci\u00f3n real de\u00a0La sirenita\u00a0no estuvo exento de pol\u00e9mica.\u00a0Disney comunicaba en julio de 2019 que hab\u00eda encontrado en\u00a0Halle Bailey\u00a0a la actriz que volver\u00eda a dar vida a Ariel, [&hellip;]<!-- AddThis Advanced Settings generic via filter on get_the_excerpt --><!-- AddThis Share Buttons generic via filter on get_the_excerpt --><\/p>\n","protected":false},"author":6,"featured_media":56197,"comment_status":"closed","ping_status":"open","sticky":false,"template":"","format":"standard","meta":{"_acf_changed":false,"om_disable_all_campaigns":false,"_monsterinsights_skip_tracking":false,"_monsterinsights_sitenote_active":false,"_monsterinsights_sitenote_note":"","_monsterinsights_sitenote_category":0,"_uf_show_specific_survey":0,"_uf_disable_surveys":false,"footnotes":""},"categories":[100],"tags":[],"class_list":["post-56196","post","type-post","status-publish","format-standard","has-post-thumbnail","hentry","category-noticias"],"acf":[],"aioseo_notices":[],"_links":{"self":[{"href":"https:\/\/www.lasrosas.com.ar\/portal\/wp-json\/wp\/v2\/posts\/56196","targetHints":{"allow":["GET"]}}],"collection":[{"href":"https:\/\/www.lasrosas.com.ar\/portal\/wp-json\/wp\/v2\/posts"}],"about":[{"href":"https:\/\/www.lasrosas.com.ar\/portal\/wp-json\/wp\/v2\/types\/post"}],"author":[{"embeddable":true,"href":"https:\/\/www.lasrosas.com.ar\/portal\/wp-json\/wp\/v2\/users\/6"}],"replies":[{"embeddable":true,"href":"https:\/\/www.lasrosas.com.ar\/portal\/wp-json\/wp\/v2\/comments?post=56196"}],"version-history":[{"count":0,"href":"https:\/\/www.lasrosas.com.ar\/portal\/wp-json\/wp\/v2\/posts\/56196\/revisions"}],"wp:featuredmedia":[{"embeddable":true,"href":"https:\/\/www.lasrosas.com.ar\/portal\/wp-json\/wp\/v2\/media\/56197"}],"wp:attachment":[{"href":"https:\/\/www.lasrosas.com.ar\/portal\/wp-json\/wp\/v2\/media?parent=56196"}],"wp:term":[{"taxonomy":"category","embeddable":true,"href":"https:\/\/www.lasrosas.com.ar\/portal\/wp-json\/wp\/v2\/categories?post=56196"},{"taxonomy":"post_tag","embeddable":true,"href":"https:\/\/www.lasrosas.com.ar\/portal\/wp-json\/wp\/v2\/tags?post=56196"}],"curies":[{"name":"wp","href":"https:\/\/api.w.org\/{rel}","templated":true}]}}