{"id":56034,"date":"2022-08-19T16:29:01","date_gmt":"2022-08-19T19:29:01","guid":{"rendered":"https:\/\/www.lasrosas.com.ar\/portal\/?p=56034"},"modified":"2022-08-19T16:29:01","modified_gmt":"2022-08-19T19:29:01","slug":"cande-tinelli-y-coti-se-casan","status":"publish","type":"post","link":"https:\/\/www.lasrosas.com.ar\/portal\/cande-tinelli-y-coti-se-casan\/","title":{"rendered":"CANDE TINELLI Y COTI SE CASAN"},"content":{"rendered":"<p>Lo confirm\u00f3 el popular cantante durante una entrevista. Adem\u00e1s revel\u00f3 en qu\u00e9 fecha ser\u00e1.<\/p>\n<p>El jueves estuvo marcado por confirmaciones de bodas. A la Manuel Urcera que dijo que tienen intenciones de pasar por el Registro Civil junto a Nicole Neumann, otra pareja sorprendi\u00f3 esta tarde. Se trata de<strong>\u00a0Coti Sorokin, quien revel\u00f3 que se casar\u00e1 con Cande Tinelli.<\/strong><\/p>\n<p>El anunci\u00f3 lo dio el cantante, despu\u00e9s que el cronista del programa Socios del espect\u00e1culo, expresara en una nota con el artista que \u00abtenemos casamiento, hay que meter presi\u00f3n ac\u00e1\u201d. Y ah\u00ed lleg\u00f3 la confirmaci\u00f3n.<\/p>\n<p>\u201cVa a haber casamiento, s\u00ed. Estamos cerca\u201d, le contest\u00f3.<\/p>\n<p>\u201c\u00bfEs el a\u00f1o que viene, 2023, tienen fecha, lo hablaron en alg\u00fan momento?\u201d, le consult\u00f3 el periodista para indagar m\u00e1s.<\/p>\n<p>\u201cS\u00ed. Todav\u00eda fecha no pero el a\u00f1o que viene seguro\u201d, respondi\u00f3 Coti.<\/p>\n<p>La consulta lleg\u00f3 luego para Cande Tinelli. \u201cPorque yo vi en las pel\u00edculas que el que lo pide es el pr\u00edncipe\u2026 no mentira, es un juego. Va a suceder cuando tenga que suceder\u201d, dijo la influencer.<\/p>\n<p>El tema se hab\u00eda tocado en el programa Canta Conmigo Ahora. All\u00ed Coti interpret\u00f3 un tema y sorprendi\u00f3 con su presentaci\u00f3n. \u00abEn el barrio me conocen como Coti, me insisti\u00f3 mucho mi novia, pero el que me anot\u00f3 fue mi suegro\u201d, brome\u00f3 en esa ocasi\u00f3n y luego hablaron sobre la posibilidad de casarse junto a su pareja.<\/p>\n<p>En el ciclo que conduce Marcelo Tinelli, Cande y Coti forman parte del jurado.<\/p>\n<!-- AddThis Advanced Settings generic via filter on the_content --><!-- AddThis Share Buttons generic via filter on the_content -->","protected":false},"excerpt":{"rendered":"<p>Lo confirm\u00f3 el popular cantante durante una entrevista. Adem\u00e1s revel\u00f3 en qu\u00e9 fecha ser\u00e1. El jueves estuvo marcado por confirmaciones de bodas. A la Manuel Urcera que dijo que tienen intenciones de pasar por el Registro Civil junto a Nicole Neumann, otra pareja sorprendi\u00f3 esta tarde. Se trata de\u00a0Coti Sorokin, quien revel\u00f3 que se casar\u00e1 [&hellip;]<!-- AddThis Advanced Settings generic via filter on get_the_excerpt --><!-- AddThis Share Buttons generic via filter on get_the_excerpt --><\/p>\n","protected":false},"author":6,"featured_media":56035,"comment_status":"closed","ping_status":"open","sticky":false,"template":"","format":"standard","meta":{"_acf_changed":false,"om_disable_all_campaigns":false,"_monsterinsights_skip_tracking":false,"_monsterinsights_sitenote_active":false,"_monsterinsights_sitenote_note":"","_monsterinsights_sitenote_category":0,"_uf_show_specific_survey":0,"_uf_disable_surveys":false,"footnotes":""},"categories":[100],"tags":[],"class_list":["post-56034","post","type-post","status-publish","format-standard","has-post-thumbnail","hentry","category-noticias"],"acf":[],"aioseo_notices":[],"_links":{"self":[{"href":"https:\/\/www.lasrosas.com.ar\/portal\/wp-json\/wp\/v2\/posts\/56034","targetHints":{"allow":["GET"]}}],"collection":[{"href":"https:\/\/www.lasrosas.com.ar\/portal\/wp-json\/wp\/v2\/posts"}],"about":[{"href":"https:\/\/www.lasrosas.com.ar\/portal\/wp-json\/wp\/v2\/types\/post"}],"author":[{"embeddable":true,"href":"https:\/\/www.lasrosas.com.ar\/portal\/wp-json\/wp\/v2\/users\/6"}],"replies":[{"embeddable":true,"href":"https:\/\/www.lasrosas.com.ar\/portal\/wp-json\/wp\/v2\/comments?post=56034"}],"version-history":[{"count":0,"href":"https:\/\/www.lasrosas.com.ar\/portal\/wp-json\/wp\/v2\/posts\/56034\/revisions"}],"wp:featuredmedia":[{"embeddable":true,"href":"https:\/\/www.lasrosas.com.ar\/portal\/wp-json\/wp\/v2\/media\/56035"}],"wp:attachment":[{"href":"https:\/\/www.lasrosas.com.ar\/portal\/wp-json\/wp\/v2\/media?parent=56034"}],"wp:term":[{"taxonomy":"category","embeddable":true,"href":"https:\/\/www.lasrosas.com.ar\/portal\/wp-json\/wp\/v2\/categories?post=56034"},{"taxonomy":"post_tag","embeddable":true,"href":"https:\/\/www.lasrosas.com.ar\/portal\/wp-json\/wp\/v2\/tags?post=56034"}],"curies":[{"name":"wp","href":"https:\/\/api.w.org\/{rel}","templated":true}]}}