{"id":55976,"date":"2022-08-18T15:31:42","date_gmt":"2022-08-18T18:31:42","guid":{"rendered":"https:\/\/www.lasrosas.com.ar\/portal\/?p=55976"},"modified":"2022-08-18T15:31:42","modified_gmt":"2022-08-18T18:31:42","slug":"nescafe-dolce-gusto-presenta-lungo-colombia-organico","status":"publish","type":"post","link":"https:\/\/www.lasrosas.com.ar\/portal\/nescafe-dolce-gusto-presenta-lungo-colombia-organico\/","title":{"rendered":"NESCAF\u00c9 DOLCE GUSTO PRESENTA LUNGO COLOMBIA ORG\u00c1NICO"},"content":{"rendered":"<p><i><span style=\"font-weight: 400;\">La marca lanza al mercado su primera variedad org\u00e1nica con certificaci\u00f3n LETIS y<\/span><\/i> <i><span style=\"font-weight: 400;\">reafirma su compromiso con el medio ambiente<\/span><\/i><i><span style=\"font-weight: 400;\">\u00a0<\/span><\/i><\/p>\n<p><span style=\"font-weight: 400;\">NESCAF\u00c9\u00ae Dolce Gusto\u00ae presenta Lungo Colombia Org\u00e1nico, la primera variedad certificada con el sello LETIS, reafirmando su compromiso con la sustentabilidad y el medio ambiente. Esta certificaci\u00f3n org\u00e1nica tiene como objetivo asegurar un sistema posible de manejo productivo que: respete los sistemas y los ciclos naturales, a la vez que preserve y mejore la salud de los ecosistemas, contribuya a alcanzar un alto grado de biodiversidad; y haga un uso responsable de la energ\u00eda y de los recursos naturales como el agua, el suelo, la materia org\u00e1nica y el aire.\u00a0<\/span><\/p>\n<p><img decoding=\"async\" class=\"aligncenter wp-image-55978 lazyload\" data-src=\"https:\/\/www.lasrosas.com.ar\/portal\/wp-content\/uploads\/Nescafe-Lungo-Colombia-1.jpg\" alt=\"\" width=\"654\" height=\"654\" data-srcset=\"https:\/\/www.lasrosas.com.ar\/portal\/wp-content\/uploads\/Nescafe-Lungo-Colombia-1.jpg 1200w, https:\/\/www.lasrosas.com.ar\/portal\/wp-content\/uploads\/Nescafe-Lungo-Colombia-1-960x960.jpg 960w\" data-sizes=\"(max-width: 654px) 100vw, 654px\" src=\"data:image\/svg+xml;base64,PHN2ZyB3aWR0aD0iMSIgaGVpZ2h0PSIxIiB4bWxucz0iaHR0cDovL3d3dy53My5vcmcvMjAwMC9zdmciPjwvc3ZnPg==\" style=\"--smush-placeholder-width: 654px; --smush-placeholder-aspect-ratio: 654\/654;\" \/><\/p>\n<p><b>NESCAF\u00c9\u00ae Dolce Gusto\u00ae Lungo Colombia Org\u00e1nico <\/b><span style=\"font-weight: 400;\">es un caf\u00e9 distintivo, proveniente de la tierra natural de las comunidades ind\u00edgenas de \u201cLas Tayronas\u201d en Sierra Nevada en Santa Marta, Colombia, considerada como una tierra sagrada y libre de cualquier producto qu\u00edmico desde hace siglos y, por lo tanto, perfecta para la agricultura org\u00e1nica.\u00a0<\/span><\/p>\n<p><span style=\"font-weight: 400;\">Esta variedad se distingue por ser un espresso largo refinado, con caf\u00e9 ar\u00e1bica puro, tostado, de cuerpo suave y con una intensidad 5. Tiene un aroma envolvente que combina notas sutiles de almendras tostadas, nuez moscada y cebada que, sin duda, deleitar\u00e1n al consumidor.<\/span><\/p>\n<p><span style=\"font-weight: 400;\">A trav\u00e9s de este lanzamiento, NESCAF\u00c9\u00ae Dolce Gusto\u00ae reafirma su apuesta por los productos org\u00e1nicos, entendiendo la importancia de producir alimentos medioambientalmente amigables, para mejorar la calidad de vida, hoy y para las futuras generaciones.\u00a0<\/span><\/p>\n<p><img decoding=\"async\" class=\"size-thumbnail wp-image-55977 aligncenter lazyload\" data-src=\"https:\/\/www.lasrosas.com.ar\/portal\/wp-content\/uploads\/Nescafe-Lungo-Colombia-2-640x480.jpg\" alt=\"\" width=\"640\" height=\"480\" src=\"data:image\/svg+xml;base64,PHN2ZyB3aWR0aD0iMSIgaGVpZ2h0PSIxIiB4bWxucz0iaHR0cDovL3d3dy53My5vcmcvMjAwMC9zdmciPjwvc3ZnPg==\" style=\"--smush-placeholder-width: 640px; --smush-placeholder-aspect-ratio: 640\/480;\" \/><\/p>\n<p><i><span style=\"font-weight: 400;\">\u201cEstamos orgullosos de haber desarrollado la primera variedad con certificaci\u00f3n Letis, ya que como marca tenemos el desaf\u00edo de reinventarnos, satisfacer todos los gustos de nuestros consumidores y, adem\u00e1s, mejorar las pr\u00e1cticas y formas de trabajo con el objetivo de proteger el medio ambiente, para nosotros y generaciones futuras<\/span><\/i><span style=\"font-weight: 400;\">\u201d, expresa <\/span><b>Sol Fern\u00e1ndez Ballart, Directora del Negocio de Nescaf\u00e9 y Nescaf\u00e9 Dolce Gusto<\/b><span style=\"font-weight: 400;\">.\u00a0<\/span><\/p>\n<p><b>#DolceGustoOrg\u00e1nico\u00a0<\/b><\/p>\n<p><span style=\"font-weight: 400;\">@nescafedolcegustoar<\/span><span style=\"font-weight: 400;\">\u00a0<\/span><\/p>\n<!-- AddThis Advanced Settings generic via filter on the_content --><!-- AddThis Share Buttons generic via filter on the_content -->","protected":false},"excerpt":{"rendered":"<p>La marca lanza al mercado su primera variedad org\u00e1nica con certificaci\u00f3n LETIS y reafirma su compromiso con el medio ambiente\u00a0 NESCAF\u00c9\u00ae Dolce Gusto\u00ae presenta Lungo Colombia Org\u00e1nico, la primera variedad certificada con el sello LETIS, reafirmando su compromiso con la sustentabilidad y el medio ambiente. Esta certificaci\u00f3n org\u00e1nica tiene como objetivo asegurar un sistema posible [&hellip;]<!-- AddThis Advanced Settings generic via filter on get_the_excerpt --><!-- AddThis Share Buttons generic via filter on get_the_excerpt --><\/p>\n","protected":false},"author":6,"featured_media":55977,"comment_status":"closed","ping_status":"open","sticky":false,"template":"","format":"standard","meta":{"_acf_changed":false,"om_disable_all_campaigns":false,"_monsterinsights_skip_tracking":false,"_monsterinsights_sitenote_active":false,"_monsterinsights_sitenote_note":"","_monsterinsights_sitenote_category":0,"_uf_show_specific_survey":0,"_uf_disable_surveys":false,"footnotes":""},"categories":[100],"tags":[],"class_list":["post-55976","post","type-post","status-publish","format-standard","has-post-thumbnail","hentry","category-noticias"],"acf":[],"aioseo_notices":[],"_links":{"self":[{"href":"https:\/\/www.lasrosas.com.ar\/portal\/wp-json\/wp\/v2\/posts\/55976","targetHints":{"allow":["GET"]}}],"collection":[{"href":"https:\/\/www.lasrosas.com.ar\/portal\/wp-json\/wp\/v2\/posts"}],"about":[{"href":"https:\/\/www.lasrosas.com.ar\/portal\/wp-json\/wp\/v2\/types\/post"}],"author":[{"embeddable":true,"href":"https:\/\/www.lasrosas.com.ar\/portal\/wp-json\/wp\/v2\/users\/6"}],"replies":[{"embeddable":true,"href":"https:\/\/www.lasrosas.com.ar\/portal\/wp-json\/wp\/v2\/comments?post=55976"}],"version-history":[{"count":0,"href":"https:\/\/www.lasrosas.com.ar\/portal\/wp-json\/wp\/v2\/posts\/55976\/revisions"}],"wp:featuredmedia":[{"embeddable":true,"href":"https:\/\/www.lasrosas.com.ar\/portal\/wp-json\/wp\/v2\/media\/55977"}],"wp:attachment":[{"href":"https:\/\/www.lasrosas.com.ar\/portal\/wp-json\/wp\/v2\/media?parent=55976"}],"wp:term":[{"taxonomy":"category","embeddable":true,"href":"https:\/\/www.lasrosas.com.ar\/portal\/wp-json\/wp\/v2\/categories?post=55976"},{"taxonomy":"post_tag","embeddable":true,"href":"https:\/\/www.lasrosas.com.ar\/portal\/wp-json\/wp\/v2\/tags?post=55976"}],"curies":[{"name":"wp","href":"https:\/\/api.w.org\/{rel}","templated":true}]}}