{"id":55916,"date":"2022-08-17T15:29:22","date_gmt":"2022-08-17T18:29:22","guid":{"rendered":"https:\/\/www.lasrosas.com.ar\/portal\/?p=55916"},"modified":"2022-08-17T15:29:22","modified_gmt":"2022-08-17T18:29:22","slug":"joe-jonas-habla-de-sus-retoques-esteticos","status":"publish","type":"post","link":"https:\/\/www.lasrosas.com.ar\/portal\/joe-jonas-habla-de-sus-retoques-esteticos\/","title":{"rendered":"JOE JONAS HABLA DE SUS RETOQUES EST\u00c9TICOS"},"content":{"rendered":"<p><strong>El mediano de los Jonas Brothers lo ha dejado claro: basta de tab\u00faes, el cuidado facial y el maquillaje no tienen g\u00e9nero.<\/strong><\/p>\n<p>Estamos en una \u00e9poca de\u00a0<strong>romper tab\u00faes<\/strong>\u00a0y de hablar abiertamente sobre todo aquello que hasta ahora parec\u00eda tener que ocultarse. Estamos en una \u00e9poca en la que esos moldes r\u00edgidos y estereotipos se est\u00e1n resquebrajando. Y se est\u00e1 consiguiendo a base de peque\u00f1os gestos que, cuando proceden de mucha gente y se acumulan, hacen una gran monta\u00f1a. Un claro ejemplo es\u00a0Harry Styles, quien a d\u00eda de hoy es considerado una de las estrellas m\u00e1s atractivas del panorama. Y lo es siendo \u00e9l mismo al cien por cien, lo que implica\u00a0<strong>no ce\u00f1irse a los c\u00e1nones de masculinidad tradicionales<\/strong>. El \u00faltimo en sumarse a la lista de famosos cansados de los prejuicios ha sido\u00a0<strong>Joe Jonas<\/strong>.<\/p>\n<p>En cuestiones de\u00a0<strong>retoques est\u00e9ticos<\/strong>, no podemos dejar de hablar de la cantante Anitta, que siempre ha sido muy sincera al respecto, al contrario que otras personalidades como Ben Affleck o Zac Efron.\u00a0<strong>Seguir una rutina facial<\/strong>, por la ma\u00f1ana y por la noche, para cuidar con mimo nuestra piel, o procurar hidratar el pelo para que se vea sano y brillante, han sido siempre\u00a0<strong>h\u00e1bitos asociados a lo femenino<\/strong>, algo que hac\u00edan las mujeres para procurar \u2018lucir guapas\u2019. Pero, en cuesti\u00f3n de salud y de cuidados, \u00bfno se aplica igualmente tanto para mujeres como para hombres? El mediano de los Jonas Brothers ha entrado en escena para\u00a0<strong>contribuir a que estos estereotipos queden en el pasado<\/strong>.<\/p>\n<p><img decoding=\"async\" class=\"aligncenter wp-image-55918 size-full lazyload\" data-src=\"https:\/\/www.lasrosas.com.ar\/portal\/wp-content\/uploads\/joe-jonas-rompe-tabu-es-de-masculinidad-tradicionales-1660735803.jpg\" alt=\"\" width=\"640\" height=\"960\" src=\"data:image\/svg+xml;base64,PHN2ZyB3aWR0aD0iMSIgaGVpZ2h0PSIxIiB4bWxucz0iaHR0cDovL3d3dy53My5vcmcvMjAwMC9zdmciPjwvc3ZnPg==\" style=\"--smush-placeholder-width: 640px; --smush-placeholder-aspect-ratio: 640\/960;\" \/><\/p>\n<p>En una entrevista para la revista \u2018People\u2019, el cantante de 33 a\u00f1os se ha sincerado sobre su uso de cosm\u00e9ticos inyectables. \u201c<strong>No creo que sea algo de lo que tengamos que sentirnos avergonzados<\/strong>\u201d, comenz\u00f3 defendiendo el artista. \u201cPodemos ser abiertos y honestos al respecto, adem\u00e1s de tener confianza y no temer decir la verdad sobre nosotros mismos\u201d, ha declarado, a\u00f1adiendo que \u00e9l \u201cse preocupa mucho por lo que pone en su cuerpo\u201d.<\/p>\n<p>Recientemente, Joe ha comenzado a colaborar con una marca de cosm\u00e9ticos de dicha \u00edndole, y ha admitido que \u00e9l mismo\u00a0<strong>los ha utilizado para suavizar las l\u00edneas de expresi\u00f3n en las zonas del ce\u00f1o y para disminuir la marca de una cicatriz<\/strong>. \u201cMe gust\u00f3 que aliviara la zona un poco, era como \u2018vale, queda bien y no es demasiado excesivo para mi gusto. Es muy sutil\u2019\u201d, coment\u00f3 al respecto. No ha tenido reparos en sincerarse sobre c\u00f3mo estaba viviendo el paso de los a\u00f1os y c\u00f3mo esas inyecciones faciales le han proporcionado mucha m\u00e1s confianza en s\u00ed mismo.<\/p>\n<p>Pero Joe Jonas no se ha quedado ah\u00ed, y ha continuado su mensaje sincer\u00e1ndose sobre\u00a0<strong>el tab\u00fa en torno a la cosm\u00e9tica masculina y el maquillaje<\/strong>. \u201cHay este tipo de conversaci\u00f3n en el que en alg\u00fan momento se dice \u2018Oh, los hombres no pueden hacer esto o es raro para los chicos hacer esto otro\u2019, y creo que es un estigma que est\u00e1 desapareciendo, y eso me gusta\u201d, a\u00f1adi\u00f3. S\u00ed, lo puede decir m\u00e1s alto, pero no m\u00e1s claro. \u201c<strong>Los chicos cada vez llevan m\u00e1s maquillaje<\/strong>, y es algo genial de ver\u201d, ha continuado, destacando que siente que vivimos en una \u201cpreciosa generaci\u00f3n\u201d.<\/p>\n<p>A\u00fan as\u00ed, Joe ha querido tambi\u00e9n hablar de otros puntos no tan positivos, porque para \u00e9l el cuidado de la piel y del pelo no siempre han sido tan f\u00e1cil, sino que lo ha facilitado el hecho de\u00a0<strong>rodearse con personas que no perpetuaban dichos estereotipos<\/strong>. Al contrario: lo animaban a ser quien quisiera, ya fuera pint\u00e1ndose las u\u00f1as como llevando cualquier tipo de ropa, si con ello se sent\u00eda c\u00f3modo y feliz consigo mismo.<\/p>\n<!-- AddThis Advanced Settings generic via filter on the_content --><!-- AddThis Share Buttons generic via filter on the_content -->","protected":false},"excerpt":{"rendered":"<p>El mediano de los Jonas Brothers lo ha dejado claro: basta de tab\u00faes, el cuidado facial y el maquillaje no tienen g\u00e9nero. Estamos en una \u00e9poca de\u00a0romper tab\u00faes\u00a0y de hablar abiertamente sobre todo aquello que hasta ahora parec\u00eda tener que ocultarse. Estamos en una \u00e9poca en la que esos moldes r\u00edgidos y estereotipos se est\u00e1n [&hellip;]<!-- AddThis Advanced Settings generic via filter on get_the_excerpt --><!-- AddThis Share Buttons generic via filter on get_the_excerpt --><\/p>\n","protected":false},"author":6,"featured_media":55917,"comment_status":"closed","ping_status":"open","sticky":false,"template":"","format":"standard","meta":{"_acf_changed":false,"om_disable_all_campaigns":false,"_monsterinsights_skip_tracking":false,"_monsterinsights_sitenote_active":false,"_monsterinsights_sitenote_note":"","_monsterinsights_sitenote_category":0,"_uf_show_specific_survey":0,"_uf_disable_surveys":false,"footnotes":""},"categories":[376,100],"tags":[],"class_list":["post-55916","post","type-post","status-publish","format-standard","has-post-thumbnail","hentry","category-lifestyle","category-noticias"],"acf":[],"aioseo_notices":[],"_links":{"self":[{"href":"https:\/\/www.lasrosas.com.ar\/portal\/wp-json\/wp\/v2\/posts\/55916","targetHints":{"allow":["GET"]}}],"collection":[{"href":"https:\/\/www.lasrosas.com.ar\/portal\/wp-json\/wp\/v2\/posts"}],"about":[{"href":"https:\/\/www.lasrosas.com.ar\/portal\/wp-json\/wp\/v2\/types\/post"}],"author":[{"embeddable":true,"href":"https:\/\/www.lasrosas.com.ar\/portal\/wp-json\/wp\/v2\/users\/6"}],"replies":[{"embeddable":true,"href":"https:\/\/www.lasrosas.com.ar\/portal\/wp-json\/wp\/v2\/comments?post=55916"}],"version-history":[{"count":0,"href":"https:\/\/www.lasrosas.com.ar\/portal\/wp-json\/wp\/v2\/posts\/55916\/revisions"}],"wp:featuredmedia":[{"embeddable":true,"href":"https:\/\/www.lasrosas.com.ar\/portal\/wp-json\/wp\/v2\/media\/55917"}],"wp:attachment":[{"href":"https:\/\/www.lasrosas.com.ar\/portal\/wp-json\/wp\/v2\/media?parent=55916"}],"wp:term":[{"taxonomy":"category","embeddable":true,"href":"https:\/\/www.lasrosas.com.ar\/portal\/wp-json\/wp\/v2\/categories?post=55916"},{"taxonomy":"post_tag","embeddable":true,"href":"https:\/\/www.lasrosas.com.ar\/portal\/wp-json\/wp\/v2\/tags?post=55916"}],"curies":[{"name":"wp","href":"https:\/\/api.w.org\/{rel}","templated":true}]}}