{"id":55884,"date":"2022-08-16T15:52:38","date_gmt":"2022-08-16T18:52:38","guid":{"rendered":"https:\/\/www.lasrosas.com.ar\/portal\/?p=55884"},"modified":"2022-08-16T15:52:38","modified_gmt":"2022-08-16T18:52:38","slug":"puma-y-dua-lipa-presentan-el-segundo-drop-de-flutur-coleccion-que-reivindica-el-estilo-de-la-vieja-escuela","status":"publish","type":"post","link":"https:\/\/www.lasrosas.com.ar\/portal\/puma-y-dua-lipa-presentan-el-segundo-drop-de-flutur-coleccion-que-reivindica-el-estilo-de-la-vieja-escuela\/","title":{"rendered":"PUMA Y DUA LIPA PRESENTAN EL SEGUNDO DROP DE FLUTUR,\u00a0COLECCI\u00d3N QUE REIVINDICA EL ESTILO DE LA VIEJA ESCUELA"},"content":{"rendered":"<p style=\"font-weight: 400;\">PUMA y Dua Lipa, unen fuerzas nuevamente a trav\u00e9s de un segundo lanzamiento en colaboraci\u00f3n. La colecci\u00f3n\u00a0Flutur\u00a0llega a las calles para continuar uniendo la moda con la m\u00fasica y un estilo retro que hoy est\u00e1 m\u00e1s vigente que nunca.<\/p>\n<p style=\"font-weight: 400;\">La est\u00e9tica retro de Flutur se anima a los colores brillantes y siluetas atrevidas, inspiradas en la cultura rave. Los looks se caracterizan por sus tonos vivos y detalles hologr\u00e1ficos que se traducen en tops a rayas y conjuntos deportivos de influencia setentosa. La paleta de color que predomina en esta colecci\u00f3n abarca el rosa, el violeta y el naranja, que hacen juego con la ropa, calzado y accesorios.<\/p>\n<p style=\"font-weight: 400;\">El \u00edcono de la mariposa ocupa un lugar central tanto en la colecci\u00f3n como en la vida de la cantante brit\u00e1nica. Inspirado en detalles rave del pasado, este gr\u00e1fico representa la metamorfosis creativa de Dua Lipa a trav\u00e9s de los a\u00f1os, as\u00ed como su transici\u00f3n y nuevos comienzos en la m\u00fasica. La mariposa comparte espacio con la cl\u00e1sica insignia de PUMA en la mayor\u00eda de las prendas simbolizando la uni\u00f3n entre la artista y la marca, que cada vez es m\u00e1s fuerte.<\/p>\n<p style=\"font-weight: 400;\"><img decoding=\"async\" class=\"aligncenter wp-image-55885 size-full lazyload\" data-src=\"https:\/\/www.lasrosas.com.ar\/portal\/wp-content\/uploads\/image-12.png\" alt=\"\" width=\"414\" height=\"262\" src=\"data:image\/svg+xml;base64,PHN2ZyB3aWR0aD0iMSIgaGVpZ2h0PSIxIiB4bWxucz0iaHR0cDovL3d3dy53My5vcmcvMjAwMC9zdmciPjwvc3ZnPg==\" style=\"--smush-placeholder-width: 414px; --smush-placeholder-aspect-ratio: 414\/262;\" \/><\/p>\n<p style=\"font-weight: 400;\">\u201c<em>Cuando empec\u00e9 a trabajar en el primer drop de la colecci\u00f3n, sent\u00ed que la mariposa ya ten\u00eda un gran significado para m\u00ed. Ahora, al lanzar la segunda entrega, ese significado tom\u00f3 fuerza y se volvi\u00f3 a\u00fan m\u00e1s importante en mi vida. Parece que todo progres\u00f3 y fue tomando el rumbo que deb\u00eda\u201d<\/em>\u00a0expres\u00f3 Dua Lipa sobre esta colecci\u00f3n que le permite conectar con sus comienzos.<\/p>\n<p style=\"font-weight: 400;\">La colecci\u00f3n incluye \u00edtems entre los que destacan el conjunto deportivo T7 y las exclusivas CELL Dome King, creadas por Dua. La visi\u00f3n de esta diva del pop se tradujo en prendas Unisex que apelan a la nostalgia de las d\u00e9cadas pasadas, listas para lucir en cualquier evento sin perder la comodidad ni la silueta. La oferta completa de calzado incluye modelos como CELL Dome King y Mayze y Mayze Boot. Para este drop, la diva internacional del pop trabaj\u00f3 de cerca con Billy Walsh, compositor, dise\u00f1ador y colaborador de PUMA desde hace mucho tiempo, juntos estos artistas crearon una colecci\u00f3n que pisar\u00e1 fuerte esta primavera.<\/p>\n<p><img decoding=\"async\" class=\"size-full wp-image-55886 aligncenter lazyload\" data-src=\"https:\/\/www.lasrosas.com.ar\/portal\/wp-content\/uploads\/image-1-7.png\" alt=\"\" width=\"619\" height=\"408\" src=\"data:image\/svg+xml;base64,PHN2ZyB3aWR0aD0iMSIgaGVpZ2h0PSIxIiB4bWxucz0iaHR0cDovL3d3dy53My5vcmcvMjAwMC9zdmciPjwvc3ZnPg==\" style=\"--smush-placeholder-width: 619px; --smush-placeholder-aspect-ratio: 619\/408;\" \/><\/p>\n<p style=\"font-weight: 400;\">Una vez m\u00e1s, la moda y la m\u00fasica se fusionan para reivindicar una de las\u00a0tendencias\u00a0favoritas del streetwear.\u00a0Dua Lipa y PUMA nuevamente unieron fuerzas para transmitir un mensaje alentador hacia las nuevas generaciones que se encuentran en la b\u00fasqueda de una identidad y estilo propio.<\/p>\n<p style=\"font-weight: 400;\">La colecci\u00f3n\u00a0Flutur\u00a0se encuentra disponible desde el\u00a015 de agosto\u00a0en\u00a0<a href=\"https:\/\/ar.puma.com\/\" data-saferedirecturl=\"https:\/\/www.google.com\/url?q=https:\/\/ar.puma.com\/&amp;source=gmail&amp;ust=1660761423537000&amp;usg=AOvVaw2FyD1uVzmV1Z9Y2DXG8jVg\">PUMA.COM<\/a>.<\/p>\n<!-- AddThis Advanced Settings generic via filter on the_content --><!-- AddThis Share Buttons generic via filter on the_content -->","protected":false},"excerpt":{"rendered":"<p>PUMA y Dua Lipa, unen fuerzas nuevamente a trav\u00e9s de un segundo lanzamiento en colaboraci\u00f3n. La colecci\u00f3n\u00a0Flutur\u00a0llega a las calles para continuar uniendo la moda con la m\u00fasica y un estilo retro que hoy est\u00e1 m\u00e1s vigente que nunca. La est\u00e9tica retro de Flutur se anima a los colores brillantes y siluetas atrevidas, inspiradas en [&hellip;]<!-- AddThis Advanced Settings generic via filter on get_the_excerpt --><!-- AddThis Share Buttons generic via filter on get_the_excerpt --><\/p>\n","protected":false},"author":6,"featured_media":55887,"comment_status":"closed","ping_status":"open","sticky":false,"template":"","format":"standard","meta":{"_acf_changed":false,"om_disable_all_campaigns":false,"_monsterinsights_skip_tracking":false,"_monsterinsights_sitenote_active":false,"_monsterinsights_sitenote_note":"","_monsterinsights_sitenote_category":0,"_uf_show_specific_survey":0,"_uf_disable_surveys":false,"footnotes":""},"categories":[240,100],"tags":[],"class_list":["post-55884","post","type-post","status-publish","format-standard","has-post-thumbnail","hentry","category-gc1","category-noticias"],"acf":[],"aioseo_notices":[],"_links":{"self":[{"href":"https:\/\/www.lasrosas.com.ar\/portal\/wp-json\/wp\/v2\/posts\/55884","targetHints":{"allow":["GET"]}}],"collection":[{"href":"https:\/\/www.lasrosas.com.ar\/portal\/wp-json\/wp\/v2\/posts"}],"about":[{"href":"https:\/\/www.lasrosas.com.ar\/portal\/wp-json\/wp\/v2\/types\/post"}],"author":[{"embeddable":true,"href":"https:\/\/www.lasrosas.com.ar\/portal\/wp-json\/wp\/v2\/users\/6"}],"replies":[{"embeddable":true,"href":"https:\/\/www.lasrosas.com.ar\/portal\/wp-json\/wp\/v2\/comments?post=55884"}],"version-history":[{"count":0,"href":"https:\/\/www.lasrosas.com.ar\/portal\/wp-json\/wp\/v2\/posts\/55884\/revisions"}],"wp:featuredmedia":[{"embeddable":true,"href":"https:\/\/www.lasrosas.com.ar\/portal\/wp-json\/wp\/v2\/media\/55887"}],"wp:attachment":[{"href":"https:\/\/www.lasrosas.com.ar\/portal\/wp-json\/wp\/v2\/media?parent=55884"}],"wp:term":[{"taxonomy":"category","embeddable":true,"href":"https:\/\/www.lasrosas.com.ar\/portal\/wp-json\/wp\/v2\/categories?post=55884"},{"taxonomy":"post_tag","embeddable":true,"href":"https:\/\/www.lasrosas.com.ar\/portal\/wp-json\/wp\/v2\/tags?post=55884"}],"curies":[{"name":"wp","href":"https:\/\/api.w.org\/{rel}","templated":true}]}}