{"id":55776,"date":"2022-08-12T13:06:36","date_gmt":"2022-08-12T16:06:36","guid":{"rendered":"https:\/\/www.lasrosas.com.ar\/portal\/?p=55776"},"modified":"2022-08-12T13:06:36","modified_gmt":"2022-08-12T16:06:36","slug":"joaquin-phoenix-y-lady-gaga-protagonizaran-la-secuela-de-joker","status":"publish","type":"post","link":"https:\/\/www.lasrosas.com.ar\/portal\/joaquin-phoenix-y-lady-gaga-protagonizaran-la-secuela-de-joker\/","title":{"rendered":"JOAQUIN PHOENIX Y LADY GAGA PROTAGONIZAR\u00c1N LA SECUELA DE \u201cJOKER\u201d"},"content":{"rendered":"<p>Tras meses de especulaciones, el director Todd Phillips ha confirmado que seguir\u00e1 indagando en torno al personaje con el que Joaquin Phoenix se hizo con el Oscar.<\/p>\n<p>En una vida que se antojaba mucho m\u00e1s sencilla, antes de la pandemia,\u00a0<em>Joker<\/em>\u00a0lleg\u00f3 a los cines poco antes del cierre de las salas, aunque no exenta de pol\u00e9mica. El mil veces anunciado proyecto sobre la historia detr\u00e1s del villano m\u00e1s recordado de\u00a0<em>Batman<\/em>\u00a0culminaba su trayectoria, comenzada en el Festival de Venecia de 2019 \u2013se hizo con el Le\u00f3n de Oro del certamen\u2013, con un Oscar para su protagonista,\u00a0<strong>Joaquin Phoenix<\/strong>, y otro para la compositora de su banda sonora,\u00a0<a href=\"https:\/\/www.imdb.com\/name\/nm3723390?ref_=ttawd_awd_2\">Hildur Gu\u00f0nad\u00f3ttir<\/a>, \u00a0tras una carrera de premios en la que se convirti\u00f3\u00a0<a href=\"https:\/\/time.com\/5688305\/joker-todd-phillips-review\/\">en el centro de las cr\u00edticas por ser algo problem\u00e1tica<\/a>. Humanizaba a un asesino, achacaba su desequilibrio a sus problemas de salud mental o banalizaba la violencia. El que en su d\u00eda fuera un personaje divertido, desquiciado y asociado a la actuaci\u00f3n de\u00a0<strong>Jack Nicholson<\/strong>\u00a0en el\u00a0<em>Batman<\/em>\u00a0de 1989 o a las versiones de dibujos animados, se convert\u00eda en esta aproximaci\u00f3n de Todd Philips en un hombre melanc\u00f3lico al que el rechazo de las mujeres, en particular, y la sociedad, en general, lo hab\u00edan convertido en un psic\u00f3pata con diversos problemas mentales. Y ya no era gracioso. A\u00fan as\u00ed conquist\u00f3 a gran parte de la cr\u00edtica, cautiv\u00f3 a la audiencia y recaud\u00f3 m\u00e1s de 1000 millones de d\u00f3lares alrededor del mundo. La continuaci\u00f3n parec\u00eda asegurada, pero no ha sido hasta hace unas horas cuando se ha confirmado con todas las de la ley.<\/p>\n<p><img decoding=\"async\" class=\"wp-image-55777 aligncenter lazyload\" data-src=\"https:\/\/www.lasrosas.com.ar\/portal\/wp-content\/uploads\/WhatsApp-Image-2022-08-12-at-1.05.51-PM-640x480.jpeg\" alt=\"\" width=\"523\" height=\"392\" src=\"data:image\/svg+xml;base64,PHN2ZyB3aWR0aD0iMSIgaGVpZ2h0PSIxIiB4bWxucz0iaHR0cDovL3d3dy53My5vcmcvMjAwMC9zdmciPjwvc3ZnPg==\" style=\"--smush-placeholder-width: 523px; --smush-placeholder-aspect-ratio: 523\/392;\" \/><\/p>\n<p>M\u00e1s de dos a\u00f1os ha tardado Warner Bros en dar luz verde al proyecto, a pesar de que los rumores y las especulaciones se suced\u00edan d\u00eda tras d\u00eda. Todo apuntaba a que s\u00ed, a que\u00a0<em>Joker<\/em>\u00a0tendr\u00eda segunda parte, pero el fren\u00e9tico calendario de trabajo de Joaquin Phoenix \u2013protagonista en los meses venideros de\u00a0<em>Disappointed Blvd<\/em>, lo nuevo de Ari Aster, y\u00a0<em>Napoleon<\/em>, la pr\u00f3xima pel\u00edcula de Ridley Scott\u2013 y lo complicado de desarrollar un guion a la altura de su antecesora hac\u00edan complicado adivinar cu\u00e1ndo podr\u00eda dar comienzo la producci\u00f3n de este filme. Ha sido el director el que ha anunciado en sus propias redes sociales que ya han empezado las lecturas del libreto y ha adelantado algunos detalles.<\/p>\n<blockquote class=\"instagram-media\" style=\"background: #FFF; border: 0; border-radius: 3px; box-shadow: 0 0 1px 0 rgba(0,0,0,0.5),0 1px 10px 0 rgba(0,0,0,0.15); margin: 1px; max-width: 540px; min-width: 326px; padding: 0; width: calc(100% - 2px);\" data-instgrm-captioned=\"\" data-instgrm-permalink=\"https:\/\/www.instagram.com\/p\/CehX0rGPxQi\/?utm_source=ig_embed&amp;utm_campaign=loading\" data-instgrm-version=\"14\">\n<div style=\"padding: 16px;\">\n<p>&nbsp;<\/p>\n<div style=\"display: flex; flex-direction: row; align-items: center;\">\n<div style=\"background-color: #f4f4f4; border-radius: 50%; flex-grow: 0; height: 40px; margin-right: 14px; width: 40px;\"><\/div>\n<div style=\"display: flex; flex-direction: column; flex-grow: 1; justify-content: center;\">\n<div style=\"background-color: #f4f4f4; border-radius: 4px; flex-grow: 0; height: 14px; margin-bottom: 6px; width: 100px;\"><\/div>\n<div style=\"background-color: #f4f4f4; border-radius: 4px; flex-grow: 0; height: 14px; width: 60px;\"><\/div>\n<\/div>\n<\/div>\n<div style=\"padding: 19% 0;\"><\/div>\n<div style=\"display: block; height: 50px; margin: 0 auto 12px; width: 50px;\"><\/div>\n<div style=\"padding-top: 8px;\">\n<div style=\"color: #3897f0; font-family: Arial,sans-serif; font-size: 14px; font-style: normal; font-weight: 550; line-height: 18px;\">Ver esta publicaci\u00f3n en Instagram<\/div>\n<\/div>\n<div style=\"padding: 12.5% 0;\"><\/div>\n<div style=\"display: flex; flex-direction: row; margin-bottom: 14px; align-items: center;\">\n<div>\n<div style=\"background-color: #f4f4f4; border-radius: 50%; height: 12.5px; width: 12.5px; transform: translateX(0px) translateY(7px);\"><\/div>\n<div style=\"background-color: #f4f4f4; height: 12.5px; transform: rotate(-45deg) translateX(3px) translateY(1px); width: 12.5px; flex-grow: 0; margin-right: 14px; margin-left: 2px;\"><\/div>\n<div style=\"background-color: #f4f4f4; border-radius: 50%; height: 12.5px; width: 12.5px; transform: translateX(9px) translateY(-18px);\"><\/div>\n<\/div>\n<div style=\"margin-left: 8px;\">\n<div style=\"background-color: #f4f4f4; border-radius: 50%; flex-grow: 0; height: 20px; width: 20px;\"><\/div>\n<div style=\"width: 0; height: 0; border-top: 2px solid transparent; border-left: 6px solid #f4f4f4; border-bottom: 2px solid transparent; transform: translateX(16px) translateY(-4px) rotate(30deg);\"><\/div>\n<\/div>\n<div style=\"margin-left: auto;\">\n<div style=\"width: 0px; border-top: 8px solid #F4F4F4; border-right: 8px solid transparent; transform: translateY(16px);\"><\/div>\n<div style=\"background-color: #f4f4f4; flex-grow: 0; height: 12px; width: 16px; transform: translateY(-4px);\"><\/div>\n<div style=\"width: 0; height: 0; border-top: 8px solid #F4F4F4; border-left: 8px solid transparent; transform: translateY(-4px) translateX(8px);\"><\/div>\n<\/div>\n<\/div>\n<div style=\"display: flex; flex-direction: column; flex-grow: 1; justify-content: center; margin-bottom: 24px;\">\n<div style=\"background-color: #f4f4f4; border-radius: 4px; flex-grow: 0; height: 14px; margin-bottom: 6px; width: 224px;\"><\/div>\n<div style=\"background-color: #f4f4f4; border-radius: 4px; flex-grow: 0; height: 14px; width: 144px;\"><\/div>\n<\/div>\n<p>&nbsp;<\/p>\n<p style=\"color: #c9c8cd; font-family: Arial,sans-serif; font-size: 14px; line-height: 17px; margin-bottom: 0; margin-top: 8px; overflow: hidden; padding: 8px 0 7px; text-align: center; text-overflow: ellipsis; white-space: nowrap;\"><a style=\"color: #c9c8cd; font-family: Arial,sans-serif; font-size: 14px; font-style: normal; font-weight: normal; line-height: 17px; text-decoration: none;\" href=\"https:\/\/www.instagram.com\/p\/CehX0rGPxQi\/?utm_source=ig_embed&amp;utm_campaign=loading\" target=\"_blank\" rel=\"noopener\">Una publicaci\u00f3n compartida por Todd Phillips (@toddphillips)<\/a><\/p>\n<\/div>\n<\/blockquote>\n<p><script async src=\"\/\/www.instagram.com\/embed.js\"><\/script><\/p>\n<p>La secuela de\u00a0<em>Joker<\/em>\u00a0no se llamar\u00e1\u00a0<em>Joker 2<\/em>, sino que tendr\u00e1 un nombre mucho m\u00e1s acorde con los antecedentes del personaje. Ser\u00e1\u00a0<em>Folie \u00e0 Deux<\/em>\u00a0el t\u00edtulo y con \u00e9l se pueden comenzar a hacer c\u00e1balas sobre un argumento que, como no pod\u00eda ser de otro modo, se encuentra guardado bajo siete llaves.\u00a0<em>Folie \u00e0 Deux<\/em>\u00a0es el nombre que recibe un trastorno mental seg\u00fan el cual dos personas comparten un s\u00edntoma psic\u00f3tico, ya sea paranoia, alucinaciones o delirios. Al estar en el mismo lugar mental, los afectados desarrollan su existencia en una realidad ficticia de ilusiones. As\u00ed que se puede imaginar que Joaquin Phoenix no estar\u00e1 solo en esta nueva desventura del personaje.<\/p>\n<p>Lo rupturista de la primera entrega con el universo de DC Comics se mantendr\u00e1 en esta segunda. Tanto es as\u00ed que estaremos ante un musical, que comenzar\u00e1 a rodarse el pr\u00f3ximo mes de diciembre en la ciudad de Nueva York. Hay pocas posibilidades de que este personaje interact\u00fae en forma alguna con su n\u00e9mesis, Batman. Scott Silver ser\u00e1 el guionista, al igual que en la primera parte, pero no se sabe nada todav\u00eda de los nombres que podr\u00edan completar el reparto a excepci\u00f3n de uno, el de\u00a0<strong>Lady Gaga<\/strong>. La artista ser\u00e1 la encargada de dar vida aqu\u00ed a Harley Quinn y, s\u00ed, ser\u00e1 una trabajadora del hospital psiqui\u00e1trico de Arkham y terminar\u00e1 rendidamente enamorada del protagonista.\u00a0<em>Joker<\/em>\u00a0cont\u00f3 con\u00a0<strong>Robert de Niro<\/strong>\u00a0en el papel de Murray Franklin (un papel autorreferencial que un\u00eda al filme directamente con\u00a0<em>El rey de la comedia<\/em>, protagonizada en 1982 por \u00e9l),\u00a0<strong>Zazie Beetz<\/strong>\u00a0o\u00a0<strong>Frances Conroy<\/strong>. Por motivos que no desvelaremos a riesgo de caer en el\u00a0<em>spoiler<\/em>, es harto imposible que ninguno de los tres repita (aunque no completamente, la magia de Hollywood es impredecible).<\/p>\n<!-- AddThis Advanced Settings generic via filter on the_content --><!-- AddThis Share Buttons generic via filter on the_content -->","protected":false},"excerpt":{"rendered":"<p>Tras meses de especulaciones, el director Todd Phillips ha confirmado que seguir\u00e1 indagando en torno al personaje con el que Joaquin Phoenix se hizo con el Oscar. En una vida que se antojaba mucho m\u00e1s sencilla, antes de la pandemia,\u00a0Joker\u00a0lleg\u00f3 a los cines poco antes del cierre de las salas, aunque no exenta de pol\u00e9mica. [&hellip;]<!-- AddThis Advanced Settings generic via filter on get_the_excerpt --><!-- AddThis Share Buttons generic via filter on get_the_excerpt --><\/p>\n","protected":false},"author":6,"featured_media":55778,"comment_status":"closed","ping_status":"open","sticky":false,"template":"","format":"standard","meta":{"_acf_changed":false,"om_disable_all_campaigns":false,"_monsterinsights_skip_tracking":false,"_monsterinsights_sitenote_active":false,"_monsterinsights_sitenote_note":"","_monsterinsights_sitenote_category":0,"_uf_show_specific_survey":0,"_uf_disable_surveys":false,"footnotes":""},"categories":[100],"tags":[],"class_list":["post-55776","post","type-post","status-publish","format-standard","has-post-thumbnail","hentry","category-noticias"],"acf":[],"aioseo_notices":[],"_links":{"self":[{"href":"https:\/\/www.lasrosas.com.ar\/portal\/wp-json\/wp\/v2\/posts\/55776","targetHints":{"allow":["GET"]}}],"collection":[{"href":"https:\/\/www.lasrosas.com.ar\/portal\/wp-json\/wp\/v2\/posts"}],"about":[{"href":"https:\/\/www.lasrosas.com.ar\/portal\/wp-json\/wp\/v2\/types\/post"}],"author":[{"embeddable":true,"href":"https:\/\/www.lasrosas.com.ar\/portal\/wp-json\/wp\/v2\/users\/6"}],"replies":[{"embeddable":true,"href":"https:\/\/www.lasrosas.com.ar\/portal\/wp-json\/wp\/v2\/comments?post=55776"}],"version-history":[{"count":0,"href":"https:\/\/www.lasrosas.com.ar\/portal\/wp-json\/wp\/v2\/posts\/55776\/revisions"}],"wp:featuredmedia":[{"embeddable":true,"href":"https:\/\/www.lasrosas.com.ar\/portal\/wp-json\/wp\/v2\/media\/55778"}],"wp:attachment":[{"href":"https:\/\/www.lasrosas.com.ar\/portal\/wp-json\/wp\/v2\/media?parent=55776"}],"wp:term":[{"taxonomy":"category","embeddable":true,"href":"https:\/\/www.lasrosas.com.ar\/portal\/wp-json\/wp\/v2\/categories?post=55776"},{"taxonomy":"post_tag","embeddable":true,"href":"https:\/\/www.lasrosas.com.ar\/portal\/wp-json\/wp\/v2\/tags?post=55776"}],"curies":[{"name":"wp","href":"https:\/\/api.w.org\/{rel}","templated":true}]}}