{"id":55654,"date":"2022-08-09T15:29:13","date_gmt":"2022-08-09T18:29:13","guid":{"rendered":"https:\/\/www.lasrosas.com.ar\/portal\/?p=55654"},"modified":"2022-08-09T15:29:13","modified_gmt":"2022-08-09T18:29:13","slug":"lady-gaga-confirmo-su-participacion-en-el-joker-2","status":"publish","type":"post","link":"https:\/\/www.lasrosas.com.ar\/portal\/lady-gaga-confirmo-su-participacion-en-el-joker-2\/","title":{"rendered":"LADY GAGA CONFIRM\u00d3 SU PARTICIPACI\u00d3N EN EL \u00abJOKER 2\u00bb"},"content":{"rendered":"<p class=\"entradilla_superior\">La cantante confirm\u00f3 su participaci\u00f3n a trav\u00e9s de redes sociales, donde comparti\u00f3 un breve tr\u00e1iler de la pel\u00edcula.<\/p>\n<p>En el 2019, se estren\u00f3 la pel\u00edcula protagonizada por\u00a0<strong>Joaqu\u00edn Phoenix,<\/strong>\u00a0&#8216;<em>El Joker<\/em>&#8216;, la cu\u00e1l cautiv\u00f3 a todo el public\u00f3 gracias a la impactante actuaci\u00f3n del actor, obteniendo muy buenas cr\u00edticas.<\/p>\n<p>Despu\u00e9s de dos a\u00f1os y medio, anunciaron que se encuentran trabajando en la secuela de la pel\u00edcula, en la que volver\u00e1 a aparecer Joaqu\u00edn Phoenix como el Joker y lo acompa\u00f1ar\u00e1 un elenco de primera.<\/p>\n<p>La cantante y actriz estadounidense,\u00a0<strong>Lady Gaga<\/strong>\u00a0se sumar\u00e1 como protagonista e interpretar\u00e1 a la novia de el guas\u00f3n,\u00a0<strong>Harley Quinn.<\/strong>\u00a0Lo confirm\u00f3 a trav\u00e9s de su cuenta de twitter, d\u00f3nde comparti\u00f3 un tr\u00e1iler de la pel\u00edcula.<\/p>\n<blockquote class=\"twitter-tweet\">\n<p dir=\"ltr\" lang=\"fr\">Joker: Folie \u00e0 Deux<br \/>\n10.04.24 <a href=\"https:\/\/t.co\/obp7T9lBFL\">pic.twitter.com\/obp7T9lBFL<\/a><\/p>\n<p>\u2014 Lady Gaga (@ladygaga) <a href=\"https:\/\/twitter.com\/ladygaga\/status\/1555222357882458114?ref_src=twsrc%5Etfw\">August 4, 2022<\/a><\/p><\/blockquote>\n<p><script async src=\"https:\/\/platform.twitter.com\/widgets.js\" charset=\"utf-8\"><\/script><\/p>\n<p>En est\u00e1 nueva entrega, el Joker conocer\u00e1 el verdadero amor y encontrar\u00e1 con qui\u00e9n compartir sus locuras. Seg\u00fan se asegura en distintos portales, la pel\u00edcula transcurrira dentro del ic\u00f3nico centro psiqu\u00edatrico de Gotham.<\/p>\n<p>Con el nombre de &#8216;<strong>Joker: Folie \u00e1 Deux<\/strong>&#8216;, la cinta tiene fecha de estreno para el\u00a0<strong>4 de octubre del 2024<\/strong>\u00a0y\u00a0<strong>ser\u00e1 un musical<\/strong>, dando un giro de la pel\u00edcula original que nadie se esperaba.<\/p>\n<!-- AddThis Advanced Settings generic via filter on the_content --><!-- AddThis Share Buttons generic via filter on the_content -->","protected":false},"excerpt":{"rendered":"<p>La cantante confirm\u00f3 su participaci\u00f3n a trav\u00e9s de redes sociales, donde comparti\u00f3 un breve tr\u00e1iler de la pel\u00edcula. En el 2019, se estren\u00f3 la pel\u00edcula protagonizada por\u00a0Joaqu\u00edn Phoenix,\u00a0&#8216;El Joker&#8216;, la cu\u00e1l cautiv\u00f3 a todo el public\u00f3 gracias a la impactante actuaci\u00f3n del actor, obteniendo muy buenas cr\u00edticas. Despu\u00e9s de dos a\u00f1os y medio, anunciaron que [&hellip;]<!-- AddThis Advanced Settings generic via filter on get_the_excerpt --><!-- AddThis Share Buttons generic via filter on get_the_excerpt --><\/p>\n","protected":false},"author":6,"featured_media":55655,"comment_status":"closed","ping_status":"open","sticky":false,"template":"","format":"standard","meta":{"_acf_changed":false,"om_disable_all_campaigns":false,"_monsterinsights_skip_tracking":false,"_monsterinsights_sitenote_active":false,"_monsterinsights_sitenote_note":"","_monsterinsights_sitenote_category":0,"_uf_show_specific_survey":0,"_uf_disable_surveys":false,"footnotes":""},"categories":[100],"tags":[],"class_list":["post-55654","post","type-post","status-publish","format-standard","has-post-thumbnail","hentry","category-noticias"],"acf":[],"aioseo_notices":[],"_links":{"self":[{"href":"https:\/\/www.lasrosas.com.ar\/portal\/wp-json\/wp\/v2\/posts\/55654","targetHints":{"allow":["GET"]}}],"collection":[{"href":"https:\/\/www.lasrosas.com.ar\/portal\/wp-json\/wp\/v2\/posts"}],"about":[{"href":"https:\/\/www.lasrosas.com.ar\/portal\/wp-json\/wp\/v2\/types\/post"}],"author":[{"embeddable":true,"href":"https:\/\/www.lasrosas.com.ar\/portal\/wp-json\/wp\/v2\/users\/6"}],"replies":[{"embeddable":true,"href":"https:\/\/www.lasrosas.com.ar\/portal\/wp-json\/wp\/v2\/comments?post=55654"}],"version-history":[{"count":0,"href":"https:\/\/www.lasrosas.com.ar\/portal\/wp-json\/wp\/v2\/posts\/55654\/revisions"}],"wp:featuredmedia":[{"embeddable":true,"href":"https:\/\/www.lasrosas.com.ar\/portal\/wp-json\/wp\/v2\/media\/55655"}],"wp:attachment":[{"href":"https:\/\/www.lasrosas.com.ar\/portal\/wp-json\/wp\/v2\/media?parent=55654"}],"wp:term":[{"taxonomy":"category","embeddable":true,"href":"https:\/\/www.lasrosas.com.ar\/portal\/wp-json\/wp\/v2\/categories?post=55654"},{"taxonomy":"post_tag","embeddable":true,"href":"https:\/\/www.lasrosas.com.ar\/portal\/wp-json\/wp\/v2\/tags?post=55654"}],"curies":[{"name":"wp","href":"https:\/\/api.w.org\/{rel}","templated":true}]}}