{"id":55641,"date":"2022-08-09T15:18:07","date_gmt":"2022-08-09T18:18:07","guid":{"rendered":"https:\/\/www.lasrosas.com.ar\/portal\/?p=55641"},"modified":"2022-08-09T15:18:07","modified_gmt":"2022-08-09T18:18:07","slug":"el-peor-momento-en-la-vida-de-ashton-kutcher","status":"publish","type":"post","link":"https:\/\/www.lasrosas.com.ar\/portal\/el-peor-momento-en-la-vida-de-ashton-kutcher\/","title":{"rendered":"EL PEOR MOMENTO EN LA VIDA DE ASHTON KUTCHER"},"content":{"rendered":"<p><strong>El actor revel\u00f3 en un programa de televisi\u00f3n que hace dos a\u00f1os sufri\u00f3 un episodio de vasculitis: \u201cTengo suerte de estar vivo\u201d<\/strong><\/p>\n<p>Hace dos a\u00f1os,\u00a0<strong>Ashton Kutcher<\/strong>\u00a0vivi\u00f3 uno de los peores momentos de su vida ya que le diagnosticaron vasculitis,\u00a0<strong>una rara enfermedad autoinmune que le afect\u00f3 durante un a\u00f1o a su visi\u00f3n, la audici\u00f3n y el sentido del equilibrio<\/strong>\u00a0que le impidi\u00f3 caminar durante m\u00e1s de un a\u00f1o.<\/p>\n<p><img decoding=\"async\" class=\"wp-image-55644 aligncenter lazyload\" data-src=\"https:\/\/www.lasrosas.com.ar\/portal\/wp-content\/uploads\/WhatsApp-Image-2022-08-09-at-3.17.13-PM-640x480.jpeg\" alt=\"\" width=\"499\" height=\"374\" src=\"data:image\/svg+xml;base64,PHN2ZyB3aWR0aD0iMSIgaGVpZ2h0PSIxIiB4bWxucz0iaHR0cDovL3d3dy53My5vcmcvMjAwMC9zdmciPjwvc3ZnPg==\" style=\"--smush-placeholder-width: 499px; --smush-placeholder-aspect-ratio: 499\/374;\" \/><\/p>\n<p>\u00ab<strong>Hace como dos a\u00f1os, tuve esta extra\u00f1a y s\u00faper rara forma de vasculitis<\/strong>\u00ab, dijo Kutcher en un video exclusivo publicado en \u00abAccess Hollywood\u00bb de un pr\u00f3ximo episodio de \u00abRunning Wild with Bear Grylls\u00bb de National Geographic: El Desaf\u00edo\u00bb.<\/p>\n<p>\u00ab<strong>Me dej\u00f3 sin visi\u00f3n, sin audici\u00f3n, me dej\u00f3 sin equilibrio. Me llev\u00f3 como un a\u00f1o recuperarl<\/strong>o\u00bb, confes\u00f3 el actor al aventurero y presentador Bear Grylls.<\/p>\n<p>\u00abNo lo aprecias realmente hasta que desaparece, hasta que dices: &#8216;No s\u00e9 si voy a poder volver a ver&#8217;. No s\u00e9 si voy a ser capaz de o\u00edr de nuevo, no s\u00e9 si voy a ser capaz de caminar de nuevo\u00bb, dijo Kutcher. \u00ab<strong>Tengo suerte de estar vivo<\/strong>\u00ab.<\/p>\n<p><img decoding=\"async\" class=\"wp-image-55645 aligncenter lazyload\" data-src=\"https:\/\/www.lasrosas.com.ar\/portal\/wp-content\/uploads\/WhatsApp-Image-2022-08-09-at-3.17.13-PM-1-592x480.jpeg\" alt=\"\" width=\"492\" height=\"399\" src=\"data:image\/svg+xml;base64,PHN2ZyB3aWR0aD0iMSIgaGVpZ2h0PSIxIiB4bWxucz0iaHR0cDovL3d3dy53My5vcmcvMjAwMC9zdmciPjwvc3ZnPg==\" style=\"--smush-placeholder-width: 492px; --smush-placeholder-aspect-ratio: 492\/399;\" \/><\/p>\n<p>La vasculitis es una rara enfermedad autoinmune que inflama los vasos sangu\u00edneos. Las paredes de los mismos se engrosan, reduciendo el espacio dentro del conducto y, por ende, el flujo sangu\u00edneo. Cuando esto sucede, los \u00f3rganos y tejidos se da\u00f1an. Puede afectar a cualquier grupo de edad, a un solo \u00f3rgano o a varios y la duraci\u00f3n tambi\u00e9n es variable.<\/p>\n<p>Asimismo, cuando se desconoce su causa (as\u00ed es en la mayor\u00eda de los casos) se denomina vasculitis primaria, mientras que si deriva de una infecci\u00f3n, otra enfermedad como el c\u00e1ncer, toxinas o virus como los de la hepatitis, se llama vasculitis secundaria.<\/p>\n<!-- AddThis Advanced Settings generic via filter on the_content --><!-- AddThis Share Buttons generic via filter on the_content -->","protected":false},"excerpt":{"rendered":"<p>El actor revel\u00f3 en un programa de televisi\u00f3n que hace dos a\u00f1os sufri\u00f3 un episodio de vasculitis: \u201cTengo suerte de estar vivo\u201d Hace dos a\u00f1os,\u00a0Ashton Kutcher\u00a0vivi\u00f3 uno de los peores momentos de su vida ya que le diagnosticaron vasculitis,\u00a0una rara enfermedad autoinmune que le afect\u00f3 durante un a\u00f1o a su visi\u00f3n, la audici\u00f3n y el [&hellip;]<!-- AddThis Advanced Settings generic via filter on get_the_excerpt --><!-- AddThis Share Buttons generic via filter on get_the_excerpt --><\/p>\n","protected":false},"author":6,"featured_media":55643,"comment_status":"closed","ping_status":"open","sticky":false,"template":"","format":"standard","meta":{"_acf_changed":false,"om_disable_all_campaigns":false,"_monsterinsights_skip_tracking":false,"_monsterinsights_sitenote_active":false,"_monsterinsights_sitenote_note":"","_monsterinsights_sitenote_category":0,"_uf_show_specific_survey":0,"_uf_disable_surveys":false,"footnotes":""},"categories":[100],"tags":[],"class_list":["post-55641","post","type-post","status-publish","format-standard","has-post-thumbnail","hentry","category-noticias"],"acf":[],"aioseo_notices":[],"_links":{"self":[{"href":"https:\/\/www.lasrosas.com.ar\/portal\/wp-json\/wp\/v2\/posts\/55641","targetHints":{"allow":["GET"]}}],"collection":[{"href":"https:\/\/www.lasrosas.com.ar\/portal\/wp-json\/wp\/v2\/posts"}],"about":[{"href":"https:\/\/www.lasrosas.com.ar\/portal\/wp-json\/wp\/v2\/types\/post"}],"author":[{"embeddable":true,"href":"https:\/\/www.lasrosas.com.ar\/portal\/wp-json\/wp\/v2\/users\/6"}],"replies":[{"embeddable":true,"href":"https:\/\/www.lasrosas.com.ar\/portal\/wp-json\/wp\/v2\/comments?post=55641"}],"version-history":[{"count":0,"href":"https:\/\/www.lasrosas.com.ar\/portal\/wp-json\/wp\/v2\/posts\/55641\/revisions"}],"wp:featuredmedia":[{"embeddable":true,"href":"https:\/\/www.lasrosas.com.ar\/portal\/wp-json\/wp\/v2\/media\/55643"}],"wp:attachment":[{"href":"https:\/\/www.lasrosas.com.ar\/portal\/wp-json\/wp\/v2\/media?parent=55641"}],"wp:term":[{"taxonomy":"category","embeddable":true,"href":"https:\/\/www.lasrosas.com.ar\/portal\/wp-json\/wp\/v2\/categories?post=55641"},{"taxonomy":"post_tag","embeddable":true,"href":"https:\/\/www.lasrosas.com.ar\/portal\/wp-json\/wp\/v2\/tags?post=55641"}],"curies":[{"name":"wp","href":"https:\/\/api.w.org\/{rel}","templated":true}]}}