{"id":55578,"date":"2022-08-08T12:38:14","date_gmt":"2022-08-08T15:38:14","guid":{"rendered":"https:\/\/www.lasrosas.com.ar\/portal\/?p=55578"},"modified":"2022-08-08T12:42:41","modified_gmt":"2022-08-08T15:42:41","slug":"peugeot-y-citroen-las-marcas-que-mas-crecieron-en-ventas-este-ano","status":"publish","type":"post","link":"https:\/\/www.lasrosas.com.ar\/portal\/peugeot-y-citroen-las-marcas-que-mas-crecieron-en-ventas-este-ano\/","title":{"rendered":"PEUGEOT Y CITRO\u00cbN, LAS MARCAS QUE M\u00c1S CRECIERON EN VENTAS ESTE A\u00d1O"},"content":{"rendered":"<p><span style=\"font-weight: 400;\">Las cifras de ventas de julio reflejan el protagonismo del grupo Stellantis, destac\u00e1ndose en el mercado Peugeot y Citro\u00ebn como las dos marcas de mayor crecimiento interanual del per\u00edodo enero-julio respecto de 2021. Un hito importante que se ve apalancado por las excelentes performances tanto del Peugeot 208 de producci\u00f3n nacional como del Citro\u00ebn SUV C4 Cactus regional.<\/span><\/p>\n<p><span style=\"font-weight: 400;\">Durante los meses de enero-julio de 2022, la marca que m\u00e1s creci\u00f3 fue Peugeot que logr\u00f3 incrementar sus ventas un 35%, alcanzando adem\u00e1s una participaci\u00f3n de mercado del 9,7%. Gran parte de este \u00e9xito se debe a la actualidad del PEUGEOT 208 producido en El Palomar, Provincia de Buenos Aires, modelo que adem\u00e1s de crecer en producci\u00f3n y exportaciones, lidera el segmento B-Hatch con un 32,4% de participaci\u00f3n, alcanzando el segundo puesto del mercado total argentino con un 6,6% de market share en lo que va del 2022 y un incremento en sus ventas respecto de 2021 de un +56%.<\/span><\/p>\n\r\n\t\t<style type='text\/css'>\r\n\t\t\t#gallery-1 {\r\n\t\t\t\tmargin: auto;\r\n\t\t\t}\r\n\t\t\t#gallery-1 .gallery-item {\r\n\t\t\t\tfloat: left;\r\n\t\t\t\tmargin-top: 10px;\r\n\t\t\t\ttext-align: center;\r\n\t\t\t\twidth: 50%;\r\n\t\t\t}\r\n\t\t\t#gallery-1 img {\r\n\t\t\t\tborder: 2px solid #cfcfcf;\r\n\t\t\t}\r\n\t\t\t#gallery-1 .gallery-caption {\r\n\t\t\t\tmargin-left: 0;\r\n\t\t\t}\r\n\t\t<\/style>\r\n\t\t<!-- see gallery_shortcode() in wp-includes\/media.php -->\n\t\t<div id='gallery-1' class='gallery galleryid-55578 gallery-columns-2 gallery-size-full gallery1'><script type=\"text\/javascript\">\r\n\/\/ <![CDATA[\r\n\tjQuery(document).ready(function () {\r\n\t\tjQuery(\".gallery1 a\").attr(\"rel\",\"gallery1\");\t\r\n\t\tjQuery('a[rel=\"gallery1\"]').colorbox({maxWidth:\"95%\", maxHeight:\"95%\",title: function(){ return jQuery(this).children().attr(\"alt\"); }, });\r\n\t});\r\n\/\/ ]]>\r\n<\/script>\n<dl class=\"gallery-item\">\n<dt class=\"gallery-icon\">\r\n<a href=\"https:\/\/www.lasrosas.com.ar\/portal\/wp-content\/uploads\/c4cactus-62ec048165089-e1659973356454.jpeg\" title=\"\" rel=\"gallery1\"><img decoding=\"async\" data-src=\"https:\/\/www.lasrosas.com.ar\/portal\/wp-content\/uploads\/c4cactus-62ec048165089-e1659973356454.jpeg\" width=\"1197\" height=\"751\" alt=\"\" src=\"data:image\/svg+xml;base64,PHN2ZyB3aWR0aD0iMSIgaGVpZ2h0PSIxIiB4bWxucz0iaHR0cDovL3d3dy53My5vcmcvMjAwMC9zdmciPjwvc3ZnPg==\" class=\"lazyload\" style=\"--smush-placeholder-width: 1197px; --smush-placeholder-aspect-ratio: 1197\/751;\" \/><\/a>\r\n<\/dt><\/dl><dl class=\"gallery-item\">\n<dt class=\"gallery-icon\">\r\n<a href=\"https:\/\/www.lasrosas.com.ar\/portal\/wp-content\/uploads\/peugeot_208_recortada-62ec0473bd253-e1659973074689.jpeg\" title=\"\" rel=\"gallery1\"><img decoding=\"async\" data-src=\"https:\/\/www.lasrosas.com.ar\/portal\/wp-content\/uploads\/peugeot_208_recortada-62ec0473bd253-e1659973074689.jpeg\" width=\"809\" height=\"511\" alt=\"\" src=\"data:image\/svg+xml;base64,PHN2ZyB3aWR0aD0iMSIgaGVpZ2h0PSIxIiB4bWxucz0iaHR0cDovL3d3dy53My5vcmcvMjAwMC9zdmciPjwvc3ZnPg==\" class=\"lazyload\" style=\"--smush-placeholder-width: 809px; --smush-placeholder-aspect-ratio: 809\/511;\" \/><\/a>\r\n<\/dt><\/dl><br style=\"clear: both\" \/>\r\n\t\t<\/div>\n\n<p><span style=\"font-weight: 400;\">Por su parte, la segunda marca automotriz que m\u00e1s creci\u00f3 en el pa\u00eds fue Citro\u00ebn que consigui\u00f3 aumentar sus ventas en un 27% respecto al mismo per\u00edodo enero-julio del 2021. Una muy destacada actualidad que resulta en gran medida por el Citro\u00ebn C4 Cactus producido en la planta de Porto Real, Brasil. Un modelo que se encuentra en lo m\u00e1s alto del segmento B-SUV en lo que va del a\u00f1o con una participaci\u00f3n del 19,3% y acaba de hacer en el mes de julio la mejor performance desde su lanzamiento en 2018: un 2,3% de participaci\u00f3n del total del mercado argentino y un incremento en sus ventas respecto de 2021 de un +63%.<\/span><\/p>\n<p><i><span style=\"font-weight: 400;\">AVEC, concesionaria oficial de Peugeot y Citro\u00ebn.<\/span><\/i><\/p>\n<p><i><span style=\"font-weight: 400;\">Comunicate por WhatsApp al 351 7422020.<\/span><\/i><\/p>\n<p><i><span style=\"font-weight: 400;\">Para m\u00e1s informaci\u00f3n, pod\u00e9s ingresar a <\/span><\/i><a href=\"https:\/\/avec.com.ar\/\"><i><span style=\"font-weight: 400;\">https:\/\/avec.com.ar\/<\/span><\/i><\/a><\/p>\n<!-- AddThis Advanced Settings generic via filter on the_content --><!-- AddThis Share Buttons generic via filter on the_content -->","protected":false},"excerpt":{"rendered":"<p>Las cifras de ventas de julio reflejan el protagonismo del grupo Stellantis, destac\u00e1ndose en el mercado Peugeot y Citro\u00ebn como las dos marcas de mayor crecimiento interanual del per\u00edodo enero-julio respecto de 2021. Un hito importante que se ve apalancado por las excelentes performances tanto del Peugeot 208 de producci\u00f3n nacional como del Citro\u00ebn SUV [&hellip;]<!-- AddThis Advanced Settings generic via filter on get_the_excerpt --><!-- AddThis Share Buttons generic via filter on get_the_excerpt --><\/p>\n","protected":false},"author":6,"featured_media":55580,"comment_status":"closed","ping_status":"open","sticky":false,"template":"","format":"standard","meta":{"_acf_changed":false,"om_disable_all_campaigns":false,"_monsterinsights_skip_tracking":false,"_monsterinsights_sitenote_active":false,"_monsterinsights_sitenote_note":"","_monsterinsights_sitenote_category":0,"_uf_show_specific_survey":0,"_uf_disable_surveys":false,"footnotes":""},"categories":[373,240],"tags":[],"class_list":["post-55578","post","type-post","status-publish","format-standard","has-post-thumbnail","hentry","category-las-rosas-drives","category-gc1"],"acf":[],"aioseo_notices":[],"_links":{"self":[{"href":"https:\/\/www.lasrosas.com.ar\/portal\/wp-json\/wp\/v2\/posts\/55578","targetHints":{"allow":["GET"]}}],"collection":[{"href":"https:\/\/www.lasrosas.com.ar\/portal\/wp-json\/wp\/v2\/posts"}],"about":[{"href":"https:\/\/www.lasrosas.com.ar\/portal\/wp-json\/wp\/v2\/types\/post"}],"author":[{"embeddable":true,"href":"https:\/\/www.lasrosas.com.ar\/portal\/wp-json\/wp\/v2\/users\/6"}],"replies":[{"embeddable":true,"href":"https:\/\/www.lasrosas.com.ar\/portal\/wp-json\/wp\/v2\/comments?post=55578"}],"version-history":[{"count":0,"href":"https:\/\/www.lasrosas.com.ar\/portal\/wp-json\/wp\/v2\/posts\/55578\/revisions"}],"wp:featuredmedia":[{"embeddable":true,"href":"https:\/\/www.lasrosas.com.ar\/portal\/wp-json\/wp\/v2\/media\/55580"}],"wp:attachment":[{"href":"https:\/\/www.lasrosas.com.ar\/portal\/wp-json\/wp\/v2\/media?parent=55578"}],"wp:term":[{"taxonomy":"category","embeddable":true,"href":"https:\/\/www.lasrosas.com.ar\/portal\/wp-json\/wp\/v2\/categories?post=55578"},{"taxonomy":"post_tag","embeddable":true,"href":"https:\/\/www.lasrosas.com.ar\/portal\/wp-json\/wp\/v2\/tags?post=55578"}],"curies":[{"name":"wp","href":"https:\/\/api.w.org\/{rel}","templated":true}]}}