{"id":55003,"date":"2022-07-22T16:05:40","date_gmt":"2022-07-22T19:05:40","guid":{"rendered":"https:\/\/www.lasrosas.com.ar\/portal\/?p=55003"},"modified":"2022-07-22T16:05:40","modified_gmt":"2022-07-22T19:05:40","slug":"jennifer-lopez-y-ben-affleck-de-luna-de-miel-con-hijos-en-paris","status":"publish","type":"post","link":"https:\/\/www.lasrosas.com.ar\/portal\/jennifer-lopez-y-ben-affleck-de-luna-de-miel-con-hijos-en-paris\/","title":{"rendered":"JENNIFER LOPEZ Y BEN AFFLECK DE LUNA DE MIEL, CON HIJOS EN PAR\u00cdS"},"content":{"rendered":"<p><strong>El fin de semana pasado, la cantante y el actor se casaron en Las Vegas, y ahora fueron fotografiados durante su luna de miel en Par\u00eds. No est\u00e1n solos: los acompa\u00f1an sus hijos.<\/strong><\/p>\n<p>Jennifer Lopez y\u00a0<strong>Ben Affleck<\/strong>\u00a0est\u00e1n de luna de miel en Par\u00eds. El pasado 15 de julio se\u00a0<strong>casaron en Las Vegas<\/strong>\u00a0en una ceremonia \u00edntima, \u00abcasi\u00bb en secreto. Ahora est\u00e1n disfrutando de este viaje pero no est\u00e1n solos:\u00a0<strong>la pareja fue acompa\u00f1ada por las dos hijas de Ben,\u00a0Violet, de 16 a\u00f1os, y Seraphina, de 13, que comparte con su exmujer, Jennifer Garner; y Emme Mu\u00f1iz,\u00a0<\/strong>la hija de 14 a\u00f1os de Jennifer Lopez.<\/p>\n<p><img decoding=\"async\" class=\"wp-image-55005 aligncenter lazyload\" data-src=\"https:\/\/www.lasrosas.com.ar\/portal\/wp-content\/uploads\/WhatsApp-Image-2022-07-22-at-4.03.44-PM-4.jpeg\" alt=\"\" width=\"580\" height=\"484\" src=\"data:image\/svg+xml;base64,PHN2ZyB3aWR0aD0iMSIgaGVpZ2h0PSIxIiB4bWxucz0iaHR0cDovL3d3dy53My5vcmcvMjAwMC9zdmciPjwvc3ZnPg==\" style=\"--smush-placeholder-width: 580px; --smush-placeholder-aspect-ratio: 580\/484;\" \/><\/p>\n<p>JLo fue quien confirm\u00f3 que ella y Ben se casaron en Las Vegas a trav\u00e9s de su blog el domingo pasado, y firm\u00f3 con el nombre &#8216;Jennifer Lynn Affleck&#8217;, mostrando as\u00ed sus intenciones de cambiar de nombre llevando el apellido de su ya marido. Affleck es el cuarto esposo de Jennifer Lopez, pues ella anteriormente estuvo casada con Ojani Noa, Cris Judd y Marc Anthony.<\/p>\n<p>JLo y Ben salieron, se comprometieron y luego terminaron por primera vez a principios de la d\u00e9cada de los a\u00f1os 2000. Pero fue hasta mayo de 2021 que retomaron su relaci\u00f3n.<\/p>\n\r\n\t\t<style type='text\/css'>\r\n\t\t\t#gallery-1 {\r\n\t\t\t\tmargin: auto;\r\n\t\t\t}\r\n\t\t\t#gallery-1 .gallery-item {\r\n\t\t\t\tfloat: left;\r\n\t\t\t\tmargin-top: 10px;\r\n\t\t\t\ttext-align: center;\r\n\t\t\t\twidth: 33%;\r\n\t\t\t}\r\n\t\t\t#gallery-1 img {\r\n\t\t\t\tborder: 2px solid #cfcfcf;\r\n\t\t\t}\r\n\t\t\t#gallery-1 .gallery-caption {\r\n\t\t\t\tmargin-left: 0;\r\n\t\t\t}\r\n\t\t<\/style>\r\n\t\t<!-- see gallery_shortcode() in wp-includes\/media.php -->\n\t\t<div id='gallery-1' class='gallery galleryid-55003 gallery-columns-3 gallery-size-large gallery1'><script type=\"text\/javascript\">\r\n\/\/ <![CDATA[\r\n\tjQuery(document).ready(function () {\r\n\t\tjQuery(\".gallery1 a\").attr(\"rel\",\"gallery1\");\t\r\n\t\tjQuery('a[rel=\"gallery1\"]').colorbox({maxWidth:\"95%\", maxHeight:\"95%\",title: function(){ return jQuery(this).children().attr(\"alt\"); }, });\r\n\t});\r\n\/\/ ]]>\r\n<\/script>\n<dl class=\"gallery-item\">\n<dt class=\"gallery-icon\">\r\n<a href=\"https:\/\/www.lasrosas.com.ar\/portal\/wp-content\/uploads\/WhatsApp-Image-2022-07-22-at-4.03.44-PM-6.jpeg\" title=\"\" rel=\"gallery1\"><img decoding=\"async\" data-src=\"https:\/\/www.lasrosas.com.ar\/portal\/wp-content\/uploads\/WhatsApp-Image-2022-07-22-at-4.03.44-PM-6.jpeg\" width=\"740\" height=\"979\" alt=\"\" src=\"data:image\/svg+xml;base64,PHN2ZyB3aWR0aD0iMSIgaGVpZ2h0PSIxIiB4bWxucz0iaHR0cDovL3d3dy53My5vcmcvMjAwMC9zdmciPjwvc3ZnPg==\" class=\"lazyload\" style=\"--smush-placeholder-width: 740px; --smush-placeholder-aspect-ratio: 740\/979;\" \/><\/a>\r\n<\/dt><\/dl><dl class=\"gallery-item\">\n<dt class=\"gallery-icon\">\r\n<a href=\"https:\/\/www.lasrosas.com.ar\/portal\/wp-content\/uploads\/WhatsApp-Image-2022-07-22-at-4.03.44-PM-3.jpeg\" title=\"\" rel=\"gallery1\"><img decoding=\"async\" data-src=\"https:\/\/www.lasrosas.com.ar\/portal\/wp-content\/uploads\/WhatsApp-Image-2022-07-22-at-4.03.44-PM-3.jpeg\" width=\"740\" height=\"1110\" alt=\"\" src=\"data:image\/svg+xml;base64,PHN2ZyB3aWR0aD0iMSIgaGVpZ2h0PSIxIiB4bWxucz0iaHR0cDovL3d3dy53My5vcmcvMjAwMC9zdmciPjwvc3ZnPg==\" class=\"lazyload\" style=\"--smush-placeholder-width: 740px; --smush-placeholder-aspect-ratio: 740\/1110;\" \/><\/a>\r\n<\/dt><\/dl><dl class=\"gallery-item\">\n<dt class=\"gallery-icon\">\r\n<a href=\"https:\/\/www.lasrosas.com.ar\/portal\/wp-content\/uploads\/WhatsApp-Image-2022-07-22-at-4.03.44-PM-1.jpeg\" title=\"\" rel=\"gallery1\"><img decoding=\"async\" data-src=\"https:\/\/www.lasrosas.com.ar\/portal\/wp-content\/uploads\/WhatsApp-Image-2022-07-22-at-4.03.44-PM-1.jpeg\" width=\"740\" height=\"1078\" alt=\"\" src=\"data:image\/svg+xml;base64,PHN2ZyB3aWR0aD0iMSIgaGVpZ2h0PSIxIiB4bWxucz0iaHR0cDovL3d3dy53My5vcmcvMjAwMC9zdmciPjwvc3ZnPg==\" class=\"lazyload\" style=\"--smush-placeholder-width: 740px; --smush-placeholder-aspect-ratio: 740\/1078;\" \/><\/a>\r\n<\/dt><\/dl><br style=\"clear: both\" \/>\r\n\t\t<\/div>\n\n<p>Violet, la hija de Ben Affleck, no fue a la boda pero s\u00ed est\u00e1 en la luna de miel<\/p>\n<p>En la \u00edntima boda de Jlo y Ben Affleck no hubo muchos invitados. Fue bastante \u00edntima. Pero estuvieron sus hijos: los mellizos Emme y Max de 14 a\u00f1os, que Jennifer tuvo junto al tambi\u00e9n cantante boricua, Marc Anthony; y Seraphina de 13 y y Samuel, de 10, del actor. Sin embargo, falt\u00f3 Violet.<\/p>\n<p>Seg\u00fan Page Six, la hija mayor de Affleck no presenci\u00f3 la boda por lealtad a su madre. \u201cBen le dijo a Jen sobre la boda, pero me dijeron que eso fue el viernes como temprano. Se plane\u00f3 muy m\u00ednimamente por adelantado y fue algo del momento. Violet se qued\u00f3 en casa porque es extremadamente leal a su madre\u201d, dijo la fuente.<\/p>\n<p>Pero ahora llam\u00f3 la atenci\u00f3n que Violet haya sido de la partida del grupo que acompa\u00f1a a los flamantes esposos en su luna de miel por Par\u00eds.<\/p>\n<!-- AddThis Advanced Settings generic via filter on the_content --><!-- AddThis Share Buttons generic via filter on the_content -->","protected":false},"excerpt":{"rendered":"<p>El fin de semana pasado, la cantante y el actor se casaron en Las Vegas, y ahora fueron fotografiados durante su luna de miel en Par\u00eds. No est\u00e1n solos: los acompa\u00f1an sus hijos. Jennifer Lopez y\u00a0Ben Affleck\u00a0est\u00e1n de luna de miel en Par\u00eds. El pasado 15 de julio se\u00a0casaron en Las Vegas\u00a0en una ceremonia \u00edntima, [&hellip;]<!-- AddThis Advanced Settings generic via filter on get_the_excerpt --><!-- AddThis Share Buttons generic via filter on get_the_excerpt --><\/p>\n","protected":false},"author":6,"featured_media":55009,"comment_status":"closed","ping_status":"open","sticky":false,"template":"","format":"standard","meta":{"_acf_changed":false,"om_disable_all_campaigns":false,"_monsterinsights_skip_tracking":false,"_monsterinsights_sitenote_active":false,"_monsterinsights_sitenote_note":"","_monsterinsights_sitenote_category":0,"_uf_show_specific_survey":0,"_uf_disable_surveys":false,"footnotes":""},"categories":[100],"tags":[],"class_list":["post-55003","post","type-post","status-publish","format-standard","has-post-thumbnail","hentry","category-noticias"],"acf":[],"aioseo_notices":[],"_links":{"self":[{"href":"https:\/\/www.lasrosas.com.ar\/portal\/wp-json\/wp\/v2\/posts\/55003","targetHints":{"allow":["GET"]}}],"collection":[{"href":"https:\/\/www.lasrosas.com.ar\/portal\/wp-json\/wp\/v2\/posts"}],"about":[{"href":"https:\/\/www.lasrosas.com.ar\/portal\/wp-json\/wp\/v2\/types\/post"}],"author":[{"embeddable":true,"href":"https:\/\/www.lasrosas.com.ar\/portal\/wp-json\/wp\/v2\/users\/6"}],"replies":[{"embeddable":true,"href":"https:\/\/www.lasrosas.com.ar\/portal\/wp-json\/wp\/v2\/comments?post=55003"}],"version-history":[{"count":0,"href":"https:\/\/www.lasrosas.com.ar\/portal\/wp-json\/wp\/v2\/posts\/55003\/revisions"}],"wp:featuredmedia":[{"embeddable":true,"href":"https:\/\/www.lasrosas.com.ar\/portal\/wp-json\/wp\/v2\/media\/55009"}],"wp:attachment":[{"href":"https:\/\/www.lasrosas.com.ar\/portal\/wp-json\/wp\/v2\/media?parent=55003"}],"wp:term":[{"taxonomy":"category","embeddable":true,"href":"https:\/\/www.lasrosas.com.ar\/portal\/wp-json\/wp\/v2\/categories?post=55003"},{"taxonomy":"post_tag","embeddable":true,"href":"https:\/\/www.lasrosas.com.ar\/portal\/wp-json\/wp\/v2\/tags?post=55003"}],"curies":[{"name":"wp","href":"https:\/\/api.w.org\/{rel}","templated":true}]}}