{"id":54468,"date":"2022-07-11T12:38:18","date_gmt":"2022-07-11T15:38:18","guid":{"rendered":"https:\/\/www.lasrosas.com.ar\/portal\/?p=54468"},"modified":"2022-07-11T12:38:18","modified_gmt":"2022-07-11T15:38:18","slug":"fer-dente-y-franco-masini-protagonizaran-regreso-en-patagonia","status":"publish","type":"post","link":"https:\/\/www.lasrosas.com.ar\/portal\/fer-dente-y-franco-masini-protagonizaran-regreso-en-patagonia\/","title":{"rendered":"FER DENTE Y FRANCO MASINI PROTAGONIZAR\u00c1N \u00abREGRESO EN PATAGONIA\u00bb"},"content":{"rendered":"<p><strong>Fer Dente\u00a0y Franco Masini protagonizar\u00e1n \u00abRegreso en Patagonia\u00bb una producci\u00f3n musical en calle Corrientes que tendr\u00e1 a Nahuel Pennisi como artista invitado<\/strong><\/p>\n<p>Un nuevo y ambicioso musical desembarcar\u00e1 sobre la avenida Corrientes en el mes de septiembre. Se trata de \u201cRegreso en Patagonia\u201d basada en un libro de Alejandro G. Roemmers con m\u00fasica de Nazareno Andorno y producci\u00f3n general a cargo de Alberto Raimundo para Circus Entertainment. El equipo creativo cuenta con la direcci\u00f3n general de Sebasti\u00e1n Irigo, coreograf\u00eda de Vanesa Garc\u00eda Mill\u00e1n, supervisi\u00f3n art\u00edstica a cargo de Mart\u00edn Olivar y Manu Fabeiro, y direcci\u00f3n de producci\u00f3n de Maximiliano C\u00f3rdoba.<\/p>\n\r\n\t\t<style type='text\/css'>\r\n\t\t\t#gallery-1 {\r\n\t\t\t\tmargin: auto;\r\n\t\t\t}\r\n\t\t\t#gallery-1 .gallery-item {\r\n\t\t\t\tfloat: left;\r\n\t\t\t\tmargin-top: 10px;\r\n\t\t\t\ttext-align: center;\r\n\t\t\t\twidth: 50%;\r\n\t\t\t}\r\n\t\t\t#gallery-1 img {\r\n\t\t\t\tborder: 2px solid #cfcfcf;\r\n\t\t\t}\r\n\t\t\t#gallery-1 .gallery-caption {\r\n\t\t\t\tmargin-left: 0;\r\n\t\t\t}\r\n\t\t<\/style>\r\n\t\t<!-- see gallery_shortcode() in wp-includes\/media.php -->\n\t\t<div id='gallery-1' class='gallery galleryid-54468 gallery-columns-2 gallery-size-large gallery1'><script type=\"text\/javascript\">\r\n\/\/ <![CDATA[\r\n\tjQuery(document).ready(function () {\r\n\t\tjQuery(\".gallery1 a\").attr(\"rel\",\"gallery1\");\t\r\n\t\tjQuery('a[rel=\"gallery1\"]').colorbox({maxWidth:\"95%\", maxHeight:\"95%\",title: function(){ return jQuery(this).children().attr(\"alt\"); }, });\r\n\t});\r\n\/\/ ]]>\r\n<\/script>\n<dl class=\"gallery-item\">\n<dt class=\"gallery-icon\">\r\n<a href=\"https:\/\/www.lasrosas.com.ar\/portal\/wp-content\/uploads\/unnamed-2-30.jpg\" title=\"\" rel=\"gallery1\"><img decoding=\"async\" data-src=\"https:\/\/www.lasrosas.com.ar\/portal\/wp-content\/uploads\/unnamed-2-30.jpg\" width=\"1200\" height=\"1200\" alt=\"\" src=\"data:image\/svg+xml;base64,PHN2ZyB3aWR0aD0iMSIgaGVpZ2h0PSIxIiB4bWxucz0iaHR0cDovL3d3dy53My5vcmcvMjAwMC9zdmciPjwvc3ZnPg==\" class=\"lazyload\" style=\"--smush-placeholder-width: 1200px; --smush-placeholder-aspect-ratio: 1200\/1200;\" \/><\/a>\r\n<\/dt><\/dl><dl class=\"gallery-item\">\n<dt class=\"gallery-icon\">\r\n<a href=\"https:\/\/www.lasrosas.com.ar\/portal\/wp-content\/uploads\/unnamed-4-16.jpg\" title=\"\" rel=\"gallery1\"><img decoding=\"async\" data-src=\"https:\/\/www.lasrosas.com.ar\/portal\/wp-content\/uploads\/unnamed-4-16.jpg\" width=\"1200\" height=\"1200\" alt=\"\" src=\"data:image\/svg+xml;base64,PHN2ZyB3aWR0aD0iMSIgaGVpZ2h0PSIxIiB4bWxucz0iaHR0cDovL3d3dy53My5vcmcvMjAwMC9zdmciPjwvc3ZnPg==\" class=\"lazyload\" style=\"--smush-placeholder-width: 1200px; --smush-placeholder-aspect-ratio: 1200\/1200;\" \/><\/a>\r\n<\/dt><\/dl><br style=\"clear: both\" \/>\r\n\t\t<\/div>\n\n<p>El protagonista ser\u00e1 nada menos que Fer Dente, el m\u00e1ximo exponente del musical de su generaci\u00f3n, que luego de una exitosa temporada en \u201cKinky Boots\u201d, volver\u00e1 a subirse a escena en una megaproducci\u00f3n que promete sorprender. Pero no estar\u00e1 solo, Fer compartir\u00e1 escenario junto Franco Masini, el joven actor que se luci\u00f3 en musicales como \u201cMarco Polo\u201d y \u201cCasi Normales\u201d, y que actualmente se encuentra trabajando en Espa\u00f1a, ya confirm\u00f3 su regreso a nuestro pa\u00eds en el mes de agosto para sumarse a los ensayos de una obra conmovedora que dar\u00e1 que hablar. Y qui\u00e9n tendr\u00e1 una participaci\u00f3n especial ser\u00e1 el prestigioso Nahuel Pennisi que se incorpora a este proyecto que marcar\u00e1 su debut como actor en teatro musical. El artista que supo consagrarse en los festivales de Jes\u00fas Mar\u00eda y Cosqu\u00edn, acept\u00f3 el desaf\u00edo y firm\u00f3 el contrato para formar parte del elenco. En los pr\u00f3ximos d\u00edas comenzar\u00e1 a estudiar la letra para arrancar los ensayos a la brevedad.<\/p>\n<p>Por lo pronto, el jueves 14 de julio se llevar\u00e1n a cabo en el teatro Astral, las audiciones para cubrir los roles de ensamble y elenco. El equipo creativo convoca a actores, actrices, bailarines\/as y acr\u00f3batas entre 18 y 40 a\u00f1os con excelente formaci\u00f3n en canto y danza. Los interesados deben presentar CV y dos fotos (rostro y cuerpo entero) y elegir una pista de 1:30 de duraci\u00f3n, que sea de teatro musical contempor\u00e1neo, para demostrar el rango vocal y su capacidad interpretativa.<\/p>\n<p><img decoding=\"async\" class=\"wp-image-54472 aligncenter lazyload\" data-src=\"https:\/\/www.lasrosas.com.ar\/portal\/wp-content\/uploads\/unnamed-3-26.jpg\" alt=\"\" width=\"818\" height=\"871\" src=\"data:image\/svg+xml;base64,PHN2ZyB3aWR0aD0iMSIgaGVpZ2h0PSIxIiB4bWxucz0iaHR0cDovL3d3dy53My5vcmcvMjAwMC9zdmciPjwvc3ZnPg==\" style=\"--smush-placeholder-width: 818px; --smush-placeholder-aspect-ratio: 818\/871;\" \/><\/p>\n<p>La obra cuenta la historia de Guillermo Prado (Fer Dente) un escritor al que la vida no le sonr\u00ede. Su trabajo no lo hace feliz y sus sue\u00f1os se desvanecen en el aire. Hasta que una tarde, luego de un mal d\u00eda, recibe el llamado de Rafael (Nahuel Penissi) un amigo muy cercano, al que no ve hace tiempo y que lo invita a visitarlo a Patagonia. Guillermo cansado de todo, decide viajar. En el periplo conocer\u00e1 a un ser especial, llamado Pr\u00edncipe (Franco Masini), con el que continuar\u00e1n el viaje, cada uno en b\u00fasqueda de un amigo. Cruzar\u00e1n monta\u00f1as, r\u00edos, paisajes extraordinarios, conocer\u00e1n raros personajes y fortalecer\u00e1n su amistad. Cuando llegan a la caba\u00f1a de Rafael y su mujer, una revelaci\u00f3n cambiar\u00e1 para siempre sus vidas.<\/p>\n<p>El elenco lo completan: Laura Esquivel, Roberto Peloni y un destacado elenco de lo mejor del g\u00e9nero de nuestro pa\u00eds. \u201cRegreso en Patagonia\u201d se podr\u00e1 disfrutar de jueves a domingos con doble funci\u00f3n los d\u00edas s\u00e1bados. Las entradas salen a la venta a partir del 11 de julio en la boleter\u00eda del teatro o a trav\u00e9s del sistema de Plateanet.<\/p>\n<p><img decoding=\"async\" class=\"wp-image-54470 aligncenter lazyload\" data-src=\"https:\/\/www.lasrosas.com.ar\/portal\/wp-content\/uploads\/unnamed-5-12.jpg\" alt=\"\" width=\"661\" height=\"661\" data-srcset=\"https:\/\/www.lasrosas.com.ar\/portal\/wp-content\/uploads\/unnamed-5-12.jpg 1080w, https:\/\/www.lasrosas.com.ar\/portal\/wp-content\/uploads\/unnamed-5-12-960x960.jpg 960w\" data-sizes=\"(max-width: 661px) 100vw, 661px\" src=\"data:image\/svg+xml;base64,PHN2ZyB3aWR0aD0iMSIgaGVpZ2h0PSIxIiB4bWxucz0iaHR0cDovL3d3dy53My5vcmcvMjAwMC9zdmciPjwvc3ZnPg==\" style=\"--smush-placeholder-width: 661px; --smush-placeholder-aspect-ratio: 661\/661;\" \/><\/p>\n<!-- AddThis Advanced Settings generic via filter on the_content --><!-- AddThis Share Buttons generic via filter on the_content -->","protected":false},"excerpt":{"rendered":"<p>Fer Dente\u00a0y Franco Masini protagonizar\u00e1n \u00abRegreso en Patagonia\u00bb una producci\u00f3n musical en calle Corrientes que tendr\u00e1 a Nahuel Pennisi como artista invitado Un nuevo y ambicioso musical desembarcar\u00e1 sobre la avenida Corrientes en el mes de septiembre. Se trata de \u201cRegreso en Patagonia\u201d basada en un libro de Alejandro G. Roemmers con m\u00fasica de Nazareno [&hellip;]<!-- AddThis Advanced Settings generic via filter on get_the_excerpt --><!-- AddThis Share Buttons generic via filter on get_the_excerpt --><\/p>\n","protected":false},"author":6,"featured_media":54474,"comment_status":"closed","ping_status":"open","sticky":false,"template":"","format":"standard","meta":{"_acf_changed":false,"om_disable_all_campaigns":false,"_monsterinsights_skip_tracking":false,"_monsterinsights_sitenote_active":false,"_monsterinsights_sitenote_note":"","_monsterinsights_sitenote_category":0,"_uf_show_specific_survey":0,"_uf_disable_surveys":false,"footnotes":""},"categories":[100],"tags":[],"class_list":["post-54468","post","type-post","status-publish","format-standard","has-post-thumbnail","hentry","category-noticias"],"acf":[],"aioseo_notices":[],"_links":{"self":[{"href":"https:\/\/www.lasrosas.com.ar\/portal\/wp-json\/wp\/v2\/posts\/54468","targetHints":{"allow":["GET"]}}],"collection":[{"href":"https:\/\/www.lasrosas.com.ar\/portal\/wp-json\/wp\/v2\/posts"}],"about":[{"href":"https:\/\/www.lasrosas.com.ar\/portal\/wp-json\/wp\/v2\/types\/post"}],"author":[{"embeddable":true,"href":"https:\/\/www.lasrosas.com.ar\/portal\/wp-json\/wp\/v2\/users\/6"}],"replies":[{"embeddable":true,"href":"https:\/\/www.lasrosas.com.ar\/portal\/wp-json\/wp\/v2\/comments?post=54468"}],"version-history":[{"count":0,"href":"https:\/\/www.lasrosas.com.ar\/portal\/wp-json\/wp\/v2\/posts\/54468\/revisions"}],"wp:featuredmedia":[{"embeddable":true,"href":"https:\/\/www.lasrosas.com.ar\/portal\/wp-json\/wp\/v2\/media\/54474"}],"wp:attachment":[{"href":"https:\/\/www.lasrosas.com.ar\/portal\/wp-json\/wp\/v2\/media?parent=54468"}],"wp:term":[{"taxonomy":"category","embeddable":true,"href":"https:\/\/www.lasrosas.com.ar\/portal\/wp-json\/wp\/v2\/categories?post=54468"},{"taxonomy":"post_tag","embeddable":true,"href":"https:\/\/www.lasrosas.com.ar\/portal\/wp-json\/wp\/v2\/tags?post=54468"}],"curies":[{"name":"wp","href":"https:\/\/api.w.org\/{rel}","templated":true}]}}