{"id":54455,"date":"2022-07-11T11:33:36","date_gmt":"2022-07-11T14:33:36","guid":{"rendered":"https:\/\/www.lasrosas.com.ar\/portal\/?p=54455"},"modified":"2022-07-11T11:33:36","modified_gmt":"2022-07-11T14:33:36","slug":"seven-kayne-anuncio-su-primera-gira-por-cordoba-y-rosario","status":"publish","type":"post","link":"https:\/\/www.lasrosas.com.ar\/portal\/seven-kayne-anuncio-su-primera-gira-por-cordoba-y-rosario\/","title":{"rendered":"SEVEN KAYNE ANUNCI\u00d3 SU PRIMERA GIRA POR C\u00d3RDOBA Y ROSARIO"},"content":{"rendered":"<p><span style=\"font-weight: 400;\">El m\u00fasico y compositor confirm\u00f3 las nuevas fechas en la celebraci\u00f3n del 7\/7, donde sorprendi\u00f3 a sus fans de Buenos Aires con un mini show en vivo.<\/span><\/p>\n<p><span style=\"font-weight: 400;\">Una fecha tan particular para Seven como es el 7\/7 no pod\u00eda pasar por alto, es por eso que Kayne decidi\u00f3 <\/span><b>montar una muestra con todo lo que forma parte de su proyecto.<\/b><span style=\"font-weight: 400;\"> Para lograrlo, public\u00f3 un d\u00eda antes solo una direcci\u00f3n en sus redes, nada m\u00e1s. Varios fans se acercaron y se encontraron con una exhibici\u00f3n de los instrumentos y artes del m\u00fasico, los cuales utiliz\u00f3 para sus videos; adem\u00e1s de merchandising y parte de los atuendos que suele usar para sus shows.\u00a0<\/span><\/p>\n<p><b>Lo que no esperaban es que apareciera Seven Kayne y les regalase una presentaci\u00f3n \u00edntima<\/b><span style=\"font-weight: 400;\">, donde interpret\u00f3 <\/span><a href=\"https:\/\/open.spotify.com\/track\/3Q2nwcy3G53BdUNLLJqmk4?si=593db3c7b3544ec4\"><span style=\"font-weight: 400;\">\u00abD\u00e1melo\u00bb<\/span><\/a><span style=\"font-weight: 400;\"> remix, <\/span><a href=\"https:\/\/open.spotify.com\/album\/41MmYyl9Jel3tu3Y6h7ULF?si=GXMCpi06SZCRbOErVX2M4g\"><span style=\"font-weight: 400;\">737<\/span><\/a><span style=\"font-weight: 400;\"> y <\/span><a href=\"https:\/\/open.spotify.com\/album\/2NtQ2Ke4PsNhL7DbWWKU0k?si=70de38dc2a5e420b\"><span style=\"font-weight: 400;\">\u00abNO S\u00c9 XQ\u00bb<\/span><\/a><span style=\"font-weight: 400;\"> su canci\u00f3n m\u00e1s reciente. En el marco de este sorpresivo show para sus fans, <\/span><span style=\"font-weight: 400;\">Seven anunci\u00f3 su primera gira para el 16 de septiembre en <\/span><b>ROSARIO<\/b><span style=\"font-weight: 400;\"> (Sala de las Artes) y el 17 de septiembre en <\/span><b>C\u00d3RDOBA<\/b><span style=\"font-weight: 400;\"> (Club Paraguay).\u00a0<\/span><\/p>\n<p><span style=\"font-weight: 400;\">Producido por <\/span><b>DF Entertainment<\/b><span style=\"font-weight: 400;\"> y presentado por <\/span><b>Flow<\/b><span style=\"font-weight: 400;\"> y <\/span><b>Samsung<\/b><span style=\"font-weight: 400;\">, los tickets se podr\u00e1n conseguir a trav\u00e9s de <\/span><a href=\"https:\/\/www.allaccess.com.ar\/event\/seven-kayne-cordoba\"><span style=\"font-weight: 400;\">All Access<\/span><\/a><span style=\"font-weight: 400;\">, en C\u00f3rdoba, y <\/span><a href=\"https:\/\/entradaplay.com\/\"><span style=\"font-weight: 400;\">Entrada Play<\/span><\/a><span style=\"font-weight: 400;\">, en Rosario, a partir del lunes 11 de julio. A su vez, los clientes de Club Personal contar\u00e1n con el 15% de descuento para disfrutar el show.<\/span><\/p>\n<p><img decoding=\"async\" class=\"wp-image-54457 aligncenter lazyload\" data-src=\"https:\/\/www.lasrosas.com.ar\/portal\/wp-content\/uploads\/SEVEN-KAYNE.jpg\" alt=\"\" width=\"867\" height=\"578\" data-srcset=\"https:\/\/www.lasrosas.com.ar\/portal\/wp-content\/uploads\/SEVEN-KAYNE.jpg 2048w, https:\/\/www.lasrosas.com.ar\/portal\/wp-content\/uploads\/SEVEN-KAYNE-960x640.jpg 960w, https:\/\/www.lasrosas.com.ar\/portal\/wp-content\/uploads\/SEVEN-KAYNE-1920x1280.jpg 1920w\" data-sizes=\"(max-width: 867px) 100vw, 867px\" src=\"data:image\/svg+xml;base64,PHN2ZyB3aWR0aD0iMSIgaGVpZ2h0PSIxIiB4bWxucz0iaHR0cDovL3d3dy53My5vcmcvMjAwMC9zdmciPjwvc3ZnPg==\" style=\"--smush-placeholder-width: 867px; --smush-placeholder-aspect-ratio: 867\/578;\" \/><\/p>\n<p><b>Seven Kayne<\/b><span style=\"font-weight: 400;\"> se ha estado se est\u00e1 consolidando como uno de los artistas m\u00e1s resonantes del nuevo circuito desde sus inicios con <\/span><a href=\"https:\/\/open.spotify.com\/track\/1NKwmnPXpm2WaZbiPBcfYY?si=0039509b8bb9487e\"><span style=\"font-weight: 400;\">\u201csi te lastim\u00e9\u201d<\/span><\/a><span style=\"font-weight: 400;\">, pasando por <\/span><a href=\"https:\/\/drive.google.com\/drive\/folders\/1XvohszQd0TfiBXC3FTkIsi0dPfrGtJvy?usp=sharing\"><b>su mega show en la \u00faltima edici\u00f3n de Lollapalooza Argentina<\/b><\/a><span style=\"font-weight: 400;\">, el lanzamiento de su <\/span><b>EP <\/b><a href=\"https:\/\/open.spotify.com\/album\/1DHS9kMaklrQAiiOxUAzmO?si=ZBn0XtECT_Ozl66fGPuqWQ\"><b>\u201cSiete Secretos\u201d<\/b><\/a><span style=\"font-weight: 400;\"> -que se volvi\u00f3 viral en TikTok- y <\/span><b>su show sold out en el Teatro Vorterix<\/b><span style=\"font-weight: 400;\"> en mayo. Este nuevo recorrido, muestra una direcci\u00f3n musical minimalista y comercial de Kayne sin abandonar su caracter\u00edstica ejecuci\u00f3n vocal en <\/span><a href=\"https:\/\/open.spotify.com\/album\/2NtQ2Ke4PsNhL7DbWWKU0k?si=70de38dc2a5e420b\"><b>\u201cNO S\u00c9 XQ\u201d<\/b><\/a><span style=\"font-weight: 400;\">, secuela de su exitoso tema <\/span><a href=\"https:\/\/open.spotify.com\/track\/48Qj2SZJpEJ9ToXwcyJBhC?si=d3ef6b4be73446bc\"><span style=\"font-weight: 400;\">\u201cEso Que Ten\u00e9s\u201d<\/span><\/a><span style=\"font-weight: 400;\">.<\/span><\/p>\n<p><a href=\"https:\/\/open.spotify.com\/album\/2NtQ2Ke4PsNhL7DbWWKU0k?si=70de38dc2a5e420b\"><b>\u201cNO S\u00c9 XQ\u201d<\/b><\/a> <span style=\"font-weight: 400;\">cuenta con una apertura sencilla e infecciosa que, junto con la letra, invita al oyente a apreciar el amor de esa persona especial en la vida de todos. Se pueden esperar nuevos giros s\u00f3nicos por parte de Kayne mientras contin\u00faa conquistando la industria musical con su distintivo sonido.<\/span><\/p>\n<!-- AddThis Advanced Settings generic via filter on the_content --><!-- AddThis Share Buttons generic via filter on the_content -->","protected":false},"excerpt":{"rendered":"<p>El m\u00fasico y compositor confirm\u00f3 las nuevas fechas en la celebraci\u00f3n del 7\/7, donde sorprendi\u00f3 a sus fans de Buenos Aires con un mini show en vivo. Una fecha tan particular para Seven como es el 7\/7 no pod\u00eda pasar por alto, es por eso que Kayne decidi\u00f3 montar una muestra con todo lo que [&hellip;]<!-- AddThis Advanced Settings generic via filter on get_the_excerpt --><!-- AddThis Share Buttons generic via filter on get_the_excerpt --><\/p>\n","protected":false},"author":6,"featured_media":54456,"comment_status":"closed","ping_status":"open","sticky":false,"template":"","format":"standard","meta":{"_acf_changed":false,"om_disable_all_campaigns":false,"_monsterinsights_skip_tracking":false,"_monsterinsights_sitenote_active":false,"_monsterinsights_sitenote_note":"","_monsterinsights_sitenote_category":0,"_uf_show_specific_survey":0,"_uf_disable_surveys":false,"footnotes":""},"categories":[100],"tags":[],"class_list":["post-54455","post","type-post","status-publish","format-standard","has-post-thumbnail","hentry","category-noticias"],"acf":[],"aioseo_notices":[],"_links":{"self":[{"href":"https:\/\/www.lasrosas.com.ar\/portal\/wp-json\/wp\/v2\/posts\/54455","targetHints":{"allow":["GET"]}}],"collection":[{"href":"https:\/\/www.lasrosas.com.ar\/portal\/wp-json\/wp\/v2\/posts"}],"about":[{"href":"https:\/\/www.lasrosas.com.ar\/portal\/wp-json\/wp\/v2\/types\/post"}],"author":[{"embeddable":true,"href":"https:\/\/www.lasrosas.com.ar\/portal\/wp-json\/wp\/v2\/users\/6"}],"replies":[{"embeddable":true,"href":"https:\/\/www.lasrosas.com.ar\/portal\/wp-json\/wp\/v2\/comments?post=54455"}],"version-history":[{"count":0,"href":"https:\/\/www.lasrosas.com.ar\/portal\/wp-json\/wp\/v2\/posts\/54455\/revisions"}],"wp:featuredmedia":[{"embeddable":true,"href":"https:\/\/www.lasrosas.com.ar\/portal\/wp-json\/wp\/v2\/media\/54456"}],"wp:attachment":[{"href":"https:\/\/www.lasrosas.com.ar\/portal\/wp-json\/wp\/v2\/media?parent=54455"}],"wp:term":[{"taxonomy":"category","embeddable":true,"href":"https:\/\/www.lasrosas.com.ar\/portal\/wp-json\/wp\/v2\/categories?post=54455"},{"taxonomy":"post_tag","embeddable":true,"href":"https:\/\/www.lasrosas.com.ar\/portal\/wp-json\/wp\/v2\/tags?post=54455"}],"curies":[{"name":"wp","href":"https:\/\/api.w.org\/{rel}","templated":true}]}}