{"id":54315,"date":"2022-07-08T13:06:51","date_gmt":"2022-07-08T16:06:51","guid":{"rendered":"https:\/\/www.lasrosas.com.ar\/portal\/?p=54315"},"modified":"2022-07-08T13:06:51","modified_gmt":"2022-07-08T16:06:51","slug":"en-que-consiste-la-prosopagnosia-enfermedad-poco-habitual-que-sufre-brad-pitt","status":"publish","type":"post","link":"https:\/\/www.lasrosas.com.ar\/portal\/en-que-consiste-la-prosopagnosia-enfermedad-poco-habitual-que-sufre-brad-pitt\/","title":{"rendered":"EN QU\u00c9 CONSISTE LA PROSOPAGNOSIA, ENFERMEDAD POCO HABITUAL QUE SUFRE BRAD PITT"},"content":{"rendered":"<p>\u00ab\u00a1Nadie me cree!\u00bb, asegur\u00f3 el actor al contar que es incapaz de reconocer las caras de la gente.<\/p>\n<p>Conocido por sus papeles protagonistas en muchas de las pel\u00edculas m\u00e1s taquilleras, la leyenda de Hollywood Brad Pitt, ha comentado el motivo por el que muchos pueden llegar a pensar que es un prepotente o un grosero&#8230; A pesar de que a sus 58 a\u00f1os de edad siga trabajando en la industria del cine y f\u00edsicamente lo veamos igual de guapo que siempre, ha revelado que sufre prosopagnosia o \u00abceguera facial\u00bb.<\/p>\n<p>\u00ab\u00a1Nadie me cree!\u00bb, asegur\u00f3 el actor en una entrevista para el medio CQ al contar que ese es el motivo por el que es incapaz de reconocer las caras de la gente. A pesar de no contar con un diagn\u00f3stico oficial, el actor est\u00e1 bastante seguro de que padece esa enfermedad y le preocupa que por ello la gente crea que es distante o inaccesible.<\/p>\n<p>El actor reconoci\u00f3 que le cuesta recordar a las personas nuevas o reconocer sus rostros, algo que hace que se sienta avergonzado en muchas ocasiones, pero esto no es algo reciente. De hecho, en el a\u00f1o 2013 coment\u00f3 a Esquire que muchas personas le odian porque piensan que les falta al respeto. \u00abDe vez en cuando, alguien me da contexto y digo: Gracias por ayudarme\u00bb, reconoci\u00f3 el actor.<\/p>\n<p>Durante ese mismo a\u00f1o, coment\u00f3 a Esquire que \u201cHubo un a\u00f1o en el que simplemente dije, este a\u00f1o voy a afrontarlo y preguntarle a la gente d\u00f3nde nos conocimos, pero todo empeor\u00f3. Las personas todav\u00eda se ofend\u00edan m\u00e1s e interpretaban mi problema como un gesto de vanidad o egolatr\u00eda. Pero es un misterio para m\u00ed, simplemente no puedo recordar un rostro\u201d, relat\u00f3 Pitt.<\/p>\n<p><img decoding=\"async\" class=\"size-full wp-image-54316 aligncenter lazyload\" data-src=\"https:\/\/www.lasrosas.com.ar\/portal\/wp-content\/uploads\/I5IMOU5HE5G37HL4NXIMQ5KN24.jpg\" alt=\"\" width=\"800\" height=\"467\" src=\"data:image\/svg+xml;base64,PHN2ZyB3aWR0aD0iMSIgaGVpZ2h0PSIxIiB4bWxucz0iaHR0cDovL3d3dy53My5vcmcvMjAwMC9zdmciPjwvc3ZnPg==\" style=\"--smush-placeholder-width: 800px; --smush-placeholder-aspect-ratio: 800\/467;\" \/><\/p>\n<p><strong>\u00bfEn qu\u00e9 consiste esta \u00abceguera facial\u00bb?<\/strong><\/p>\n<p>La prosopagnosia se basa en la dificultad para distinguir una cara conocida, tal y como se\u00f1ala la Revista Cient\u00edfica de la Sociedad Espa\u00f1ola de Enfermer\u00eda Neurol\u00f3gica. De hecho, se produce una desconexi\u00f3n entre el cerebro y la vista y, aunque el paciente sepa que est\u00e1 viendo una cara, no reconoce de qui\u00e9n se trata.<\/p>\n<p>Este tipo de \u00abceguera facial\u00bb puede producirse cuando existe alguna lesi\u00f3n en el cerebro o simplemente manifestarse sin ninguna causa, sobre todo durante nuestros primeros a\u00f1os de vida. Adem\u00e1s, la prosopagnosia puede ser aperceptiva (todos los rostros te parecen iguales) o asociativa, que es la que sufre Brad. Esta \u00faltima, se basa en que se reconocen algunos rasgos, pero no los identifican con la persona conocida que los tiene.<\/p>\n<p>&nbsp;<\/p>\n<!-- AddThis Advanced Settings generic via filter on the_content --><!-- AddThis Share Buttons generic via filter on the_content -->","protected":false},"excerpt":{"rendered":"<p>\u00ab\u00a1Nadie me cree!\u00bb, asegur\u00f3 el actor al contar que es incapaz de reconocer las caras de la gente. Conocido por sus papeles protagonistas en muchas de las pel\u00edculas m\u00e1s taquilleras, la leyenda de Hollywood Brad Pitt, ha comentado el motivo por el que muchos pueden llegar a pensar que es un prepotente o un grosero&#8230; [&hellip;]<!-- AddThis Advanced Settings generic via filter on get_the_excerpt --><!-- AddThis Share Buttons generic via filter on get_the_excerpt --><\/p>\n","protected":false},"author":6,"featured_media":54317,"comment_status":"closed","ping_status":"open","sticky":false,"template":"","format":"standard","meta":{"_acf_changed":false,"om_disable_all_campaigns":false,"_monsterinsights_skip_tracking":false,"_monsterinsights_sitenote_active":false,"_monsterinsights_sitenote_note":"","_monsterinsights_sitenote_category":0,"_uf_show_specific_survey":0,"_uf_disable_surveys":false,"footnotes":""},"categories":[100],"tags":[],"class_list":["post-54315","post","type-post","status-publish","format-standard","has-post-thumbnail","hentry","category-noticias"],"acf":[],"aioseo_notices":[],"_links":{"self":[{"href":"https:\/\/www.lasrosas.com.ar\/portal\/wp-json\/wp\/v2\/posts\/54315","targetHints":{"allow":["GET"]}}],"collection":[{"href":"https:\/\/www.lasrosas.com.ar\/portal\/wp-json\/wp\/v2\/posts"}],"about":[{"href":"https:\/\/www.lasrosas.com.ar\/portal\/wp-json\/wp\/v2\/types\/post"}],"author":[{"embeddable":true,"href":"https:\/\/www.lasrosas.com.ar\/portal\/wp-json\/wp\/v2\/users\/6"}],"replies":[{"embeddable":true,"href":"https:\/\/www.lasrosas.com.ar\/portal\/wp-json\/wp\/v2\/comments?post=54315"}],"version-history":[{"count":0,"href":"https:\/\/www.lasrosas.com.ar\/portal\/wp-json\/wp\/v2\/posts\/54315\/revisions"}],"wp:featuredmedia":[{"embeddable":true,"href":"https:\/\/www.lasrosas.com.ar\/portal\/wp-json\/wp\/v2\/media\/54317"}],"wp:attachment":[{"href":"https:\/\/www.lasrosas.com.ar\/portal\/wp-json\/wp\/v2\/media?parent=54315"}],"wp:term":[{"taxonomy":"category","embeddable":true,"href":"https:\/\/www.lasrosas.com.ar\/portal\/wp-json\/wp\/v2\/categories?post=54315"},{"taxonomy":"post_tag","embeddable":true,"href":"https:\/\/www.lasrosas.com.ar\/portal\/wp-json\/wp\/v2\/tags?post=54315"}],"curies":[{"name":"wp","href":"https:\/\/api.w.org\/{rel}","templated":true}]}}