{"id":54248,"date":"2022-07-07T13:21:27","date_gmt":"2022-07-07T16:21:27","guid":{"rendered":"https:\/\/www.lasrosas.com.ar\/portal\/?p=54248"},"modified":"2022-07-07T13:24:15","modified_gmt":"2022-07-07T16:24:15","slug":"se-viene-shrek-5-una-publicacion-ilusiono-a-todos-los-fanaticos","status":"publish","type":"post","link":"https:\/\/www.lasrosas.com.ar\/portal\/se-viene-shrek-5-una-publicacion-ilusiono-a-todos-los-fanaticos\/","title":{"rendered":"\u00bfSE VIENE SHREK 5? UNA PUBLICACI\u00d3N ILUSIONA A TODOS LOS FAN\u00c1TICOS"},"content":{"rendered":"<p>El tweet se viraliz\u00f3 y los fans de la franquicia esperan con ansias m\u00e1s informaci\u00f3n.<\/p>\n<p>A trav\u00e9s de redes sociales, la productora de Shrek lanz\u00f3 un tweet con una misteriosa descripci\u00f3n y un, a\u00fan m\u00e1s extra\u00f1o, video. Pero no espec\u00edfico nada m\u00e1s, lo que dejo a los fan\u00e1ticos especulando sobre que podr\u00eda significar.<\/p>\n<p>El video, que dura 10 segundos, esta compuesto por dos fotos que nos dejan ver a los peque\u00f1os hijos de Shrek y Fiona, los pies del ogro, que parece estar acostado, y una F que, desde el fondo, se roba toda la atenci\u00f3n.<\/p>\n<p>Acompa\u00f1ando el clip, la descripci\u00f3n dice: \u00abF es de Fiona, Fergus, Farkle, Felicia, Familia, Far Far Away&#8230;\u00bfContinuamos\u00bb, lo que llev\u00f3 a los fans a especular sobre si podr\u00eda ser el adelanto de la trama que puede tratar esta nueva pel\u00edcula.<\/p>\n<blockquote class=\"twitter-tweet\">\n<p dir=\"ltr\" lang=\"en\">F is for Fiona, Fergus, Farkle, Felicia, Family, Far Far Away&#8230; shall we go on? &#x1f498; <a href=\"https:\/\/t.co\/NQFiKg3Z6l\">pic.twitter.com\/NQFiKg3Z6l<\/a><\/p>\n<p>\u2014 dreamworksjr (@dreamworksjr) <a href=\"https:\/\/twitter.com\/dreamworksjr\/status\/1541526784612544513?ref_src=twsrc%5Etfw\">June 27, 2022<\/a><\/p><\/blockquote>\n<p><script async src=\"https:\/\/platform.twitter.com\/widgets.js\" charset=\"utf-8\"><\/script><\/p>\n<p>Adem\u00e1s, este misterioso twit, lleg\u00f3 despu\u00e9s de que se diera la noticia de que Cameron Diaz regresar\u00eda a la actuaci\u00f3n tras no aparecer en ning\u00fan filme desde el 2014. La actriz es quien se encarga de darle la vida a la princesa Fiona, por lo que podr\u00eda significar una posibilidad de que pronto la veamos en pantalla desempe\u00f1ando ese papel.<\/p>\n<p>Con 4 pel\u00edculas, la franquicia que comenz\u00f3 en el 2001, obtuv\u00f3 el premio \u00d3scar a la Mejor Pel\u00edcula Animada. A trav\u00e9s de los filmes, nos present\u00f3 la historia de Shrek y como cambi\u00f3 su vida tras salvar a la princesa Fiona, conocer a Burro y los retos que le present\u00f3 ser padre de 3 peque\u00f1os.<\/p>\n<!-- AddThis Advanced Settings generic via filter on the_content --><!-- AddThis Share Buttons generic via filter on the_content -->","protected":false},"excerpt":{"rendered":"<p>El tweet se viraliz\u00f3 y los fans de la franquicia esperan con ansias m\u00e1s informaci\u00f3n. A trav\u00e9s de redes sociales, la productora de Shrek lanz\u00f3 un tweet con una misteriosa descripci\u00f3n y un, a\u00fan m\u00e1s extra\u00f1o, video. Pero no espec\u00edfico nada m\u00e1s, lo que dejo a los fan\u00e1ticos especulando sobre que podr\u00eda significar. El video, [&hellip;]<!-- AddThis Advanced Settings generic via filter on get_the_excerpt --><!-- AddThis Share Buttons generic via filter on get_the_excerpt --><\/p>\n","protected":false},"author":6,"featured_media":54250,"comment_status":"closed","ping_status":"open","sticky":false,"template":"","format":"standard","meta":{"_acf_changed":false,"om_disable_all_campaigns":false,"_monsterinsights_skip_tracking":false,"_monsterinsights_sitenote_active":false,"_monsterinsights_sitenote_note":"","_monsterinsights_sitenote_category":0,"_uf_show_specific_survey":0,"_uf_disable_surveys":false,"footnotes":""},"categories":[100],"tags":[],"class_list":["post-54248","post","type-post","status-publish","format-standard","has-post-thumbnail","hentry","category-noticias"],"acf":[],"aioseo_notices":[],"_links":{"self":[{"href":"https:\/\/www.lasrosas.com.ar\/portal\/wp-json\/wp\/v2\/posts\/54248","targetHints":{"allow":["GET"]}}],"collection":[{"href":"https:\/\/www.lasrosas.com.ar\/portal\/wp-json\/wp\/v2\/posts"}],"about":[{"href":"https:\/\/www.lasrosas.com.ar\/portal\/wp-json\/wp\/v2\/types\/post"}],"author":[{"embeddable":true,"href":"https:\/\/www.lasrosas.com.ar\/portal\/wp-json\/wp\/v2\/users\/6"}],"replies":[{"embeddable":true,"href":"https:\/\/www.lasrosas.com.ar\/portal\/wp-json\/wp\/v2\/comments?post=54248"}],"version-history":[{"count":0,"href":"https:\/\/www.lasrosas.com.ar\/portal\/wp-json\/wp\/v2\/posts\/54248\/revisions"}],"wp:featuredmedia":[{"embeddable":true,"href":"https:\/\/www.lasrosas.com.ar\/portal\/wp-json\/wp\/v2\/media\/54250"}],"wp:attachment":[{"href":"https:\/\/www.lasrosas.com.ar\/portal\/wp-json\/wp\/v2\/media?parent=54248"}],"wp:term":[{"taxonomy":"category","embeddable":true,"href":"https:\/\/www.lasrosas.com.ar\/portal\/wp-json\/wp\/v2\/categories?post=54248"},{"taxonomy":"post_tag","embeddable":true,"href":"https:\/\/www.lasrosas.com.ar\/portal\/wp-json\/wp\/v2\/tags?post=54248"}],"curies":[{"name":"wp","href":"https:\/\/api.w.org\/{rel}","templated":true}]}}