{"id":53827,"date":"2022-06-27T14:34:43","date_gmt":"2022-06-27T17:34:43","guid":{"rendered":"https:\/\/www.lasrosas.com.ar\/portal\/?p=53827"},"modified":"2022-06-27T12:36:28","modified_gmt":"2022-06-27T15:36:28","slug":"hailey-bieber-enfrenta-problemas-legales","status":"publish","type":"post","link":"https:\/\/www.lasrosas.com.ar\/portal\/hailey-bieber-enfrenta-problemas-legales\/","title":{"rendered":"HAILEY BIEBER ENFRENTA PROBLEMAS LEGALES"},"content":{"rendered":"<p>La modelo lanz\u00f3 su l\u00ednea de cosm\u00e9ticos hace pocos d\u00edas y ya se enfrenta a una causa judicial.<\/p>\n<p>Hailey Bieber est\u00e1 pasando por un momento bastante complicado: adem\u00e1s de los problemas de salud de su marido -Justi Bieber, quien sufre de una par\u00e1lisis facial- la modelo enfrenta una demanda por el nombre de su nueva l\u00ednea de cosm\u00e9ticos que sali\u00f3 al mercado hace muy pocos d\u00edas.<\/p>\n<p>\u00ab<strong>Rhode\u00bb<\/strong>\u00a0es el nombre que hab\u00eda elegido, en referencia a su segundo nombre. El conflicto surge a ra\u00edz que hace 9 a\u00f1os existe una firma de ropa registrada con ese mismo nombre, por lo que comenzaron un proceso legal en su contra.<\/p>\n<p><img decoding=\"async\" class=\"wp-image-53829 aligncenter lazyload\" data-src=\"https:\/\/www.lasrosas.com.ar\/portal\/wp-content\/uploads\/WhatsApp-Image-2022-06-27-at-12.35.41-PM-1.jpeg\" alt=\"\" width=\"623\" height=\"779\" src=\"data:image\/svg+xml;base64,PHN2ZyB3aWR0aD0iMSIgaGVpZ2h0PSIxIiB4bWxucz0iaHR0cDovL3d3dy53My5vcmcvMjAwMC9zdmciPjwvc3ZnPg==\" style=\"--smush-placeholder-width: 623px; --smush-placeholder-aspect-ratio: 623\/779;\" \/><\/p>\n<p><strong>Purna Khatau y Phoebe Vickers<\/strong>\u00a0son quienes iniciaron la demanda y explicaron que el motivo de esta medida es la dedicaci\u00f3n que han invertido en hacer crecer y nutrir su marca a trav\u00e9s de\u00a0<strong>\u00abmuchos sacrificios personales y dificultades\u00bb<\/strong>, por lo que este lanzamiento est\u00e1 causando \u00abconfusi\u00f3n en el mercado\u00bb.<\/p>\n<p>Fue a trav\u00e9s de su cuenta de Instagram que la l\u00ednea\u00a0RHODE NYC hizo p\u00fablico que una gran cantidad de usuarios etiquetan a la empresa de Hailey Bieber en fotograf\u00edas con ropa de su firma.<\/p>\n<!-- AddThis Advanced Settings generic via filter on the_content --><!-- AddThis Share Buttons generic via filter on the_content -->","protected":false},"excerpt":{"rendered":"<p>La modelo lanz\u00f3 su l\u00ednea de cosm\u00e9ticos hace pocos d\u00edas y ya se enfrenta a una causa judicial. Hailey Bieber est\u00e1 pasando por un momento bastante complicado: adem\u00e1s de los problemas de salud de su marido -Justi Bieber, quien sufre de una par\u00e1lisis facial- la modelo enfrenta una demanda por el nombre de su nueva [&hellip;]<!-- AddThis Advanced Settings generic via filter on get_the_excerpt --><!-- AddThis Share Buttons generic via filter on get_the_excerpt --><\/p>\n","protected":false},"author":6,"featured_media":53828,"comment_status":"closed","ping_status":"open","sticky":false,"template":"","format":"standard","meta":{"_acf_changed":false,"om_disable_all_campaigns":false,"_monsterinsights_skip_tracking":false,"_monsterinsights_sitenote_active":false,"_monsterinsights_sitenote_note":"","_monsterinsights_sitenote_category":0,"_uf_show_specific_survey":0,"_uf_disable_surveys":false,"footnotes":""},"categories":[376,100,30],"tags":[],"class_list":["post-53827","post","type-post","status-publish","format-standard","has-post-thumbnail","hentry","category-lifestyle","category-noticias","category-moda"],"acf":[],"aioseo_notices":[],"_links":{"self":[{"href":"https:\/\/www.lasrosas.com.ar\/portal\/wp-json\/wp\/v2\/posts\/53827","targetHints":{"allow":["GET"]}}],"collection":[{"href":"https:\/\/www.lasrosas.com.ar\/portal\/wp-json\/wp\/v2\/posts"}],"about":[{"href":"https:\/\/www.lasrosas.com.ar\/portal\/wp-json\/wp\/v2\/types\/post"}],"author":[{"embeddable":true,"href":"https:\/\/www.lasrosas.com.ar\/portal\/wp-json\/wp\/v2\/users\/6"}],"replies":[{"embeddable":true,"href":"https:\/\/www.lasrosas.com.ar\/portal\/wp-json\/wp\/v2\/comments?post=53827"}],"version-history":[{"count":0,"href":"https:\/\/www.lasrosas.com.ar\/portal\/wp-json\/wp\/v2\/posts\/53827\/revisions"}],"wp:featuredmedia":[{"embeddable":true,"href":"https:\/\/www.lasrosas.com.ar\/portal\/wp-json\/wp\/v2\/media\/53828"}],"wp:attachment":[{"href":"https:\/\/www.lasrosas.com.ar\/portal\/wp-json\/wp\/v2\/media?parent=53827"}],"wp:term":[{"taxonomy":"category","embeddable":true,"href":"https:\/\/www.lasrosas.com.ar\/portal\/wp-json\/wp\/v2\/categories?post=53827"},{"taxonomy":"post_tag","embeddable":true,"href":"https:\/\/www.lasrosas.com.ar\/portal\/wp-json\/wp\/v2\/tags?post=53827"}],"curies":[{"name":"wp","href":"https:\/\/api.w.org\/{rel}","templated":true}]}}