{"id":53693,"date":"2022-06-24T16:22:25","date_gmt":"2022-06-24T19:22:25","guid":{"rendered":"https:\/\/www.lasrosas.com.ar\/portal\/?p=53693"},"modified":"2022-06-24T16:22:25","modified_gmt":"2022-06-24T19:22:25","slug":"mcdonalds-organizara-clinicas-de-futbol-y-talleres-de-conciencia-ambiental-para-ninos-y-ninas-de-todo-el-pais","status":"publish","type":"post","link":"https:\/\/www.lasrosas.com.ar\/portal\/mcdonalds-organizara-clinicas-de-futbol-y-talleres-de-conciencia-ambiental-para-ninos-y-ninas-de-todo-el-pais\/","title":{"rendered":"MCDONALD\u2019S ORGANIZAR\u00c1 CL\u00cdNICAS DE F\u00daTBOL Y TALLERES DE CONCIENCIA AMBIENTAL PARA NI\u00d1OS Y NI\u00d1AS DE TODO EL PA\u00cdS"},"content":{"rendered":"<p><b><i>De la mano de AFA Football Technology Institute, y junto a organizaciones no gubernamentales, la compa\u00f1\u00eda har\u00e1 un recorrido por 12 ciudades argentinas para promover el deporte y el cuidado del medio ambiente. \u201cCamino al Mundial\u201d comenzar\u00e1 el 25 de junio en Posadas, Misiones y culminar\u00e1 en noviembre en la Ciudad Aut\u00f3noma de Buenos Aires.<\/i><\/b><\/p>\n<p><span style=\"font-weight: 400;\">A partir del 25 de junio, McDonald\u2019s dar\u00e1 inicio a \u201cCamino al Mundial\u201d; un circuito de cl\u00ednicas de f\u00fatbol que la compa\u00f1\u00eda organizar\u00e1 junto al Instituto Tecnol\u00f3gico de la Asociaci\u00f3n del Futbol Argentino (AFA FTI, por sus siglas en ingl\u00e9s). A su vez, en alianza con distintas organizaciones de cada localidad, proveer\u00e1 talleres de sustentabilidad a los participantes e invitar\u00e1 a ni\u00f1os y ni\u00f1as de distintas ONGs y clubes de barrio a participar de la actividad. El objetivo es promover el deporte y la conciencia por el cuidado ambiental, acerc\u00e1ndoles la posibilidad de vivir una experiencia \u00fanica a cientos <\/span><span style=\"font-weight: 400;\">de peque\u00f1os <\/span><span style=\"font-weight: 400;\">de todo el pa\u00eds.<\/span><\/p>\n<p><span style=\"font-weight: 400;\">\u201c<\/span><i><span style=\"font-weight: 400;\">El deporte, y por sobre todo el f\u00fatbol en Argentina, es una herramienta de valores e inclusi\u00f3n, aspectos clave para construir una sociedad mejor. Por eso, desde McDonald\u2019s, realizamos estas actividades a lo largo y ancho del pa\u00eds, con el objetivo de generar integraci\u00f3n social, ocio saludable y valores deportivos; especialmente en este a\u00f1o en el que palpitamos la Copa del Mundo. A su vez, es una prioridad para nosotros generar conciencia sobre el cuidado del medio ambiente y la sustentabilidad. Estas cl\u00ednicas junto a AFA FTI y distintas organizaciones ser\u00e1n una experiencia inolvidable para quienes participen<\/span><\/i><span style=\"font-weight: 400;\">\u201d destac\u00f3 Fernando Arango, Gerente de Comunicaciones Corporativas de la marca.<\/span><\/p>\n<p><span style=\"font-weight: 400;\">A trav\u00e9s de \u201cCamino al Mundial\u201d, la compa\u00f1\u00eda recorrer\u00e1 12 ciudades de todo el pa\u00eds en donde est\u00e1n presentes como marca, y organizar\u00e1 en cada una de ellas una Cl\u00ednica de F\u00fatbol y un taller de concientizaci\u00f3n sobre el medio ambiente. Participar\u00e1n m\u00e1s de 2.500 ni\u00f1os y ni\u00f1as de entre 6 y 12 a\u00f1os.\u00a0<\/span><\/p>\n\r\n\t\t<style type='text\/css'>\r\n\t\t\t#gallery-1 {\r\n\t\t\t\tmargin: auto;\r\n\t\t\t}\r\n\t\t\t#gallery-1 .gallery-item {\r\n\t\t\t\tfloat: left;\r\n\t\t\t\tmargin-top: 10px;\r\n\t\t\t\ttext-align: center;\r\n\t\t\t\twidth: 50%;\r\n\t\t\t}\r\n\t\t\t#gallery-1 img {\r\n\t\t\t\tborder: 2px solid #cfcfcf;\r\n\t\t\t}\r\n\t\t\t#gallery-1 .gallery-caption {\r\n\t\t\t\tmargin-left: 0;\r\n\t\t\t}\r\n\t\t<\/style>\r\n\t\t<!-- see gallery_shortcode() in wp-includes\/media.php -->\n\t\t<div id='gallery-1' class='gallery galleryid-53693 gallery-columns-2 gallery-size-thumbnail gallery1'><script type=\"text\/javascript\">\r\n\/\/ <![CDATA[\r\n\tjQuery(document).ready(function () {\r\n\t\tjQuery(\".gallery1 a\").attr(\"rel\",\"gallery1\");\t\r\n\t\tjQuery('a[rel=\"gallery1\"]').colorbox({maxWidth:\"95%\", maxHeight:\"95%\",title: function(){ return jQuery(this).children().attr(\"alt\"); }, });\r\n\t});\r\n\/\/ ]]>\r\n<\/script>\n<dl class=\"gallery-item\">\n<dt class=\"gallery-icon\">\r\n<a href=\"https:\/\/www.lasrosas.com.ar\/portal\/wp-content\/uploads\/AFA-FTI-VCP-1920x1282.jpg\" title=\"\" rel=\"gallery1\"><img decoding=\"async\" data-src=\"https:\/\/www.lasrosas.com.ar\/portal\/wp-content\/uploads\/AFA-FTI-VCP-640x480.jpg\" width=\"640\" height=\"480\" alt=\"\" src=\"data:image\/svg+xml;base64,PHN2ZyB3aWR0aD0iMSIgaGVpZ2h0PSIxIiB4bWxucz0iaHR0cDovL3d3dy53My5vcmcvMjAwMC9zdmciPjwvc3ZnPg==\" class=\"lazyload\" style=\"--smush-placeholder-width: 640px; --smush-placeholder-aspect-ratio: 640\/480;\" \/><\/a>\r\n<\/dt><\/dl><dl class=\"gallery-item\">\n<dt class=\"gallery-icon\">\r\n<a href=\"https:\/\/www.lasrosas.com.ar\/portal\/wp-content\/uploads\/AFA-FTI-MDQ-1.jpeg\" title=\"\" rel=\"gallery1\"><img decoding=\"async\" data-src=\"https:\/\/www.lasrosas.com.ar\/portal\/wp-content\/uploads\/AFA-FTI-MDQ-1-640x480.jpeg\" width=\"640\" height=\"480\" alt=\"\" src=\"data:image\/svg+xml;base64,PHN2ZyB3aWR0aD0iMSIgaGVpZ2h0PSIxIiB4bWxucz0iaHR0cDovL3d3dy53My5vcmcvMjAwMC9zdmciPjwvc3ZnPg==\" class=\"lazyload\" style=\"--smush-placeholder-width: 640px; --smush-placeholder-aspect-ratio: 640\/480;\" \/><\/a>\r\n<\/dt><\/dl><br style=\"clear: both\" \/>\r\n\t\t<\/div>\n\n<p><span style=\"font-weight: 400;\">Los aspectos t\u00e9cnicos de cada cl\u00ednica estar\u00e1n a cargo de profesionales de primer nivel de las Academias de AFA FTI, que brindar\u00e1n consejos para todos los participantes. A su vez, todos los chicos que participen tendr\u00e1n acceso a un taller de conciencia ambiental con foco en reciclado y cuidado de medio ambiente provisto por una organizaci\u00f3n local, junto a McDonald\u2019s.<\/span><\/p>\n<p><span style=\"font-weight: 400;\">Al finalizar cada jornada, los participantes de las cl\u00ednicas disfrutar\u00e1n de un almuerzo o merienda en el local de McDonald\u2019s y recibir\u00e1n un KIT de regalos<\/span><span style=\"font-weight: 400;\"> \u201cmundialistas\u201d. P<\/span><span style=\"font-weight: 400;\">ara participar de la actividad deportiva, los interesados deber\u00e1n inscribirse previamente en los locales de cada punto designado oportunamente.<\/span><\/p>\n<p><span style=\"font-weight: 400;\">La primera parada de este camino se realizar\u00e1 el fin de semana del 25 y 26 de junio en el Balneario el Brete, en la Costanera de la ciudad de Posadas, Misiones.<\/span><\/p>\n<p><b>Agenda de cl\u00ednicas por fecha y lugar<\/b><\/p>\n<ul>\n<li style=\"font-weight: 400;\" aria-level=\"1\"><span style=\"font-weight: 400;\">25 y 26 de junio &#8211; Misiones &#8211; Posadas<\/span><\/li>\n<li style=\"font-weight: 400;\" aria-level=\"1\"><span style=\"font-weight: 400;\">9 y 10 de julio &#8211; Santa Fe Capital<\/span><\/li>\n<li style=\"font-weight: 400;\" aria-level=\"1\"><span style=\"font-weight: 400;\">23 y 24 de julio &#8211; Yerba Buena \u2013 Tucum\u00e1n<\/span><\/li>\n<li style=\"font-weight: 400;\" aria-level=\"1\"><span style=\"font-weight: 400;\">13 y 14 de agosto &#8211; Rosario y C\u00f3rdoba Capital (1 fecha por plaza)<\/span><\/li>\n<li style=\"font-weight: 400;\" aria-level=\"1\"><span style=\"font-weight: 400;\">27 y 28 de agosto \u2013 Salta<\/span><\/li>\n<li style=\"font-weight: 400;\" aria-level=\"1\"><span style=\"font-weight: 400;\">10 y 11 de septiembre \u2013 Santiago del Estero<\/span><\/li>\n<li style=\"font-weight: 400;\" aria-level=\"1\"><span style=\"font-weight: 400;\">24 y 26 de septiembre \u2013 Corrientes y Paran\u00e1 (ER)<\/span><\/li>\n<li style=\"font-weight: 400;\" aria-level=\"1\"><span style=\"font-weight: 400;\">8 Y 9 de octubre \u2013 Neuqu\u00e9n<\/span><\/li>\n<li style=\"font-weight: 400;\" aria-level=\"1\"><span style=\"font-weight: 400;\">29 y 30 de octubre \u2013 Bah\u00eda Blanca (Bs As)<\/span><\/li>\n<li style=\"font-weight: 400;\" aria-level=\"1\"><span style=\"font-weight: 400;\">18 y 19 de noviembre \u2013 CABA\u00a0<\/span><\/li>\n<\/ul>\n<!-- AddThis Advanced Settings generic via filter on the_content --><!-- AddThis Share Buttons generic via filter on the_content -->","protected":false},"excerpt":{"rendered":"<p>De la mano de AFA Football Technology Institute, y junto a organizaciones no gubernamentales, la compa\u00f1\u00eda har\u00e1 un recorrido por 12 ciudades argentinas para promover el deporte y el cuidado del medio ambiente. \u201cCamino al Mundial\u201d comenzar\u00e1 el 25 de junio en Posadas, Misiones y culminar\u00e1 en noviembre en la Ciudad Aut\u00f3noma de Buenos Aires. [&hellip;]<!-- AddThis Advanced Settings generic via filter on get_the_excerpt --><!-- AddThis Share Buttons generic via filter on get_the_excerpt --><\/p>\n","protected":false},"author":6,"featured_media":53694,"comment_status":"closed","ping_status":"open","sticky":false,"template":"","format":"standard","meta":{"_acf_changed":false,"om_disable_all_campaigns":false,"_monsterinsights_skip_tracking":false,"_monsterinsights_sitenote_active":false,"_monsterinsights_sitenote_note":"","_monsterinsights_sitenote_category":0,"_uf_show_specific_survey":0,"_uf_disable_surveys":false,"footnotes":""},"categories":[100],"tags":[],"class_list":["post-53693","post","type-post","status-publish","format-standard","has-post-thumbnail","hentry","category-noticias"],"acf":[],"aioseo_notices":[],"_links":{"self":[{"href":"https:\/\/www.lasrosas.com.ar\/portal\/wp-json\/wp\/v2\/posts\/53693","targetHints":{"allow":["GET"]}}],"collection":[{"href":"https:\/\/www.lasrosas.com.ar\/portal\/wp-json\/wp\/v2\/posts"}],"about":[{"href":"https:\/\/www.lasrosas.com.ar\/portal\/wp-json\/wp\/v2\/types\/post"}],"author":[{"embeddable":true,"href":"https:\/\/www.lasrosas.com.ar\/portal\/wp-json\/wp\/v2\/users\/6"}],"replies":[{"embeddable":true,"href":"https:\/\/www.lasrosas.com.ar\/portal\/wp-json\/wp\/v2\/comments?post=53693"}],"version-history":[{"count":0,"href":"https:\/\/www.lasrosas.com.ar\/portal\/wp-json\/wp\/v2\/posts\/53693\/revisions"}],"wp:featuredmedia":[{"embeddable":true,"href":"https:\/\/www.lasrosas.com.ar\/portal\/wp-json\/wp\/v2\/media\/53694"}],"wp:attachment":[{"href":"https:\/\/www.lasrosas.com.ar\/portal\/wp-json\/wp\/v2\/media?parent=53693"}],"wp:term":[{"taxonomy":"category","embeddable":true,"href":"https:\/\/www.lasrosas.com.ar\/portal\/wp-json\/wp\/v2\/categories?post=53693"},{"taxonomy":"post_tag","embeddable":true,"href":"https:\/\/www.lasrosas.com.ar\/portal\/wp-json\/wp\/v2\/tags?post=53693"}],"curies":[{"name":"wp","href":"https:\/\/api.w.org\/{rel}","templated":true}]}}