{"id":5356,"date":"2018-08-01T05:00:45","date_gmt":"2018-08-01T08:00:45","guid":{"rendered":"https:\/\/www.lasrosas.com.ar\/portal\/?p=5356"},"modified":"2018-08-01T13:58:35","modified_gmt":"2018-08-01T16:58:35","slug":"conoce-la-sax-band-by-michi-quiroga","status":"publish","type":"post","link":"https:\/\/www.lasrosas.com.ar\/portal\/conoce-la-sax-band-by-michi-quiroga\/","title":{"rendered":"CONOC\u00c9 LA SAX BAND BY MICHI QUIROGA"},"content":{"rendered":"<h3>El saxofonista presenta shows de jerarqu\u00eda para eventos sociales y empresariales. M\u00fasica, estilo y calidez para acompa\u00f1ar y despertar emociones en esos momentos especiales, dignos de celebrar. Michi responde todo sobre su \u00faltimo disco y personalidad.<\/h3>\n\r\n\t\t<style type='text\/css'>\r\n\t\t\t#gallery-1 {\r\n\t\t\t\tmargin: auto;\r\n\t\t\t}\r\n\t\t\t#gallery-1 .gallery-item {\r\n\t\t\t\tfloat: left;\r\n\t\t\t\tmargin-top: 10px;\r\n\t\t\t\ttext-align: center;\r\n\t\t\t\twidth: 33%;\r\n\t\t\t}\r\n\t\t\t#gallery-1 img {\r\n\t\t\t\tborder: 2px solid #cfcfcf;\r\n\t\t\t}\r\n\t\t\t#gallery-1 .gallery-caption {\r\n\t\t\t\tmargin-left: 0;\r\n\t\t\t}\r\n\t\t<\/style>\r\n\t\t<!-- see gallery_shortcode() in wp-includes\/media.php -->\n\t\t<div id='gallery-1' class='gallery galleryid-5356 gallery-columns-3 gallery-size-thumbnail gallery1'><script type=\"text\/javascript\">\r\n\/\/ <![CDATA[\r\n\tjQuery(document).ready(function () {\r\n\t\tjQuery(\".gallery1 a\").attr(\"rel\",\"gallery1\");\t\r\n\t\tjQuery('a[rel=\"gallery1\"]').colorbox({maxWidth:\"95%\", maxHeight:\"95%\",title: function(){ return jQuery(this).children().attr(\"alt\"); }, });\r\n\t});\r\n\/\/ ]]>\r\n<\/script>\n<dl class=\"gallery-item\">\n<dt class=\"gallery-icon\">\r\n<a href=\"https:\/\/www.lasrosas.com.ar\/portal\/wp-content\/uploads\/MG_1789xFm.jpg\" title=\"\" rel=\"gallery1\"><img decoding=\"async\" data-src=\"https:\/\/www.lasrosas.com.ar\/portal\/wp-content\/uploads\/MG_1789xFm-640x480.jpg\" width=\"640\" height=\"480\" alt=\"\" src=\"data:image\/svg+xml;base64,PHN2ZyB3aWR0aD0iMSIgaGVpZ2h0PSIxIiB4bWxucz0iaHR0cDovL3d3dy53My5vcmcvMjAwMC9zdmciPjwvc3ZnPg==\" class=\"lazyload\" style=\"--smush-placeholder-width: 640px; --smush-placeholder-aspect-ratio: 640\/480;\" \/><\/a>\r\n<\/dt><\/dl><dl class=\"gallery-item\">\n<dt class=\"gallery-icon\">\r\n<a href=\"https:\/\/www.lasrosas.com.ar\/portal\/wp-content\/uploads\/MG_1851xxxFrev2-1920x1280.jpg\" title=\"\" rel=\"gallery1\"><img decoding=\"async\" data-src=\"https:\/\/www.lasrosas.com.ar\/portal\/wp-content\/uploads\/MG_1851xxxFrev2-640x480.jpg\" width=\"640\" height=\"480\" alt=\"\" src=\"data:image\/svg+xml;base64,PHN2ZyB3aWR0aD0iMSIgaGVpZ2h0PSIxIiB4bWxucz0iaHR0cDovL3d3dy53My5vcmcvMjAwMC9zdmciPjwvc3ZnPg==\" class=\"lazyload\" style=\"--smush-placeholder-width: 640px; --smush-placeholder-aspect-ratio: 640\/480;\" \/><\/a>\r\n<\/dt><\/dl><dl class=\"gallery-item\">\n<dt class=\"gallery-icon\">\r\n<a href=\"https:\/\/www.lasrosas.com.ar\/portal\/wp-content\/uploads\/MG_1904xFm.jpg\" title=\"\" rel=\"gallery1\"><img decoding=\"async\" data-src=\"https:\/\/www.lasrosas.com.ar\/portal\/wp-content\/uploads\/MG_1904xFm-640x480.jpg\" width=\"640\" height=\"480\" alt=\"\" src=\"data:image\/svg+xml;base64,PHN2ZyB3aWR0aD0iMSIgaGVpZ2h0PSIxIiB4bWxucz0iaHR0cDovL3d3dy53My5vcmcvMjAwMC9zdmciPjwvc3ZnPg==\" class=\"lazyload\" style=\"--smush-placeholder-width: 640px; --smush-placeholder-aspect-ratio: 640\/480;\" \/><\/a>\r\n<\/dt><\/dl><br style=\"clear: both\" \/><dl class=\"gallery-item\">\n<dt class=\"gallery-icon\">\r\n<a href=\"https:\/\/www.lasrosas.com.ar\/portal\/wp-content\/uploads\/MG_1572xFrev2-1920x1280.jpg\" title=\"\" rel=\"gallery1\"><img decoding=\"async\" data-src=\"https:\/\/www.lasrosas.com.ar\/portal\/wp-content\/uploads\/MG_1572xFrev2-640x480.jpg\" width=\"640\" height=\"480\" alt=\"\" src=\"data:image\/svg+xml;base64,PHN2ZyB3aWR0aD0iMSIgaGVpZ2h0PSIxIiB4bWxucz0iaHR0cDovL3d3dy53My5vcmcvMjAwMC9zdmciPjwvc3ZnPg==\" class=\"lazyload\" style=\"--smush-placeholder-width: 640px; --smush-placeholder-aspect-ratio: 640\/480;\" \/><\/a>\r\n<\/dt><\/dl><dl class=\"gallery-item\">\n<dt class=\"gallery-icon\">\r\n<a href=\"https:\/\/www.lasrosas.com.ar\/portal\/wp-content\/uploads\/MG_1705xxxFm.jpg\" title=\"\" rel=\"gallery1\"><img decoding=\"async\" data-src=\"https:\/\/www.lasrosas.com.ar\/portal\/wp-content\/uploads\/MG_1705xxxFm-640x480.jpg\" width=\"640\" height=\"480\" alt=\"\" src=\"data:image\/svg+xml;base64,PHN2ZyB3aWR0aD0iMSIgaGVpZ2h0PSIxIiB4bWxucz0iaHR0cDovL3d3dy53My5vcmcvMjAwMC9zdmciPjwvc3ZnPg==\" class=\"lazyload\" style=\"--smush-placeholder-width: 640px; --smush-placeholder-aspect-ratio: 640\/480;\" \/><\/a>\r\n<\/dt><\/dl><dl class=\"gallery-item\">\n<dt class=\"gallery-icon\">\r\n<a href=\"https:\/\/www.lasrosas.com.ar\/portal\/wp-content\/uploads\/MG_1756xFrev-1920x1280.jpg\" title=\"\" rel=\"gallery1\"><img decoding=\"async\" data-src=\"https:\/\/www.lasrosas.com.ar\/portal\/wp-content\/uploads\/MG_1756xFrev-640x480.jpg\" width=\"640\" height=\"480\" alt=\"\" src=\"data:image\/svg+xml;base64,PHN2ZyB3aWR0aD0iMSIgaGVpZ2h0PSIxIiB4bWxucz0iaHR0cDovL3d3dy53My5vcmcvMjAwMC9zdmciPjwvc3ZnPg==\" class=\"lazyload\" style=\"--smush-placeholder-width: 640px; --smush-placeholder-aspect-ratio: 640\/480;\" \/><\/a>\r\n<\/dt><\/dl><br style=\"clear: both\" \/>\r\n\t\t<\/div>\n\n<p><strong>\u00bfC\u00f3mo te describir\u00edas para alguien que no sabe qui\u00e9n sos?<\/strong><\/p>\n<p>Soy un saxofonista argentino, compositor, int\u00e9rprete y productor. Hace 20 a\u00f1os toco en eventos sociales y empresariales en C\u00f3rdoba y todo el pa\u00eds.<\/p>\n<p><strong>\u00bfQu\u00e9 tiene tu m\u00fasica que la hace \u201cespecial\u201d?<\/strong><\/p>\n<p>Genero sensaciones desde la m\u00fasica chill out para momentos distendidos hasta la fuerza y diversi\u00f3n con m\u00fasica deep house o funk, y obvio los cl\u00e1sicos del saxo que todos quieren escuchar.<\/p>\n<p><strong>\u00bfQu\u00e9 vamos a encontrar en tu \u00faltimo \u00e1lbum \u201cyes! today\u201d?<\/strong><\/p>\n<p>Temas cantados e instrumentales de composici\u00f3n propia con un sonido sofisticado cuidando las texturas de todos los sonidos y sus letras cargadas de vivencias superadoras.<\/p>\n<p><strong>\u00bfCu\u00e1l fue la banda famosa con las que compartiste escenario m\u00e1s significativo para vos?<\/strong><\/p>\n<p>Tuve la oportunidad de compartir tablas junto a Alejandro Lerner, Virus y estar de gira con Pappo Blues. Pero siempre a\u00f1oro a mi exbanda de Acid Jazz \u201cCocktel Soul\u201d.<\/p>\n<p><strong>Un sue\u00f1o por cumplir \u2026<\/strong> Llegar a un plano m\u00e1s internacional<\/p>\n<p><strong>Tu fuente de inspiraci\u00f3n \u2026<\/strong> Los sentimientos, paisajes, espacios lounge y bandas como Jamiroquai, Incognito, The brand new Heavies, Candy Dulfer.<\/p>\n<p><strong>Un estilo musical que odies\u2026<\/strong> Todos los estilos tienen un valor cultural en respuesta a la forma de ser de una sociedad. Lo importante es que cada uno disfrute con sus gustos de la m\u00fasica.<\/p>\n<p><strong>La m\u00fasica en tu vida significa\u2026<\/strong> Para m\u00ed la m\u00fasica nos motiva y nos impulsa a so\u00f1ar para liderar la vida.<\/p>\n<!-- AddThis Advanced Settings generic via filter on the_content --><!-- AddThis Share Buttons generic via filter on the_content -->","protected":false},"excerpt":{"rendered":"<p>El saxofonista presenta shows de jerarqu\u00eda para eventos sociales y empresariales. M\u00fasica, estilo y calidez para acompa\u00f1ar y despertar emociones en esos momentos especiales, dignos de celebrar. Michi responde todo sobre su \u00faltimo disco y personalidad. \u00bfC\u00f3mo te describir\u00edas para alguien que no sabe qui\u00e9n sos? Soy un saxofonista argentino, compositor, int\u00e9rprete y productor. Hace [&hellip;]<!-- AddThis Advanced Settings generic via filter on get_the_excerpt --><!-- AddThis Share Buttons generic via filter on get_the_excerpt --><\/p>\n","protected":false},"author":6,"featured_media":5360,"comment_status":"closed","ping_status":"open","sticky":false,"template":"","format":"standard","meta":{"_acf_changed":false,"om_disable_all_campaigns":false,"_monsterinsights_skip_tracking":false,"_monsterinsights_sitenote_active":false,"_monsterinsights_sitenote_note":"","_monsterinsights_sitenote_category":0,"_uf_show_specific_survey":0,"_uf_disable_surveys":false,"footnotes":""},"categories":[100],"tags":[],"class_list":["post-5356","post","type-post","status-publish","format-standard","has-post-thumbnail","hentry","category-noticias"],"acf":[],"aioseo_notices":[],"_links":{"self":[{"href":"https:\/\/www.lasrosas.com.ar\/portal\/wp-json\/wp\/v2\/posts\/5356","targetHints":{"allow":["GET"]}}],"collection":[{"href":"https:\/\/www.lasrosas.com.ar\/portal\/wp-json\/wp\/v2\/posts"}],"about":[{"href":"https:\/\/www.lasrosas.com.ar\/portal\/wp-json\/wp\/v2\/types\/post"}],"author":[{"embeddable":true,"href":"https:\/\/www.lasrosas.com.ar\/portal\/wp-json\/wp\/v2\/users\/6"}],"replies":[{"embeddable":true,"href":"https:\/\/www.lasrosas.com.ar\/portal\/wp-json\/wp\/v2\/comments?post=5356"}],"version-history":[{"count":0,"href":"https:\/\/www.lasrosas.com.ar\/portal\/wp-json\/wp\/v2\/posts\/5356\/revisions"}],"wp:featuredmedia":[{"embeddable":true,"href":"https:\/\/www.lasrosas.com.ar\/portal\/wp-json\/wp\/v2\/media\/5360"}],"wp:attachment":[{"href":"https:\/\/www.lasrosas.com.ar\/portal\/wp-json\/wp\/v2\/media?parent=5356"}],"wp:term":[{"taxonomy":"category","embeddable":true,"href":"https:\/\/www.lasrosas.com.ar\/portal\/wp-json\/wp\/v2\/categories?post=5356"},{"taxonomy":"post_tag","embeddable":true,"href":"https:\/\/www.lasrosas.com.ar\/portal\/wp-json\/wp\/v2\/tags?post=5356"}],"curies":[{"name":"wp","href":"https:\/\/api.w.org\/{rel}","templated":true}]}}