{"id":53549,"date":"2022-06-21T16:00:36","date_gmt":"2022-06-21T19:00:36","guid":{"rendered":"https:\/\/www.lasrosas.com.ar\/portal\/?p=53549"},"modified":"2022-06-21T16:00:36","modified_gmt":"2022-06-21T19:00:36","slug":"frio-y-piel-como-cuidarnos-en-el-invierno","status":"publish","type":"post","link":"https:\/\/www.lasrosas.com.ar\/portal\/frio-y-piel-como-cuidarnos-en-el-invierno\/","title":{"rendered":"FR\u00cdO Y PIEL: C\u00d3MO CUIDARNOS EN EL INVIERNO"},"content":{"rendered":"<p style=\"font-style: inherit; font-weight: inherit;\">Nuestra rutina de cuidado facial tambi\u00e9n se renueva en el cambio de temporada; te contamos c\u00f3mo cuidar tu piel en el invierno y las tres zonas que necesitan m\u00e1s protecci\u00f3n.<\/p>\n<p><strong>Lleg\u00f3 el fr\u00edo y necesitamos cuidarnos la piel frente a las bajas temperaturas.<\/strong>\u00a0La exposici\u00f3n al fr\u00edo puede alterar y modificar significativamente la producci\u00f3n de sebo y l\u00edpidos y disminuir la fijaci\u00f3n del agua.\u00a0<strong style=\"font-style: inherit;\">\u00bfC\u00f3mo podemos cuidarnos?<\/strong><\/p>\n<p>Vas a notar que\u00a0<strong style=\"font-style: inherit;\">si viv\u00eds en lugares donde el clima es \u00e1rido la piel se siente m\u00e1s agredida a\u00fan.\u00a0<\/strong>En cambio,<strong style=\"font-style: inherit;\">\u00a0en los h\u00famedos se favorece con el agua del medioambiente, pero en ambos los da\u00f1os se hacen notar.\u00a0<\/strong><strong style=\"font-style: inherit;\">La piel presenta sequedad y deshidrataci\u00f3n.<\/strong><\/p>\n<p>\u00bfEsto por qu\u00e9 se produce? En invierno,<strong>\u00a0las bajas temperaturas producen una disminuci\u00f3n del flujo sangu\u00edneo y menor oxigenaci\u00f3n en la piel,<\/strong>\u00a0es m\u00e1s p\u00e1lida y hay p\u00e9rdida de la elasticidad y turgencia.\u00a0<strong>Por eso podemos notar descamaci\u00f3n, aspereza, arrugas finas por deshidrataci\u00f3n y aumento de reactividad como sensibilidad y rojeces.<\/strong><\/p>\n<p>En este momento\u00a0<strong>es importante incrementar el aporte de activos que generen un reservorio de agua, con \u00e1cido hialur\u00f3nico y de l\u00edpidos mediante bioceramidas.<\/strong><\/p>\n<p><strong>Compartimos con ustedes<\/strong><strong> una rutina para cuidar la piel del rostro en invierno:<\/strong><\/p>\n<ul>\n<li>1.\u00a0<strong>El primer paso siempre ser\u00e1 la limpieza<\/strong>\u00a0para barrer con todas las impurezas y con el exceso de oleosidad o sebo.<\/li>\n<li>2. Despu\u00e9s de la limpieza,\u00a0<strong>aplic\u00e1 soluciones de alta concentraci\u00f3n para la necesidad espec\u00edfica que requiera tu piel: antiage, reparador, equilibrio para pieles grasas o afirmante.<\/strong>\u00a0Es importante que tenga una alta concentraci\u00f3n de nicotinamida: este activo est\u00e1 especialmente indicado para pieles estresadas e irritadas, elegilo si necesit\u00e1s un ingrediente antiseborreico y calmante que act\u00fae en el entorno de los poros y mejore su apariencia.<\/li>\n<li>3. En invierno, con los cambios de temperatura interior &#8211; exterior, las pieles m\u00e1s secas, delicadas o sensibles pueden experimentar rojeces, tirantez o sensaci\u00f3n de calor.\u00a0<strong>Las lociones son grandes aliadas para aplicar en todo momento del d\u00eda para apaciguar estas sensaciones y reforzar la hidrataci\u00f3n<\/strong>\u00a0\u00a1incluso sobre el maquillaje!<\/li>\n<li>4.\u00a0<strong>Lleg\u00f3 el momento de la hidrataci\u00f3n.\u00a0<\/strong>Dependiendo de tu tipo de piel, eleg\u00ed texturas m\u00e1s livianas o emolientes y esparc\u00ed por rostro y cuello. Este es un buen momento para incorporar texturas m\u00e1s pesadas que durante el verano pueden sentirse inc\u00f3modas.<\/li>\n<li>5.\u00a0<strong>Es importante utilizar protector solar todos los d\u00edas,\u00a0<\/strong>durante todo el a\u00f1o e incluso los d\u00edas nublados, como \u00faltimo paso de la rutina matutina, para evitar el envejecimiento prematuro y manchas.<\/li>\n<\/ul>\n<p>Con estos puntos podemos estar seguros de tener una rutina lista para el invierno. Pero\u00a0<strong>hay tres zonas que, al estar compuestas por piel mucho m\u00e1s fina y delicada, requieren cuidados especiales:<\/strong><\/p>\n<ul>\n<li><strong>Labios<\/strong>: Habitualmente se humedecen con saliva, pero en condiciones clim\u00e1ticas exigidas como mucho fr\u00edo, muy baja humedad o mucho calor se\u00a0<strong>requieren productos humectantes y emolientes.\u00a0<\/strong>Esto porque los labios, en estos contextos, retienen menos humedad y se secan y se agrietan f\u00e1cilmente. Para cuidarlos es necesario reparar su piel con productos espec\u00edficos.<\/li>\n<li><strong>P\u00e1rpados:<\/strong>\u00a0<strong>Es una de las zonas en donde primero aparecen las arrugas por deshidrataci\u00f3n,\u00a0<\/strong>ya que retiene menos humedad. Para protegerlos, aplic\u00e1 con el dedo anular, con movimientos circulares y sin ejercer presi\u00f3n un producto espec\u00edfico para esta \u00e1rea.<\/li>\n<li><strong>Manos<\/strong>: Anat\u00f3micamente,\u00a0<strong>la piel en las manos tiene una estructura distinta a las dem\u00e1s, con menos capacidad para retener humedad,\u00a0<\/strong>por lo que tiende a estar seca. Por esto,\u00a0<strong>es muy importante usar productos bien emolientes para recomponer su estructura.<\/strong><\/li>\n<\/ul>\n<p>Es importante recordar que para cualquier tipo de cuidado es necesario la evaluaci\u00f3n de un profesional.<\/p>\n<!-- AddThis Advanced Settings generic via filter on the_content --><!-- AddThis Share Buttons generic via filter on the_content -->","protected":false},"excerpt":{"rendered":"<p>Nuestra rutina de cuidado facial tambi\u00e9n se renueva en el cambio de temporada; te contamos c\u00f3mo cuidar tu piel en el invierno y las tres zonas que necesitan m\u00e1s protecci\u00f3n. Lleg\u00f3 el fr\u00edo y necesitamos cuidarnos la piel frente a las bajas temperaturas.\u00a0La exposici\u00f3n al fr\u00edo puede alterar y modificar significativamente la producci\u00f3n de sebo [&hellip;]<!-- AddThis Advanced Settings generic via filter on get_the_excerpt --><!-- AddThis Share Buttons generic via filter on get_the_excerpt --><\/p>\n","protected":false},"author":6,"featured_media":53550,"comment_status":"closed","ping_status":"open","sticky":false,"template":"","format":"standard","meta":{"_acf_changed":false,"om_disable_all_campaigns":false,"_monsterinsights_skip_tracking":false,"_monsterinsights_sitenote_active":false,"_monsterinsights_sitenote_note":"","_monsterinsights_sitenote_category":0,"_uf_show_specific_survey":0,"_uf_disable_surveys":false,"footnotes":""},"categories":[376,100],"tags":[],"class_list":["post-53549","post","type-post","status-publish","format-standard","has-post-thumbnail","hentry","category-lifestyle","category-noticias"],"acf":[],"aioseo_notices":[],"_links":{"self":[{"href":"https:\/\/www.lasrosas.com.ar\/portal\/wp-json\/wp\/v2\/posts\/53549","targetHints":{"allow":["GET"]}}],"collection":[{"href":"https:\/\/www.lasrosas.com.ar\/portal\/wp-json\/wp\/v2\/posts"}],"about":[{"href":"https:\/\/www.lasrosas.com.ar\/portal\/wp-json\/wp\/v2\/types\/post"}],"author":[{"embeddable":true,"href":"https:\/\/www.lasrosas.com.ar\/portal\/wp-json\/wp\/v2\/users\/6"}],"replies":[{"embeddable":true,"href":"https:\/\/www.lasrosas.com.ar\/portal\/wp-json\/wp\/v2\/comments?post=53549"}],"version-history":[{"count":0,"href":"https:\/\/www.lasrosas.com.ar\/portal\/wp-json\/wp\/v2\/posts\/53549\/revisions"}],"wp:featuredmedia":[{"embeddable":true,"href":"https:\/\/www.lasrosas.com.ar\/portal\/wp-json\/wp\/v2\/media\/53550"}],"wp:attachment":[{"href":"https:\/\/www.lasrosas.com.ar\/portal\/wp-json\/wp\/v2\/media?parent=53549"}],"wp:term":[{"taxonomy":"category","embeddable":true,"href":"https:\/\/www.lasrosas.com.ar\/portal\/wp-json\/wp\/v2\/categories?post=53549"},{"taxonomy":"post_tag","embeddable":true,"href":"https:\/\/www.lasrosas.com.ar\/portal\/wp-json\/wp\/v2\/tags?post=53549"}],"curies":[{"name":"wp","href":"https:\/\/api.w.org\/{rel}","templated":true}]}}