{"id":53512,"date":"2022-06-21T08:36:37","date_gmt":"2022-06-21T11:36:37","guid":{"rendered":"https:\/\/www.lasrosas.com.ar\/portal\/?p=53512"},"modified":"2022-06-21T08:36:37","modified_gmt":"2022-06-21T11:36:37","slug":"desfile-de-moda-masculina-pv23","status":"publish","type":"post","link":"https:\/\/www.lasrosas.com.ar\/portal\/desfile-de-moda-masculina-pv23\/","title":{"rendered":"DESFILE DE MODA MASCULINA PV23"},"content":{"rendered":"<p>Bajo el Ojo de <a href=\"https:\/\/www.instagram.com\/nicofreijo\/\">Nico Freijo<\/a><\/p>\n<p><span style=\"font-weight: 400;\">El legado se fusiona con el presente en el desfile de moda masculina Primavera-Verano 2023 en Mil\u00e1n. Las atemporales piezas de los archivos regresan a la pasarela en su forma original para crear una colecci\u00f3n \u00abreeditada\u00bb. Un universo pasado combinado con art\u00edculos contempor\u00e1neos para generar una nueva visi\u00f3n del ADN de DG.<\/span><\/p>\n<p><img decoding=\"async\" class=\"wp-image-53514 aligncenter lazyload\" data-src=\"https:\/\/www.lasrosas.com.ar\/portal\/wp-content\/uploads\/WhatsApp-Image-2022-06-20-at-3.53.47-PM-1.jpeg\" alt=\"\" width=\"708\" height=\"708\" data-srcset=\"https:\/\/www.lasrosas.com.ar\/portal\/wp-content\/uploads\/WhatsApp-Image-2022-06-20-at-3.53.47-PM-1.jpeg 1280w, https:\/\/www.lasrosas.com.ar\/portal\/wp-content\/uploads\/WhatsApp-Image-2022-06-20-at-3.53.47-PM-1-960x960.jpeg 960w\" data-sizes=\"(max-width: 708px) 100vw, 708px\" src=\"data:image\/svg+xml;base64,PHN2ZyB3aWR0aD0iMSIgaGVpZ2h0PSIxIiB4bWxucz0iaHR0cDovL3d3dy53My5vcmcvMjAwMC9zdmciPjwvc3ZnPg==\" style=\"--smush-placeholder-width: 708px; --smush-placeholder-aspect-ratio: 708\/708;\" \/><\/p>\n<p><span style=\"font-weight: 400;\">Dolce &amp; Gabbana present\u00f3 su colecci\u00f3n Re-Edition, que consiste de 89 looks que hacen un gui\u00f1o a los antiguos archivos de la marca, llena de inspiraci\u00f3n y contenido creativo.<\/span><\/p>\n<p><span style=\"font-weight: 400;\">\u00bfPor qu\u00e9 Re-Edition? Varios de los looks rinden homenaje a sus archivos hist\u00f3ricos, una reinterpretaci\u00f3n especial de los ic\u00f3nicos art\u00edculos vintage de los 90\u00b4s y 2000.<\/span><\/p>\n<p><span style=\"font-weight: 400;\">Las prendas y accesorios est\u00e1n caracterizadas por una excepcional etiqueta \u00abRe-Edition SS2000-SS2023\u00bb donde indica el a\u00f1o en que se present\u00f3 por primera vez y el de la nueva. As\u00ed, cada prenda tiene una etiqueta diferente, \u00fanica y exclusiva.<\/span><\/p>\n\r\n\t\t<style type='text\/css'>\r\n\t\t\t#gallery-1 {\r\n\t\t\t\tmargin: auto;\r\n\t\t\t}\r\n\t\t\t#gallery-1 .gallery-item {\r\n\t\t\t\tfloat: left;\r\n\t\t\t\tmargin-top: 10px;\r\n\t\t\t\ttext-align: center;\r\n\t\t\t\twidth: 33%;\r\n\t\t\t}\r\n\t\t\t#gallery-1 img {\r\n\t\t\t\tborder: 2px solid #cfcfcf;\r\n\t\t\t}\r\n\t\t\t#gallery-1 .gallery-caption {\r\n\t\t\t\tmargin-left: 0;\r\n\t\t\t}\r\n\t\t<\/style>\r\n\t\t<!-- see gallery_shortcode() in wp-includes\/media.php -->\n\t\t<div id='gallery-1' class='gallery galleryid-53512 gallery-columns-3 gallery-size-full gallery1'><script type=\"text\/javascript\">\r\n\/\/ <![CDATA[\r\n\tjQuery(document).ready(function () {\r\n\t\tjQuery(\".gallery1 a\").attr(\"rel\",\"gallery1\");\t\r\n\t\tjQuery('a[rel=\"gallery1\"]').colorbox({maxWidth:\"95%\", maxHeight:\"95%\",title: function(){ return jQuery(this).children().attr(\"alt\"); }, });\r\n\t});\r\n\/\/ ]]>\r\n<\/script>\n<dl class=\"gallery-item\">\n<dt class=\"gallery-icon\">\r\n<a href=\"https:\/\/www.lasrosas.com.ar\/portal\/wp-content\/uploads\/WhatsApp-Image-2022-06-20-at-3.53.49-PM-1.jpeg\" title=\"\" rel=\"gallery1\"><img decoding=\"async\" data-src=\"https:\/\/www.lasrosas.com.ar\/portal\/wp-content\/uploads\/WhatsApp-Image-2022-06-20-at-3.53.49-PM-1.jpeg\" width=\"852\" height=\"1280\" alt=\"\" src=\"data:image\/svg+xml;base64,PHN2ZyB3aWR0aD0iMSIgaGVpZ2h0PSIxIiB4bWxucz0iaHR0cDovL3d3dy53My5vcmcvMjAwMC9zdmciPjwvc3ZnPg==\" class=\"lazyload\" style=\"--smush-placeholder-width: 852px; --smush-placeholder-aspect-ratio: 852\/1280;\" \/><\/a>\r\n<\/dt><\/dl><dl class=\"gallery-item\">\n<dt class=\"gallery-icon\">\r\n<a href=\"https:\/\/www.lasrosas.com.ar\/portal\/wp-content\/uploads\/WhatsApp-Image-2022-06-20-at-3.53.48-PM.jpeg\" title=\"\" rel=\"gallery1\"><img decoding=\"async\" data-src=\"https:\/\/www.lasrosas.com.ar\/portal\/wp-content\/uploads\/WhatsApp-Image-2022-06-20-at-3.53.48-PM.jpeg\" width=\"852\" height=\"1280\" alt=\"\" src=\"data:image\/svg+xml;base64,PHN2ZyB3aWR0aD0iMSIgaGVpZ2h0PSIxIiB4bWxucz0iaHR0cDovL3d3dy53My5vcmcvMjAwMC9zdmciPjwvc3ZnPg==\" class=\"lazyload\" style=\"--smush-placeholder-width: 852px; --smush-placeholder-aspect-ratio: 852\/1280;\" \/><\/a>\r\n<\/dt><\/dl><dl class=\"gallery-item\">\n<dt class=\"gallery-icon\">\r\n<a href=\"https:\/\/www.lasrosas.com.ar\/portal\/wp-content\/uploads\/WhatsApp-Image-2022-06-20-at-3.53.48-PM-1.jpeg\" title=\"\" rel=\"gallery1\"><img decoding=\"async\" data-src=\"https:\/\/www.lasrosas.com.ar\/portal\/wp-content\/uploads\/WhatsApp-Image-2022-06-20-at-3.53.48-PM-1.jpeg\" width=\"852\" height=\"1280\" alt=\"\" src=\"data:image\/svg+xml;base64,PHN2ZyB3aWR0aD0iMSIgaGVpZ2h0PSIxIiB4bWxucz0iaHR0cDovL3d3dy53My5vcmcvMjAwMC9zdmciPjwvc3ZnPg==\" class=\"lazyload\" style=\"--smush-placeholder-width: 852px; --smush-placeholder-aspect-ratio: 852\/1280;\" \/><\/a>\r\n<\/dt><\/dl><br style=\"clear: both\" \/>\r\n\t\t<\/div>\n\n<p><span style=\"font-weight: 400;\">Para la colecci\u00f3n Spring-Summer 2023, D&amp;G opt\u00f3 por una superposici\u00f3n de prendas, donde el algod\u00f3n y el drill fueron los protagonistas, as\u00ed como tambi\u00e9n el cl\u00e1sico denim que sigue siendo el enfoque principal. Adem\u00e1s, algunas prendas se reinterpretan con piezas modernas para definir una silueta y una dial\u00e9ctica masculina m\u00e1s actual.<\/span><\/p>\n<p><span style=\"font-weight: 400;\">Para la paleta de colores, se eligieron matices c\u00e1lidos y tonos neutros y polvorientos, con acentos de color en detalles y bordados. Los colores naturales de la tierra siciliana tomaron el control de las prendas ic\u00f3nicas, retrabajadas y reinterpretadas con tratamientos novedosos e in\u00e9ditos.<\/span><\/p>\n<p><span style=\"font-weight: 400;\">As\u00ed fue como D&amp;G con su colecci\u00f3n reedita y transforma la apariencia y el esp\u00edritu de su historia; apostando por el futuro, volviendo hacia su pasado; dejando para el presente algo simplemente espectacular.<\/span><\/p>\n\r\n\t\t<style type='text\/css'>\r\n\t\t\t#gallery-2 {\r\n\t\t\t\tmargin: auto;\r\n\t\t\t}\r\n\t\t\t#gallery-2 .gallery-item {\r\n\t\t\t\tfloat: left;\r\n\t\t\t\tmargin-top: 10px;\r\n\t\t\t\ttext-align: center;\r\n\t\t\t\twidth: 50%;\r\n\t\t\t}\r\n\t\t\t#gallery-2 img {\r\n\t\t\t\tborder: 2px solid #cfcfcf;\r\n\t\t\t}\r\n\t\t\t#gallery-2 .gallery-caption {\r\n\t\t\t\tmargin-left: 0;\r\n\t\t\t}\r\n\t\t<\/style>\r\n\t\t<!-- see gallery_shortcode() in wp-includes\/media.php -->\n\t\t<div id='gallery-2' class='gallery galleryid-53512 gallery-columns-2 gallery-size-thumbnail gallery1'><script type=\"text\/javascript\">\r\n\/\/ <![CDATA[\r\n\tjQuery(document).ready(function () {\r\n\t\tjQuery(\".gallery1 a\").attr(\"rel\",\"gallery1\");\t\r\n\t\tjQuery('a[rel=\"gallery1\"]').colorbox({maxWidth:\"95%\", maxHeight:\"95%\",title: function(){ return jQuery(this).children().attr(\"alt\"); }, });\r\n\t});\r\n\/\/ ]]>\r\n<\/script>\n<dl class=\"gallery-item\">\n<dt class=\"gallery-icon\">\r\n<a href=\"https:\/\/www.lasrosas.com.ar\/portal\/wp-content\/uploads\/WhatsApp-Image-2022-06-20-at-3.53.47-PM.jpeg\" title=\"\" rel=\"gallery1\"><img decoding=\"async\" data-src=\"https:\/\/www.lasrosas.com.ar\/portal\/wp-content\/uploads\/WhatsApp-Image-2022-06-20-at-3.53.47-PM-640x480.jpeg\" width=\"640\" height=\"480\" alt=\"\" src=\"data:image\/svg+xml;base64,PHN2ZyB3aWR0aD0iMSIgaGVpZ2h0PSIxIiB4bWxucz0iaHR0cDovL3d3dy53My5vcmcvMjAwMC9zdmciPjwvc3ZnPg==\" class=\"lazyload\" style=\"--smush-placeholder-width: 640px; --smush-placeholder-aspect-ratio: 640\/480;\" \/><\/a>\r\n<\/dt><\/dl><dl class=\"gallery-item\">\n<dt class=\"gallery-icon\">\r\n<a href=\"https:\/\/www.lasrosas.com.ar\/portal\/wp-content\/uploads\/WhatsApp-Image-2022-06-20-at-3.53.46-PM.jpeg\" title=\"\" rel=\"gallery1\"><img decoding=\"async\" data-src=\"https:\/\/www.lasrosas.com.ar\/portal\/wp-content\/uploads\/WhatsApp-Image-2022-06-20-at-3.53.46-PM-640x480.jpeg\" width=\"640\" height=\"480\" alt=\"\" src=\"data:image\/svg+xml;base64,PHN2ZyB3aWR0aD0iMSIgaGVpZ2h0PSIxIiB4bWxucz0iaHR0cDovL3d3dy53My5vcmcvMjAwMC9zdmciPjwvc3ZnPg==\" class=\"lazyload\" style=\"--smush-placeholder-width: 640px; --smush-placeholder-aspect-ratio: 640\/480;\" \/><\/a>\r\n<\/dt><\/dl><br style=\"clear: both\" \/>\r\n\t\t<\/div>\n\n<!-- AddThis Advanced Settings generic via filter on the_content --><!-- AddThis Share Buttons generic via filter on the_content -->","protected":false},"excerpt":{"rendered":"<p>Bajo el Ojo de Nico Freijo El legado se fusiona con el presente en el desfile de moda masculina Primavera-Verano 2023 en Mil\u00e1n. Las atemporales piezas de los archivos regresan a la pasarela en su forma original para crear una colecci\u00f3n \u00abreeditada\u00bb. Un universo pasado combinado con art\u00edculos contempor\u00e1neos para generar una nueva visi\u00f3n del [&hellip;]<!-- AddThis Advanced Settings generic via filter on get_the_excerpt --><!-- AddThis Share Buttons generic via filter on get_the_excerpt --><\/p>\n","protected":false},"author":6,"featured_media":53519,"comment_status":"closed","ping_status":"open","sticky":false,"template":"","format":"standard","meta":{"_acf_changed":false,"om_disable_all_campaigns":false,"_monsterinsights_skip_tracking":false,"_monsterinsights_sitenote_active":false,"_monsterinsights_sitenote_note":"","_monsterinsights_sitenote_category":0,"_uf_show_specific_survey":0,"_uf_disable_surveys":false,"footnotes":""},"categories":[100,30],"tags":[],"class_list":["post-53512","post","type-post","status-publish","format-standard","has-post-thumbnail","hentry","category-noticias","category-moda"],"acf":[],"aioseo_notices":[],"_links":{"self":[{"href":"https:\/\/www.lasrosas.com.ar\/portal\/wp-json\/wp\/v2\/posts\/53512","targetHints":{"allow":["GET"]}}],"collection":[{"href":"https:\/\/www.lasrosas.com.ar\/portal\/wp-json\/wp\/v2\/posts"}],"about":[{"href":"https:\/\/www.lasrosas.com.ar\/portal\/wp-json\/wp\/v2\/types\/post"}],"author":[{"embeddable":true,"href":"https:\/\/www.lasrosas.com.ar\/portal\/wp-json\/wp\/v2\/users\/6"}],"replies":[{"embeddable":true,"href":"https:\/\/www.lasrosas.com.ar\/portal\/wp-json\/wp\/v2\/comments?post=53512"}],"version-history":[{"count":0,"href":"https:\/\/www.lasrosas.com.ar\/portal\/wp-json\/wp\/v2\/posts\/53512\/revisions"}],"wp:featuredmedia":[{"embeddable":true,"href":"https:\/\/www.lasrosas.com.ar\/portal\/wp-json\/wp\/v2\/media\/53519"}],"wp:attachment":[{"href":"https:\/\/www.lasrosas.com.ar\/portal\/wp-json\/wp\/v2\/media?parent=53512"}],"wp:term":[{"taxonomy":"category","embeddable":true,"href":"https:\/\/www.lasrosas.com.ar\/portal\/wp-json\/wp\/v2\/categories?post=53512"},{"taxonomy":"post_tag","embeddable":true,"href":"https:\/\/www.lasrosas.com.ar\/portal\/wp-json\/wp\/v2\/tags?post=53512"}],"curies":[{"name":"wp","href":"https:\/\/api.w.org\/{rel}","templated":true}]}}