{"id":53359,"date":"2022-06-16T16:31:33","date_gmt":"2022-06-16T19:31:33","guid":{"rendered":"https:\/\/www.lasrosas.com.ar\/portal\/?p=53359"},"modified":"2022-06-16T16:31:33","modified_gmt":"2022-06-16T19:31:33","slug":"te-contamos-todo-sobre-blonde-la-pelicula-que-ana-de-armas-dara-vida-a-marilyn-monroe","status":"publish","type":"post","link":"https:\/\/www.lasrosas.com.ar\/portal\/te-contamos-todo-sobre-blonde-la-pelicula-que-ana-de-armas-dara-vida-a-marilyn-monroe\/","title":{"rendered":"TE CONTAMOS TODO SOBRE \u201cBLONDE\u201d LA PEL\u00cdCULA QUE ANA DE ARMAS DAR\u00c1 VIDA A MARILYN MONROE"},"content":{"rendered":"<p>Basada en una novela de Joyce Carol Oates, el largometraje se encuentra en las \u00faltimas fases de su producci\u00f3n y ser\u00e1 estrenado en Netflix.<\/p>\n<p><img decoding=\"async\" class=\"size-full wp-image-53361 aligncenter lazyload\" data-src=\"https:\/\/www.lasrosas.com.ar\/portal\/wp-content\/uploads\/3519A617-B261-44C4-A815-006F2E75F7B3.jpeg\" alt=\"\" width=\"1600\" height=\"1251\" data-srcset=\"https:\/\/www.lasrosas.com.ar\/portal\/wp-content\/uploads\/3519A617-B261-44C4-A815-006F2E75F7B3.jpeg 1600w, https:\/\/www.lasrosas.com.ar\/portal\/wp-content\/uploads\/3519A617-B261-44C4-A815-006F2E75F7B3-960x751.jpeg 960w\" data-sizes=\"(max-width: 1600px) 100vw, 1600px\" src=\"data:image\/svg+xml;base64,PHN2ZyB3aWR0aD0iMSIgaGVpZ2h0PSIxIiB4bWxucz0iaHR0cDovL3d3dy53My5vcmcvMjAwMC9zdmciPjwvc3ZnPg==\" style=\"--smush-placeholder-width: 1600px; --smush-placeholder-aspect-ratio: 1600\/1251;\" \/><\/p>\n<p>A principios de verano de 2019 se anunci\u00f3 que el <em>biopic<\/em> sobre <strong>Marilyn Monroe<\/strong> que prepara <strong>Netflix<\/strong> estar\u00eda protagonizado por <strong>Ana de Armas<\/strong>. Una opci\u00f3n muy alejada de las dos que hab\u00edan sido confirmadas con anterioridad para el papel \u2013<strong>Naomi Watts<\/strong> y <strong>Jessica <\/strong><strong>Chastain<\/strong>\u2013 tanto por la apariencia f\u00edsica de la actriz cubana como por su edad. La int\u00e9rprete es sensiblemente m\u00e1s joven, pero sus a\u00f1os se aproximan a los que ten\u00eda <strong>Michelle Williams<\/strong> cuando se atrevi\u00f3 a protagonizar <em>Mi semana con Marilyn<\/em> en 2011. Aquella fue la \u00faltima vez que esta figura del cine dio el salto a la gran pantalla y la Academia de Hollywood reconoci\u00f3 el trabajo nominando al <strong>Oscar<\/strong> a Williams como Mejor Actriz Principal y a <strong>Kenneth Branagh<\/strong> como Mejor Actor Secundario.<\/p>\n<p><strong>De Armas<\/strong> no estar\u00e1 sola, \u00a0pues completan el reparto de <em>Blonde<\/em> <strong>Adrien Brody<\/strong>, <strong>Julianne Nicholson<\/strong> y <strong>Bobby Cannavale.<\/strong> La pel\u00edcula ha tardado m\u00e1s de dos a\u00f1os en anunciar su fecha de estreno. Un guion nada complaciente y un vistazo a esta figura desde un punto de vista en el que no se escatima en detalles sexuales de la diva echaron para atr\u00e1s a Netflix a la hora de aceptar la versi\u00f3n final. Ser\u00e1 una pel\u00edcula calificada como no recomendada para menores de 17 a\u00f1os, algo que muy pocas producciones consienten por miedo a espantar a las audiencias m\u00e1s j\u00f3venes y a las m\u00e1s conservadoras.<\/p>\n<p><img decoding=\"async\" class=\"size-full wp-image-53362 aligncenter lazyload\" data-src=\"https:\/\/www.lasrosas.com.ar\/portal\/wp-content\/uploads\/6E7F3BBF-6BEE-45E0-BB09-10D839D43A70.jpeg\" alt=\"\" width=\"1600\" height=\"1161\" data-srcset=\"https:\/\/www.lasrosas.com.ar\/portal\/wp-content\/uploads\/6E7F3BBF-6BEE-45E0-BB09-10D839D43A70.jpeg 1600w, https:\/\/www.lasrosas.com.ar\/portal\/wp-content\/uploads\/6E7F3BBF-6BEE-45E0-BB09-10D839D43A70-960x697.jpeg 960w\" data-sizes=\"(max-width: 1600px) 100vw, 1600px\" src=\"data:image\/svg+xml;base64,PHN2ZyB3aWR0aD0iMSIgaGVpZ2h0PSIxIiB4bWxucz0iaHR0cDovL3d3dy53My5vcmcvMjAwMC9zdmciPjwvc3ZnPg==\" style=\"--smush-placeholder-width: 1600px; --smush-placeholder-aspect-ratio: 1600\/1161;\" \/><\/p>\n<p>&nbsp;<\/p>\n<p><em>Blonde<\/em> est\u00e1 dirigida por <strong>Andrew Dominik<\/strong>, quien se dio a conocer con <em>El asesinato de Jesse James por el cobarde Robert Ford<\/em>. Aquello era un <em>western<\/em> y <em>Blonde<\/em> es una pel\u00edcula basada en una novela hist\u00f3rica del mismo t\u00edtulo que lleg\u00f3 a finalista del premio Pulitzer en 2000, pero la \u00e9pica en las dos est\u00e1 asegurada. En su primera pel\u00edcula <em>hollywoodiense<\/em>, Dominik cont\u00f3 con <strong>Brad Pitt<\/strong>\u00a0y <strong>Cassey Affleck<\/strong> para interpretar a los protagonistas. Todo un gesto de confianza que le ha llevado a conseguir que el propio Pitt haya decidido financiar el filme. <em>Moonlight<\/em>, <em>El blues de Beale Street<\/em> y <em>Ad Astra<\/em> son algunos de los \u00faltimos t\u00edtulos que ha apoyado econ\u00f3micamente el actor.<\/p>\n<p>A la producci\u00f3n de <strong>Brad Pitt<\/strong> se une el hecho de que <em>Blonde<\/em> estar\u00e1 distribuida a nivel global por <strong>Netflix<\/strong>. La plataforma de <em>streaming<\/em> m\u00e1s popular en la actualidad no ha estado inmersa en el proyecto desde sus inicios, pero s\u00ed se ha prestado a que la puedan disfrutar todos sus abonados. Ser\u00e1 a partir del 23 de septiembre.<\/p>\n<blockquote class=\"twitter-tweet\">\n<p dir=\"ltr\" lang=\"es\">Hollywood era su sue\u00f1o, pero la fama se convirti\u00f3 en su pesadilla.<br \/>\nAna de Armas es Marilyn Monroe en &#8216;Blonde&#8217;. La pel\u00edcula llega el 23 de septiembre. <a href=\"https:\/\/t.co\/0XvoOLdzDf\">pic.twitter.com\/0XvoOLdzDf<\/a><\/p>\n<p>\u2014 Netflix Pelis Espa\u00f1a (@NetflixPelis) <a href=\"https:\/\/twitter.com\/NetflixPelis\/status\/1537426696273416193?ref_src=twsrc%5Etfw\">June 16, 2022<\/a><\/p><\/blockquote>\n<p><script async src=\"https:\/\/platform.twitter.com\/widgets.js\" charset=\"utf-8\"><\/script><\/p>\n<p>La novela de <strong>Joyce Carol Oates<\/strong> en la que se basa esta pel\u00edcula fue uno de esos <em>bestsellers<\/em>que apuntan directamente a Hollywood. <strong>La propia autora declar\u00f3 tras el lanzamiento que la novela iba a ser el trabajo por el que fuera recordada<\/strong> <em><strong>a posteriori<\/strong><\/em> <strong>junto con<\/strong> <em><strong>Them<\/strong><\/em><strong>, su libro de 1969<\/strong>. A lo largo de 700 p\u00e1ginas la autora desgrana algunos de los episodios m\u00e1s recordados de la vida de Marilyn Monroe, pero tambi\u00e9n los m\u00e1s controvertidos. A pesar de su uso de iniciales, las referencias a algunos de los hombres m\u00e1s importantes de la vida de la actriz y de Estados Unidos est\u00e1n presentes. <strong>Eso s\u00ed, no hay que perder de vista que esta obra no deja de ser una novela, hist\u00f3rica, pero novela. Y eso siempre implica m\u00e1s ficci\u00f3n que realidad<\/strong>.<\/p>\n<!-- AddThis Advanced Settings generic via filter on the_content --><!-- AddThis Share Buttons generic via filter on the_content -->","protected":false},"excerpt":{"rendered":"<p>Basada en una novela de Joyce Carol Oates, el largometraje se encuentra en las \u00faltimas fases de su producci\u00f3n y ser\u00e1 estrenado en Netflix. A principios de verano de 2019 se anunci\u00f3 que el biopic sobre Marilyn Monroe que prepara Netflix estar\u00eda protagonizado por Ana de Armas. Una opci\u00f3n muy alejada de las dos que [&hellip;]<!-- AddThis Advanced Settings generic via filter on get_the_excerpt --><!-- AddThis Share Buttons generic via filter on get_the_excerpt --><\/p>\n","protected":false},"author":6,"featured_media":53360,"comment_status":"closed","ping_status":"open","sticky":false,"template":"","format":"standard","meta":{"_acf_changed":false,"om_disable_all_campaigns":false,"_monsterinsights_skip_tracking":false,"_monsterinsights_sitenote_active":false,"_monsterinsights_sitenote_note":"","_monsterinsights_sitenote_category":0,"_uf_show_specific_survey":0,"_uf_disable_surveys":false,"footnotes":""},"categories":[100],"tags":[],"class_list":["post-53359","post","type-post","status-publish","format-standard","has-post-thumbnail","hentry","category-noticias"],"acf":[],"aioseo_notices":[],"_links":{"self":[{"href":"https:\/\/www.lasrosas.com.ar\/portal\/wp-json\/wp\/v2\/posts\/53359","targetHints":{"allow":["GET"]}}],"collection":[{"href":"https:\/\/www.lasrosas.com.ar\/portal\/wp-json\/wp\/v2\/posts"}],"about":[{"href":"https:\/\/www.lasrosas.com.ar\/portal\/wp-json\/wp\/v2\/types\/post"}],"author":[{"embeddable":true,"href":"https:\/\/www.lasrosas.com.ar\/portal\/wp-json\/wp\/v2\/users\/6"}],"replies":[{"embeddable":true,"href":"https:\/\/www.lasrosas.com.ar\/portal\/wp-json\/wp\/v2\/comments?post=53359"}],"version-history":[{"count":0,"href":"https:\/\/www.lasrosas.com.ar\/portal\/wp-json\/wp\/v2\/posts\/53359\/revisions"}],"wp:featuredmedia":[{"embeddable":true,"href":"https:\/\/www.lasrosas.com.ar\/portal\/wp-json\/wp\/v2\/media\/53360"}],"wp:attachment":[{"href":"https:\/\/www.lasrosas.com.ar\/portal\/wp-json\/wp\/v2\/media?parent=53359"}],"wp:term":[{"taxonomy":"category","embeddable":true,"href":"https:\/\/www.lasrosas.com.ar\/portal\/wp-json\/wp\/v2\/categories?post=53359"},{"taxonomy":"post_tag","embeddable":true,"href":"https:\/\/www.lasrosas.com.ar\/portal\/wp-json\/wp\/v2\/tags?post=53359"}],"curies":[{"name":"wp","href":"https:\/\/api.w.org\/{rel}","templated":true}]}}