{"id":53226,"date":"2022-06-14T16:38:36","date_gmt":"2022-06-14T19:38:36","guid":{"rendered":"https:\/\/www.lasrosas.com.ar\/portal\/?p=53226"},"modified":"2022-06-14T16:38:36","modified_gmt":"2022-06-14T19:38:36","slug":"la-coloracion-que-sera-una-de-las-tendencias-de-2022","status":"publish","type":"post","link":"https:\/\/www.lasrosas.com.ar\/portal\/la-coloracion-que-sera-una-de-las-tendencias-de-2022\/","title":{"rendered":"LA COLORACI\u00d3N QUE SER\u00c1 UNA DE LAS TENDENCIAS DE 2022"},"content":{"rendered":"<p>Hay un tono verdaderamente llamativo dentro de los rubios platinados, se conoce como \u00abIvory\u00bb y se perfila como una de las tendencias en coloraci\u00f3n en la pr\u00f3xima primavera.<\/p>\n<p><img decoding=\"async\" class=\"size-full wp-image-53227 aligncenter lazyload\" data-src=\"https:\/\/www.lasrosas.com.ar\/portal\/wp-content\/uploads\/WhatsApp-Image-2022-06-14-at-4.37.25-PM-4.jpeg\" alt=\"\" width=\"715\" height=\"537\" data-srcset=\"https:\/\/www.lasrosas.com.ar\/portal\/wp-content\/uploads\/WhatsApp-Image-2022-06-14-at-4.37.25-PM-4.jpeg 715w, https:\/\/www.lasrosas.com.ar\/portal\/wp-content\/uploads\/WhatsApp-Image-2022-06-14-at-4.37.25-PM-4-640x480.jpeg 640w\" data-sizes=\"(max-width: 715px) 100vw, 715px\" src=\"data:image\/svg+xml;base64,PHN2ZyB3aWR0aD0iMSIgaGVpZ2h0PSIxIiB4bWxucz0iaHR0cDovL3d3dy53My5vcmcvMjAwMC9zdmciPjwvc3ZnPg==\" style=\"--smush-placeholder-width: 715px; --smush-placeholder-aspect-ratio: 715\/537;\" \/><\/p>\n<p>El rubio platinado es un cl\u00e1sico que han impuesto varias celebridades como Gwen Stefani, Katy Perry, Beyonc\u00e9 o Kristen Stewart, quienes emularon en sus melenas el tono que hab\u00eda impuesto una de sus precursoras, Marilyn Monroe, en la d\u00e9cada del &#8217;50.<\/p>\n<p>Con la serie \u00abGame of Thrones\u00bb este tono tuvo un revival gracias a la melena de una de sus protagonistas, Daenerys Targaryen (m\u00e1s conocida como Khaleesi), quien era interpretada por Emilia Clarke.<\/p>\n<p>En cuanto al tono en cuesti\u00f3n, conocido como \u00abIvory\u00bb (en espa\u00f1ol, marfil), su tonalidad es fr\u00eda y se acerca m\u00e1s al blanco que al amarillo. Es un rubio con esencia n\u00f3rdica, fr\u00edo y brillante -justamente- como lo es el marfil.<\/p>\n<p><img decoding=\"async\" class=\"size-full wp-image-53230 aligncenter lazyload\" data-src=\"https:\/\/www.lasrosas.com.ar\/portal\/wp-content\/uploads\/WhatsApp-Image-2022-06-14-at-4.37.25-PM-1.jpeg\" alt=\"\" width=\"500\" height=\"567\" src=\"data:image\/svg+xml;base64,PHN2ZyB3aWR0aD0iMSIgaGVpZ2h0PSIxIiB4bWxucz0iaHR0cDovL3d3dy53My5vcmcvMjAwMC9zdmciPjwvc3ZnPg==\" style=\"--smush-placeholder-width: 500px; --smush-placeholder-aspect-ratio: 500\/567;\" \/><\/p>\n<p>La famosa que sac\u00f3 a relucir este tono fue Kim Kardashian durante su aparici\u00f3n en la Met Gala en mayo de este a\u00f1o.<\/p>\n<p>Dicen los expertos que esta tonalidad suaviza las facciones, aportando luminosidad al rostro.<\/p>\n<p>Al ser tan claro disimula la aparici\u00f3n de las canas, as\u00ed que ser\u00eda un buen todo a tener en cuenta si dese\u00e1s disimularlas de una manera pr\u00e1ctica.<\/p>\n<p><img decoding=\"async\" class=\"size-full wp-image-53228 aligncenter lazyload\" data-src=\"https:\/\/www.lasrosas.com.ar\/portal\/wp-content\/uploads\/WhatsApp-Image-2022-06-14-at-4.37.25-PM-3.jpeg\" alt=\"\" width=\"564\" height=\"1001\" data-srcset=\"https:\/\/www.lasrosas.com.ar\/portal\/wp-content\/uploads\/WhatsApp-Image-2022-06-14-at-4.37.25-PM-3.jpeg 564w, https:\/\/www.lasrosas.com.ar\/portal\/wp-content\/uploads\/WhatsApp-Image-2022-06-14-at-4.37.25-PM-3-541x960.jpeg 541w\" data-sizes=\"(max-width: 564px) 100vw, 564px\" src=\"data:image\/svg+xml;base64,PHN2ZyB3aWR0aD0iMSIgaGVpZ2h0PSIxIiB4bWxucz0iaHR0cDovL3d3dy53My5vcmcvMjAwMC9zdmciPjwvc3ZnPg==\" style=\"--smush-placeholder-width: 564px; --smush-placeholder-aspect-ratio: 564\/1001;\" \/><\/p>\n<p><strong>Tips para cuidar el pelo decolorado<\/strong><\/p>\n<p>-Si tuviste que decolorar tu tono natural para llegar al Ivory, lo mejor es mantenerlo hidratado, usando mascarillas nutritivas o ampollas.<\/p>\n<p>-Trat\u00e1 de desenredarlo delicadamente, usando peines anchos.<\/p>\n<p>-Para proteger el color, opt\u00e1 por shampoos especiales con pigmentos azulados o violetas, muy recomendables para evitar que el pelo se torne amarillento.<\/p>\n<p>-Siempre se recomiendan los productos con protecci\u00f3n t\u00e9rmica antes de secarlo o pasarle la planchita.<\/p>\n<p>-Durante el verano tendr\u00e1s que sumar la protecci\u00f3n solar y la del agua salada o con cloro, eligiendo los productos adecuados para tales fines.<\/p>\n<p><img decoding=\"async\" class=\"size-full wp-image-53229 aligncenter lazyload\" data-src=\"https:\/\/www.lasrosas.com.ar\/portal\/wp-content\/uploads\/WhatsApp-Image-2022-06-14-at-4.37.25-PM-2.jpeg\" alt=\"\" width=\"740\" height=\"851\" src=\"data:image\/svg+xml;base64,PHN2ZyB3aWR0aD0iMSIgaGVpZ2h0PSIxIiB4bWxucz0iaHR0cDovL3d3dy53My5vcmcvMjAwMC9zdmciPjwvc3ZnPg==\" style=\"--smush-placeholder-width: 740px; --smush-placeholder-aspect-ratio: 740\/851;\" \/><\/p>\n<!-- AddThis Advanced Settings generic via filter on the_content --><!-- AddThis Share Buttons generic via filter on the_content -->","protected":false},"excerpt":{"rendered":"<p>Hay un tono verdaderamente llamativo dentro de los rubios platinados, se conoce como \u00abIvory\u00bb y se perfila como una de las tendencias en coloraci\u00f3n en la pr\u00f3xima primavera. El rubio platinado es un cl\u00e1sico que han impuesto varias celebridades como Gwen Stefani, Katy Perry, Beyonc\u00e9 o Kristen Stewart, quienes emularon en sus melenas el tono [&hellip;]<!-- AddThis Advanced Settings generic via filter on get_the_excerpt --><!-- AddThis Share Buttons generic via filter on get_the_excerpt --><\/p>\n","protected":false},"author":6,"featured_media":53231,"comment_status":"closed","ping_status":"open","sticky":false,"template":"","format":"standard","meta":{"_acf_changed":false,"om_disable_all_campaigns":false,"_monsterinsights_skip_tracking":false,"_monsterinsights_sitenote_active":false,"_monsterinsights_sitenote_note":"","_monsterinsights_sitenote_category":0,"_uf_show_specific_survey":0,"_uf_disable_surveys":false,"footnotes":""},"categories":[376,100],"tags":[],"class_list":["post-53226","post","type-post","status-publish","format-standard","has-post-thumbnail","hentry","category-lifestyle","category-noticias"],"acf":[],"aioseo_notices":[],"_links":{"self":[{"href":"https:\/\/www.lasrosas.com.ar\/portal\/wp-json\/wp\/v2\/posts\/53226","targetHints":{"allow":["GET"]}}],"collection":[{"href":"https:\/\/www.lasrosas.com.ar\/portal\/wp-json\/wp\/v2\/posts"}],"about":[{"href":"https:\/\/www.lasrosas.com.ar\/portal\/wp-json\/wp\/v2\/types\/post"}],"author":[{"embeddable":true,"href":"https:\/\/www.lasrosas.com.ar\/portal\/wp-json\/wp\/v2\/users\/6"}],"replies":[{"embeddable":true,"href":"https:\/\/www.lasrosas.com.ar\/portal\/wp-json\/wp\/v2\/comments?post=53226"}],"version-history":[{"count":0,"href":"https:\/\/www.lasrosas.com.ar\/portal\/wp-json\/wp\/v2\/posts\/53226\/revisions"}],"wp:featuredmedia":[{"embeddable":true,"href":"https:\/\/www.lasrosas.com.ar\/portal\/wp-json\/wp\/v2\/media\/53231"}],"wp:attachment":[{"href":"https:\/\/www.lasrosas.com.ar\/portal\/wp-json\/wp\/v2\/media?parent=53226"}],"wp:term":[{"taxonomy":"category","embeddable":true,"href":"https:\/\/www.lasrosas.com.ar\/portal\/wp-json\/wp\/v2\/categories?post=53226"},{"taxonomy":"post_tag","embeddable":true,"href":"https:\/\/www.lasrosas.com.ar\/portal\/wp-json\/wp\/v2\/tags?post=53226"}],"curies":[{"name":"wp","href":"https:\/\/api.w.org\/{rel}","templated":true}]}}