{"id":52868,"date":"2022-06-08T15:24:41","date_gmt":"2022-06-08T18:24:41","guid":{"rendered":"https:\/\/www.lasrosas.com.ar\/portal\/?p=52868"},"modified":"2022-06-08T15:24:41","modified_gmt":"2022-06-08T18:24:41","slug":"te-decoloraste-mira-estos-tips-para-cuidar-tu-pelo","status":"publish","type":"post","link":"https:\/\/www.lasrosas.com.ar\/portal\/te-decoloraste-mira-estos-tips-para-cuidar-tu-pelo\/","title":{"rendered":"\u00bfTE DECOLORASTE? MIR\u00c1 ESTOS TIPS PARA CUIDAR TU PELO"},"content":{"rendered":"<p>El pelo decolorado requiere ciertos cuidados especiales para lucirse: te contamos cu\u00e1les son.<\/p>\n<p>Cuando pasamos de un pelo casta\u00f1o o morocho a uno m\u00e1s claro hay un proceso de decoloraci\u00f3n mediante que, en ocasiones, puede generar alg\u00fan tipo de da\u00f1o.<\/p>\n<p>Si tu pelo de base es oscuro, someterlo a los qu\u00edmicos que lo decoloran puede requerir de un tiempo largo de exposici\u00f3n en el que es inevitable que la fibra capilar \u00absufra\u00bb. Pero aplicando ciertos cuidados y teniendo paciencia, es posible recuperar todo su brillo y esplendor.<\/p>\n<p>Antes de dar este paso ser\u00e1 fundamental que acudas a un profesional confiable que use productos de buena calidad, ya que de esta manera el da\u00f1o ser\u00e1 mucho menor. Una vez que hayas llegado a las manos indicadas y te realicen un buen trabajo, el correcto mantenimiento y cuidados correr\u00e1n por tu cuenta.<\/p>\n<p>Lo primero que vas a necesitar, es mantener tu melena hidratada y nutrida, usando productos espec\u00edficos para pelos con decoloraci\u00f3n.<\/p>\n<p>1-\u00a0Shampoo violetaSi bien mientras te ba\u00f1\u00e1s parece que estuvieras usando una coloraci\u00f3n fantas\u00eda, el efecto es moment\u00e1neo. Este tipo de\u00a0shampoo evita que haya cambios de color\u00a0y que aparezcan esos tonos amarillos indeseables cuando ten\u00e9s el pelo rubio, blanco, o gris. Mejor a\u00fan si viene\u00a0enriquecido con aceite de arg\u00e1n, que sella las cut\u00edculas y ayuda a mantener la hidrataci\u00f3n en el pelo.<\/p>\n<p>2-\u00a0Tratamientos mascarillas para cabello decoloradoPara cuidar la\u00a0salud del pelo desde adentro,\u00a0nada mejor que un buen tratamiento profesional, de esos que se consiguen en los locales de venta de productos de peluquer\u00eda. Si bien es una inversi\u00f3n, duran meses y los resultados pueden ser superiores a los de los productos convencionales. Si consegu\u00eds los que vienen\u00a0formulados sin parabenos, mejor a\u00fan porque este ingrediente reseca el pelo.<\/p>\n<p>3-\u00a0Cuidado con el calor del secador de peloSi est\u00e1s acostumbrada a usar tu\u00a0secador\u00a0en su m\u00e1xima potencia, ser\u00eda conveniente que le bajes la intensidad e intentes usarlo con\u00a0menor frecuencia. Adem\u00e1s,\u00a0es aconsejable que le apliques un protector t\u00e9rmico antes para protegerlo.<\/p>\n<p>4-\u00a0Busc\u00e1 tu corte idealAunque\u00a0sea un desmechado para eliminar lo maltratado\u2026 Ahora que si est\u00e1s decidida a hacer un\u00a0extreme makeover, es\u00a0momento de buscar el corte perfecto e\u00a0incursiona sin miedo.<\/p>\n<!-- AddThis Advanced Settings generic via filter on the_content --><!-- AddThis Share Buttons generic via filter on the_content -->","protected":false},"excerpt":{"rendered":"<p>El pelo decolorado requiere ciertos cuidados especiales para lucirse: te contamos cu\u00e1les son. Cuando pasamos de un pelo casta\u00f1o o morocho a uno m\u00e1s claro hay un proceso de decoloraci\u00f3n mediante que, en ocasiones, puede generar alg\u00fan tipo de da\u00f1o. Si tu pelo de base es oscuro, someterlo a los qu\u00edmicos que lo decoloran puede [&hellip;]<!-- AddThis Advanced Settings generic via filter on get_the_excerpt --><!-- AddThis Share Buttons generic via filter on get_the_excerpt --><\/p>\n","protected":false},"author":6,"featured_media":52870,"comment_status":"closed","ping_status":"open","sticky":false,"template":"","format":"standard","meta":{"_acf_changed":false,"om_disable_all_campaigns":false,"_monsterinsights_skip_tracking":false,"_monsterinsights_sitenote_active":false,"_monsterinsights_sitenote_note":"","_monsterinsights_sitenote_category":0,"_uf_show_specific_survey":0,"_uf_disable_surveys":false,"footnotes":""},"categories":[376,100],"tags":[],"class_list":["post-52868","post","type-post","status-publish","format-standard","has-post-thumbnail","hentry","category-lifestyle","category-noticias"],"acf":[],"aioseo_notices":[],"_links":{"self":[{"href":"https:\/\/www.lasrosas.com.ar\/portal\/wp-json\/wp\/v2\/posts\/52868","targetHints":{"allow":["GET"]}}],"collection":[{"href":"https:\/\/www.lasrosas.com.ar\/portal\/wp-json\/wp\/v2\/posts"}],"about":[{"href":"https:\/\/www.lasrosas.com.ar\/portal\/wp-json\/wp\/v2\/types\/post"}],"author":[{"embeddable":true,"href":"https:\/\/www.lasrosas.com.ar\/portal\/wp-json\/wp\/v2\/users\/6"}],"replies":[{"embeddable":true,"href":"https:\/\/www.lasrosas.com.ar\/portal\/wp-json\/wp\/v2\/comments?post=52868"}],"version-history":[{"count":0,"href":"https:\/\/www.lasrosas.com.ar\/portal\/wp-json\/wp\/v2\/posts\/52868\/revisions"}],"wp:featuredmedia":[{"embeddable":true,"href":"https:\/\/www.lasrosas.com.ar\/portal\/wp-json\/wp\/v2\/media\/52870"}],"wp:attachment":[{"href":"https:\/\/www.lasrosas.com.ar\/portal\/wp-json\/wp\/v2\/media?parent=52868"}],"wp:term":[{"taxonomy":"category","embeddable":true,"href":"https:\/\/www.lasrosas.com.ar\/portal\/wp-json\/wp\/v2\/categories?post=52868"},{"taxonomy":"post_tag","embeddable":true,"href":"https:\/\/www.lasrosas.com.ar\/portal\/wp-json\/wp\/v2\/tags?post=52868"}],"curies":[{"name":"wp","href":"https:\/\/api.w.org\/{rel}","templated":true}]}}