{"id":52580,"date":"2022-06-02T17:27:25","date_gmt":"2022-06-02T20:27:25","guid":{"rendered":"https:\/\/www.lasrosas.com.ar\/portal\/?p=52580"},"modified":"2022-06-02T17:27:25","modified_gmt":"2022-06-02T20:27:25","slug":"massimo-dutti-studio-lanza-el-traje-perfecto-para-novias-minimalistas","status":"publish","type":"post","link":"https:\/\/www.lasrosas.com.ar\/portal\/massimo-dutti-studio-lanza-el-traje-perfecto-para-novias-minimalistas\/","title":{"rendered":"MASSIMO DUTTI STUDIO LANZA EL TRAJE PERFECTO PARA NOVIAS MINIMALISTAS"},"content":{"rendered":"<p>Una falda de sat\u00e9n y un top halter con plumas componen el perfecto traje de novia (que tambi\u00e9n es apto para una preboda).<\/p>\n<p>Massimo Dutti Studio es la nueva l\u00ednea de la firma de Inditex que surgi\u00f3 tras el cierre de Uterq\u00fce. Los trajes a todo color, accesorios maximalistas y piezas ultrasofisticadas que protagonizaban los cat\u00e1logos de la marca m\u00e1s fashionista del conglomerado gallego se vislumbran en esta nueva apuesta. Aunque, formando parte de Massimo Dutti, adquieren cierto car\u00e1cter minimalista y conviven con piezas b\u00e1sicas que cuidan al m\u00e1ximo los tejidos y la confecci\u00f3n. Es decir, las prendas que componen el cat\u00e1logo consiguen perfecto equilibrio entre sofisticaci\u00f3n y atemporalidad.<\/p>\n\r\n\t\t<style type='text\/css'>\r\n\t\t\t#gallery-1 {\r\n\t\t\t\tmargin: auto;\r\n\t\t\t}\r\n\t\t\t#gallery-1 .gallery-item {\r\n\t\t\t\tfloat: left;\r\n\t\t\t\tmargin-top: 10px;\r\n\t\t\t\ttext-align: center;\r\n\t\t\t\twidth: 50%;\r\n\t\t\t}\r\n\t\t\t#gallery-1 img {\r\n\t\t\t\tborder: 2px solid #cfcfcf;\r\n\t\t\t}\r\n\t\t\t#gallery-1 .gallery-caption {\r\n\t\t\t\tmargin-left: 0;\r\n\t\t\t}\r\n\t\t<\/style>\r\n\t\t<!-- see gallery_shortcode() in wp-includes\/media.php -->\n\t\t<div id='gallery-1' class='gallery galleryid-52580 gallery-columns-2 gallery-size-full gallery1'><script type=\"text\/javascript\">\r\n\/\/ <![CDATA[\r\n\tjQuery(document).ready(function () {\r\n\t\tjQuery(\".gallery1 a\").attr(\"rel\",\"gallery1\");\t\r\n\t\tjQuery('a[rel=\"gallery1\"]').colorbox({maxWidth:\"95%\", maxHeight:\"95%\",title: function(){ return jQuery(this).children().attr(\"alt\"); }, });\r\n\t});\r\n\/\/ ]]>\r\n<\/script>\n<dl class=\"gallery-item\">\n<dt class=\"gallery-icon\">\r\n<a href=\"https:\/\/www.lasrosas.com.ar\/portal\/wp-content\/uploads\/WhatsApp-Image-2022-06-02-at-5.25.50-PM-2.jpeg\" title=\"\" rel=\"gallery1\"><img decoding=\"async\" data-src=\"https:\/\/www.lasrosas.com.ar\/portal\/wp-content\/uploads\/WhatsApp-Image-2022-06-02-at-5.25.50-PM-2.jpeg\" width=\"960\" height=\"1280\" alt=\"\" src=\"data:image\/svg+xml;base64,PHN2ZyB3aWR0aD0iMSIgaGVpZ2h0PSIxIiB4bWxucz0iaHR0cDovL3d3dy53My5vcmcvMjAwMC9zdmciPjwvc3ZnPg==\" class=\"lazyload\" style=\"--smush-placeholder-width: 960px; --smush-placeholder-aspect-ratio: 960\/1280;\" \/><\/a>\r\n<\/dt><\/dl><dl class=\"gallery-item\">\n<dt class=\"gallery-icon\">\r\n<a href=\"https:\/\/www.lasrosas.com.ar\/portal\/wp-content\/uploads\/WhatsApp-Image-2022-06-02-at-5.25.50-PM-3.jpeg\" title=\"\" rel=\"gallery1\"><img decoding=\"async\" data-src=\"https:\/\/www.lasrosas.com.ar\/portal\/wp-content\/uploads\/WhatsApp-Image-2022-06-02-at-5.25.50-PM-3.jpeg\" width=\"960\" height=\"1280\" alt=\"\" src=\"data:image\/svg+xml;base64,PHN2ZyB3aWR0aD0iMSIgaGVpZ2h0PSIxIiB4bWxucz0iaHR0cDovL3d3dy53My5vcmcvMjAwMC9zdmciPjwvc3ZnPg==\" class=\"lazyload\" style=\"--smush-placeholder-width: 960px; --smush-placeholder-aspect-ratio: 960\/1280;\" \/><\/a>\r\n<\/dt><\/dl><br style=\"clear: both\" \/>\r\n\t\t<\/div>\n\n<p>Desde su lanzamiento, el pasado mes de marzo, Massimo Dutti Studio se ha convertido en un site de referencia para invitadas de boda y asistentes a eventos que buscan estilismos que respiren sobriedad y, al mismo tiempo, incorporen las tendencias del momento. Lo que no sab\u00edamos era que esta nueva l\u00ednea ofrecer\u00eda, tambi\u00e9n, opciones para protagonistas de los eventos nupciales. Y, de repente, el cat\u00e1logo de su nueva colecci\u00f3n incluye el traje de novia m\u00e1s sofisticado y especial de la temporada.<\/p>\n<p>Se trata de un conjunto de dos piezas compuesto por una falda larga de sat\u00e9n con ca\u00edda asim\u00e9trica y un top en el mismo tejido, con cuello halter y decorado con plumas. Un total look que incorpora algunas de las tendencias m\u00e1s aclamadas de la temporada -desde el acabado satinado hasta el detalle de las plumas- adapt\u00e1ndolas a un estilismo nupcial tan fresco como elegante.<\/p>\n<p><img decoding=\"async\" class=\"wp-image-52583 aligncenter lazyload\" data-src=\"https:\/\/www.lasrosas.com.ar\/portal\/wp-content\/uploads\/WhatsApp-Image-2022-06-02-at-5.25.50-PM-1.jpeg\" alt=\"\" width=\"578\" height=\"771\" data-srcset=\"https:\/\/www.lasrosas.com.ar\/portal\/wp-content\/uploads\/WhatsApp-Image-2022-06-02-at-5.25.50-PM-1.jpeg 960w, https:\/\/www.lasrosas.com.ar\/portal\/wp-content\/uploads\/WhatsApp-Image-2022-06-02-at-5.25.50-PM-1-720x960.jpeg 720w\" data-sizes=\"(max-width: 578px) 100vw, 578px\" src=\"data:image\/svg+xml;base64,PHN2ZyB3aWR0aD0iMSIgaGVpZ2h0PSIxIiB4bWxucz0iaHR0cDovL3d3dy53My5vcmcvMjAwMC9zdmciPjwvc3ZnPg==\" style=\"--smush-placeholder-width: 578px; --smush-placeholder-aspect-ratio: 578\/771;\" \/><\/p>\n<p>Un look que solo necesita unos maxipendientes y un stiletto cl\u00e1sico para consagrarse como el perfecto estilismo para las novias del verano de 2022. Y, en caso de seas una de ellas y ya tengas tu vestido, se trata de una opci\u00f3n id\u00f3nea para una fiesta de preboda. \u00bfLo mejor? Tanto la falda de sat\u00e9n como el top de plumas podr\u00e1s llevarlos una vez haya pasado el evento.<\/p>\n<!-- AddThis Advanced Settings generic via filter on the_content --><!-- AddThis Share Buttons generic via filter on the_content -->","protected":false},"excerpt":{"rendered":"<p>Una falda de sat\u00e9n y un top halter con plumas componen el perfecto traje de novia (que tambi\u00e9n es apto para una preboda). Massimo Dutti Studio es la nueva l\u00ednea de la firma de Inditex que surgi\u00f3 tras el cierre de Uterq\u00fce. Los trajes a todo color, accesorios maximalistas y piezas ultrasofisticadas que protagonizaban los [&hellip;]<!-- AddThis Advanced Settings generic via filter on get_the_excerpt --><!-- AddThis Share Buttons generic via filter on get_the_excerpt --><\/p>\n","protected":false},"author":6,"featured_media":52584,"comment_status":"closed","ping_status":"open","sticky":false,"template":"","format":"standard","meta":{"_acf_changed":false,"om_disable_all_campaigns":false,"_monsterinsights_skip_tracking":false,"_monsterinsights_sitenote_active":false,"_monsterinsights_sitenote_note":"","_monsterinsights_sitenote_category":0,"_uf_show_specific_survey":0,"_uf_disable_surveys":false,"footnotes":""},"categories":[100,30],"tags":[],"class_list":["post-52580","post","type-post","status-publish","format-standard","has-post-thumbnail","hentry","category-noticias","category-moda"],"acf":[],"aioseo_notices":[],"_links":{"self":[{"href":"https:\/\/www.lasrosas.com.ar\/portal\/wp-json\/wp\/v2\/posts\/52580","targetHints":{"allow":["GET"]}}],"collection":[{"href":"https:\/\/www.lasrosas.com.ar\/portal\/wp-json\/wp\/v2\/posts"}],"about":[{"href":"https:\/\/www.lasrosas.com.ar\/portal\/wp-json\/wp\/v2\/types\/post"}],"author":[{"embeddable":true,"href":"https:\/\/www.lasrosas.com.ar\/portal\/wp-json\/wp\/v2\/users\/6"}],"replies":[{"embeddable":true,"href":"https:\/\/www.lasrosas.com.ar\/portal\/wp-json\/wp\/v2\/comments?post=52580"}],"version-history":[{"count":0,"href":"https:\/\/www.lasrosas.com.ar\/portal\/wp-json\/wp\/v2\/posts\/52580\/revisions"}],"wp:featuredmedia":[{"embeddable":true,"href":"https:\/\/www.lasrosas.com.ar\/portal\/wp-json\/wp\/v2\/media\/52584"}],"wp:attachment":[{"href":"https:\/\/www.lasrosas.com.ar\/portal\/wp-json\/wp\/v2\/media?parent=52580"}],"wp:term":[{"taxonomy":"category","embeddable":true,"href":"https:\/\/www.lasrosas.com.ar\/portal\/wp-json\/wp\/v2\/categories?post=52580"},{"taxonomy":"post_tag","embeddable":true,"href":"https:\/\/www.lasrosas.com.ar\/portal\/wp-json\/wp\/v2\/tags?post=52580"}],"curies":[{"name":"wp","href":"https:\/\/api.w.org\/{rel}","templated":true}]}}