{"id":52577,"date":"2022-06-02T17:20:27","date_gmt":"2022-06-02T20:20:27","guid":{"rendered":"https:\/\/www.lasrosas.com.ar\/portal\/?p=52577"},"modified":"2022-06-02T17:20:27","modified_gmt":"2022-06-02T20:20:27","slug":"stefi-roitman-desfilo-para-missoni-en-miami","status":"publish","type":"post","link":"https:\/\/www.lasrosas.com.ar\/portal\/stefi-roitman-desfilo-para-missoni-en-miami\/","title":{"rendered":"STEFI ROITMAN DESFIL\u00d3 PARA MISSONI EN MIAMI"},"content":{"rendered":"<p>Este mi\u00e9rcoles, Stefi Roitman fue modelo de Missoni en Miami. Ricky Montaner la acompa\u00f1\u00f3 y la aplaudi\u00f3 desde la primera fila.<\/p>\n<p>Esta semana se est\u00e1 desarrollando el Miami Fashion Week, la semana de la moda en Miami que volvi\u00f3 a la versi\u00f3n presencial en su edici\u00f3n 22\u00aa. Los eventos de una semana de duraci\u00f3n, comenzaron el martes 31 de mayo con una conferencia de prensa en el East Hotel de Miami.<\/p>\n<p>En el marco de este evento,\u00a0<strong>el mi\u00e9rcoles fue el desfile de Missoni y llam\u00f3 la atenci\u00f3n una modelo en especial:<\/strong>\u00a0<strong>Stefi Roitman<\/strong>. No lleg\u00f3 sola. Lo hizo acompa\u00f1ada de su marido, Ricky Montaner, quien desde la primera fila la alentaba y aplaud\u00eda.<\/p>\n<p>El desfile de Missoni se hizo en los incre\u00edbles jardines del Vizcaya Museum &amp; Gardens, un lugar que asemeja a una villa veneciana. La grilla de esta Semana de la Moda de Miami se completa con las \u00faltimas colecciones de Naeem Khan, Benito Santos, Angel Sanchez, \u00c1gatha Ruiz de la Prada, Rene by RR, entre otros, en lugares como Gary Nader Art Center y Seaspice.<\/p>\n<!-- AddThis Advanced Settings generic via filter on the_content --><!-- AddThis Share Buttons generic via filter on the_content -->","protected":false},"excerpt":{"rendered":"<p>Este mi\u00e9rcoles, Stefi Roitman fue modelo de Missoni en Miami. Ricky Montaner la acompa\u00f1\u00f3 y la aplaudi\u00f3 desde la primera fila. Esta semana se est\u00e1 desarrollando el Miami Fashion Week, la semana de la moda en Miami que volvi\u00f3 a la versi\u00f3n presencial en su edici\u00f3n 22\u00aa. Los eventos de una semana de duraci\u00f3n, comenzaron [&hellip;]<!-- AddThis Advanced Settings generic via filter on get_the_excerpt --><!-- AddThis Share Buttons generic via filter on get_the_excerpt --><\/p>\n","protected":false},"author":6,"featured_media":52578,"comment_status":"closed","ping_status":"open","sticky":false,"template":"","format":"standard","meta":{"_acf_changed":false,"om_disable_all_campaigns":false,"_monsterinsights_skip_tracking":false,"_monsterinsights_sitenote_active":false,"_monsterinsights_sitenote_note":"","_monsterinsights_sitenote_category":0,"_uf_show_specific_survey":0,"_uf_disable_surveys":false,"footnotes":""},"categories":[100],"tags":[],"class_list":["post-52577","post","type-post","status-publish","format-standard","has-post-thumbnail","hentry","category-noticias"],"acf":[],"aioseo_notices":[],"_links":{"self":[{"href":"https:\/\/www.lasrosas.com.ar\/portal\/wp-json\/wp\/v2\/posts\/52577","targetHints":{"allow":["GET"]}}],"collection":[{"href":"https:\/\/www.lasrosas.com.ar\/portal\/wp-json\/wp\/v2\/posts"}],"about":[{"href":"https:\/\/www.lasrosas.com.ar\/portal\/wp-json\/wp\/v2\/types\/post"}],"author":[{"embeddable":true,"href":"https:\/\/www.lasrosas.com.ar\/portal\/wp-json\/wp\/v2\/users\/6"}],"replies":[{"embeddable":true,"href":"https:\/\/www.lasrosas.com.ar\/portal\/wp-json\/wp\/v2\/comments?post=52577"}],"version-history":[{"count":0,"href":"https:\/\/www.lasrosas.com.ar\/portal\/wp-json\/wp\/v2\/posts\/52577\/revisions"}],"wp:featuredmedia":[{"embeddable":true,"href":"https:\/\/www.lasrosas.com.ar\/portal\/wp-json\/wp\/v2\/media\/52578"}],"wp:attachment":[{"href":"https:\/\/www.lasrosas.com.ar\/portal\/wp-json\/wp\/v2\/media?parent=52577"}],"wp:term":[{"taxonomy":"category","embeddable":true,"href":"https:\/\/www.lasrosas.com.ar\/portal\/wp-json\/wp\/v2\/categories?post=52577"},{"taxonomy":"post_tag","embeddable":true,"href":"https:\/\/www.lasrosas.com.ar\/portal\/wp-json\/wp\/v2\/tags?post=52577"}],"curies":[{"name":"wp","href":"https:\/\/api.w.org\/{rel}","templated":true}]}}