{"id":52387,"date":"2022-05-31T16:20:51","date_gmt":"2022-05-31T19:20:51","guid":{"rendered":"https:\/\/www.lasrosas.com.ar\/portal\/?p=52387"},"modified":"2022-05-31T16:20:51","modified_gmt":"2022-05-31T19:20:51","slug":"por-que-la-vitamina-c-es-una-gran-aliada-para-tu-piel","status":"publish","type":"post","link":"https:\/\/www.lasrosas.com.ar\/portal\/por-que-la-vitamina-c-es-una-gran-aliada-para-tu-piel\/","title":{"rendered":"POR QU\u00c9 LA VITAMINA C ES UNA GRAN ALIADA PARA TU PIEL"},"content":{"rendered":"<p>Te contamos cu\u00e1les son los beneficios de este ingrediente estrella de los productos de skincare.<\/p>\n<p>La vitamina C fue siempre recomendada para evitar resfr\u00edos y los especialistas recomiendan consumir alimentos que la contengan, sobre todo en las \u00e9pocas de fr\u00edo. Pero hace algunos a\u00f1os que es uno de los ingredientes \u00abestrella\u00bb de los tratamientos faciales, dadas sus propiedades para mejorar la calidad de la piel, entre ellas, la capacidad de estimular la producci\u00f3n de col\u00e1geno.<\/p>\n<p>Es que la vitamina C es un activo que el cuerpo necesita para desarrollar tejidos saludables, ya que ayuda a reparar las c\u00e9lulas da\u00f1adas y a promover el col\u00e1geno y la elastina en la piel. Por qu\u00e9 es deseable contar con este activo en s\u00e9rums o cremas faciales? Por su potencia antioxidante neutraliza los radicales libres que causan estr\u00e9s oxidativo en la piel y provocan su envejecimiento prematuro.<\/p>\n<p><img decoding=\"async\" class=\"wp-image-52388 aligncenter lazyload\" data-src=\"https:\/\/www.lasrosas.com.ar\/portal\/wp-content\/uploads\/alimentos-naturales-ricos-en-vitamina-c.jpeg\" alt=\"\" width=\"941\" height=\"541\" data-srcset=\"https:\/\/www.lasrosas.com.ar\/portal\/wp-content\/uploads\/alimentos-naturales-ricos-en-vitamina-c.jpeg 1200w, https:\/\/www.lasrosas.com.ar\/portal\/wp-content\/uploads\/alimentos-naturales-ricos-en-vitamina-c-960x552.jpeg 960w\" data-sizes=\"(max-width: 941px) 100vw, 941px\" src=\"data:image\/svg+xml;base64,PHN2ZyB3aWR0aD0iMSIgaGVpZ2h0PSIxIiB4bWxucz0iaHR0cDovL3d3dy53My5vcmcvMjAwMC9zdmciPjwvc3ZnPg==\" style=\"--smush-placeholder-width: 941px; --smush-placeholder-aspect-ratio: 941\/541;\" \/><\/p>\n<p>Adem\u00e1s, porque ayuda a emparejar el tono de la piel con manchas: si bien no act\u00faa directamente sobre ellas (como s\u00ed hacen los despigmentantes) lo que s\u00ed hace es reducir la s\u00edntesis de melanina, y esto mejora las caracter\u00edsticas y la calidad de la piel, favoreciendo una pigmentaci\u00f3n mucho m\u00e1s uniforme del melanocito. En resumen: es eficaz para controlar la aparici\u00f3n de manchas y tambi\u00e9n para obtener un tono de piel m\u00e1s homog\u00e9neo.<\/p>\n<p>Existe una infinidad de productos en el mercado que contienen este activo, como los s\u00e9rums concentrados que se deben aplicar con suaves golpes, sin estirar o frotar la piel, dejando absorber durante unos minutos. Pod\u00e9s potenciarlo aplicando masajes con el rodillo de jade.Los serums con vitamina C suelen contener ingredientes hidratantes, pero si quer\u00e9s sumar un extra, pod\u00e9s una crema hidratante encima del serum de vitamina C.<\/p>\n<p>Antes de comprar cualquier producto, es aconsejable que consultes a tu dermat\u00f3logo, porque hay pieles muy sensibles a este compuesto y algunos productos lo pueden tener de manera concentrada y generar alg\u00fan tipo de reacci\u00f3n.<\/p>\n<p>Los especialistas aconsejan utilizarla durante la ma\u00f1ana y afirman que es indicada para todas las edades.<\/p>\n<p>Como todo tratamiento, para ver sus efectos la constancia es fundamental, as\u00ed como la aplicaci\u00f3n diaria de protector solar durante todo el a\u00f1o, que es la recomendaci\u00f3n b\u00e1sica de skincare a la que siempre tenemos que hacerle caso.<\/p>\n<!-- AddThis Advanced Settings generic via filter on the_content --><!-- AddThis Share Buttons generic via filter on the_content -->","protected":false},"excerpt":{"rendered":"<p>Te contamos cu\u00e1les son los beneficios de este ingrediente estrella de los productos de skincare. La vitamina C fue siempre recomendada para evitar resfr\u00edos y los especialistas recomiendan consumir alimentos que la contengan, sobre todo en las \u00e9pocas de fr\u00edo. Pero hace algunos a\u00f1os que es uno de los ingredientes \u00abestrella\u00bb de los tratamientos faciales, [&hellip;]<!-- AddThis Advanced Settings generic via filter on get_the_excerpt --><!-- AddThis Share Buttons generic via filter on get_the_excerpt --><\/p>\n","protected":false},"author":6,"featured_media":52389,"comment_status":"closed","ping_status":"open","sticky":false,"template":"","format":"standard","meta":{"_acf_changed":false,"om_disable_all_campaigns":false,"_monsterinsights_skip_tracking":false,"_monsterinsights_sitenote_active":false,"_monsterinsights_sitenote_note":"","_monsterinsights_sitenote_category":0,"_uf_show_specific_survey":0,"_uf_disable_surveys":false,"footnotes":""},"categories":[376,100],"tags":[],"class_list":["post-52387","post","type-post","status-publish","format-standard","has-post-thumbnail","hentry","category-lifestyle","category-noticias"],"acf":[],"aioseo_notices":[],"_links":{"self":[{"href":"https:\/\/www.lasrosas.com.ar\/portal\/wp-json\/wp\/v2\/posts\/52387","targetHints":{"allow":["GET"]}}],"collection":[{"href":"https:\/\/www.lasrosas.com.ar\/portal\/wp-json\/wp\/v2\/posts"}],"about":[{"href":"https:\/\/www.lasrosas.com.ar\/portal\/wp-json\/wp\/v2\/types\/post"}],"author":[{"embeddable":true,"href":"https:\/\/www.lasrosas.com.ar\/portal\/wp-json\/wp\/v2\/users\/6"}],"replies":[{"embeddable":true,"href":"https:\/\/www.lasrosas.com.ar\/portal\/wp-json\/wp\/v2\/comments?post=52387"}],"version-history":[{"count":0,"href":"https:\/\/www.lasrosas.com.ar\/portal\/wp-json\/wp\/v2\/posts\/52387\/revisions"}],"wp:featuredmedia":[{"embeddable":true,"href":"https:\/\/www.lasrosas.com.ar\/portal\/wp-json\/wp\/v2\/media\/52389"}],"wp:attachment":[{"href":"https:\/\/www.lasrosas.com.ar\/portal\/wp-json\/wp\/v2\/media?parent=52387"}],"wp:term":[{"taxonomy":"category","embeddable":true,"href":"https:\/\/www.lasrosas.com.ar\/portal\/wp-json\/wp\/v2\/categories?post=52387"},{"taxonomy":"post_tag","embeddable":true,"href":"https:\/\/www.lasrosas.com.ar\/portal\/wp-json\/wp\/v2\/tags?post=52387"}],"curies":[{"name":"wp","href":"https:\/\/api.w.org\/{rel}","templated":true}]}}