{"id":52379,"date":"2022-05-31T16:04:33","date_gmt":"2022-05-31T19:04:33","guid":{"rendered":"https:\/\/www.lasrosas.com.ar\/portal\/?p=52379"},"modified":"2022-05-31T16:14:48","modified_gmt":"2022-05-31T19:14:48","slug":"jorge-rey-cerro-mar-del-plata-fashion-week-con-un-desfile-a-puro-glamour-y-un-after-party-en-la-suite-presidencial-en-la-que-se-aloja-mirtha-legrand","status":"publish","type":"post","link":"https:\/\/www.lasrosas.com.ar\/portal\/jorge-rey-cerro-mar-del-plata-fashion-week-con-un-desfile-a-puro-glamour-y-un-after-party-en-la-suite-presidencial-en-la-que-se-aloja-mirtha-legrand\/","title":{"rendered":"JORGE REY CERR\u00d3 MAR DEL PLATA FASHION WEEK CON UN DESFILE A PURO GLAMOUR Y UN AFTER PARTY EN LA SUITE PRESIDENCIAL EN LA QUE SE ALOJA MIRTHA LEGRAND"},"content":{"rendered":"<p>El pasado fin de semana se llev\u00f3 adelante Mar del Plata Fashion Week organizado por H\u00e9ctor Vidal Rivas. Impresionante, el cierre del desfile con la colecci\u00f3n de Jorge Rey.<\/p>\n<p>Este fin de semana se realiz\u00f3 en la ciudad de Mar del Plata, el Mar del plata Fahion Week, a total beneficio de Fundami Fundacion Hospital Materno Infantil Victorio Tetamanti, bajo la organizaci\u00f3n de Argentina Fashion Week y Hector Vidal Rivas, en el imponente sal\u00f3n del hotel Costa Galana.<\/p>\n<p><img decoding=\"async\" class=\"wp-image-52382 aligncenter lazyload\" data-src=\"https:\/\/www.lasrosas.com.ar\/portal\/wp-content\/uploads\/WhatsApp-Image-2022-05-31-at-3.51.28-PM.jpeg\" alt=\"\" width=\"486\" height=\"730\" data-srcset=\"https:\/\/www.lasrosas.com.ar\/portal\/wp-content\/uploads\/WhatsApp-Image-2022-05-31-at-3.51.28-PM.jpeg 740w, https:\/\/www.lasrosas.com.ar\/portal\/wp-content\/uploads\/WhatsApp-Image-2022-05-31-at-3.51.28-PM-640x960.jpeg 640w\" data-sizes=\"(max-width: 486px) 100vw, 486px\" src=\"data:image\/svg+xml;base64,PHN2ZyB3aWR0aD0iMSIgaGVpZ2h0PSIxIiB4bWxucz0iaHR0cDovL3d3dy53My5vcmcvMjAwMC9zdmciPjwvc3ZnPg==\" style=\"--smush-placeholder-width: 486px; --smush-placeholder-aspect-ratio: 486\/730;\" \/><\/p>\n<p><strong>Jorge Rey <\/strong>cerr\u00f3 el desfile luego de las pasadas que hicieron varios dise\u00f1adores reconocidos de nuestro pa\u00eds, entre ellos, Iara Alta Costura, Ver\u00f3nica de la Canal y Marcelo Senra.<\/p>\n<p>Como es habitual, Jorge Rey deslumbr\u00f3 sobre la pasarela con sus majestuosos vestidos, su c\u00e1psula titulada BELLATRIX, que nos invita a reflexionar sobre el poder de la trasmutaci\u00f3n y a sobreponerse a situaciones de la vida muy fuertes, sacando nuestra fuerza interior y convirti\u00e9ndonos en guerreros de la vida, con escudo y espada.<\/p>\n<p><img decoding=\"async\" class=\"wp-image-52380 aligncenter lazyload\" data-src=\"https:\/\/www.lasrosas.com.ar\/portal\/wp-content\/uploads\/WhatsApp-Image-2022-05-31-at-3.51.28-PM-1.jpeg\" alt=\"\" width=\"504\" height=\"756\" data-srcset=\"https:\/\/www.lasrosas.com.ar\/portal\/wp-content\/uploads\/WhatsApp-Image-2022-05-31-at-3.51.28-PM-1.jpeg 740w, https:\/\/www.lasrosas.com.ar\/portal\/wp-content\/uploads\/WhatsApp-Image-2022-05-31-at-3.51.28-PM-1-640x960.jpeg 640w\" data-sizes=\"(max-width: 504px) 100vw, 504px\" src=\"data:image\/svg+xml;base64,PHN2ZyB3aWR0aD0iMSIgaGVpZ2h0PSIxIiB4bWxucz0iaHR0cDovL3d3dy53My5vcmcvMjAwMC9zdmciPjwvc3ZnPg==\" style=\"--smush-placeholder-width: 504px; --smush-placeholder-aspect-ratio: 504\/756;\" \/><\/p>\n<p>El dise\u00f1ador opt\u00f3 por cerrar este evento a puro baile con la triple T, el hit del momento. Terminado el desfile, Jorge Rey y sus musas -Vicky Ramos y Alexia Toumikian-, junto a su staff de modelos, subieron a la Suite presidencial del Hotel Costa Galana ubicada en el 15 piso.<\/p>\n<p>Se trata de la ic\u00f3nica habitaci\u00f3n en la cual Mirtha Legrand se aloja cada vez que viaja a Mar del Plata a hacer sus programas. All\u00ed mismo, se hizo el after party post desfile con una mega producci\u00f3n de fotos.<\/p>\n<p><img decoding=\"async\" class=\"wp-image-52384 aligncenter lazyload\" data-src=\"https:\/\/www.lasrosas.com.ar\/portal\/wp-content\/uploads\/WhatsApp-Image-2022-05-31-at-4.03.10-PM-1.jpeg\" alt=\"\" width=\"597\" height=\"896\" data-srcset=\"https:\/\/www.lasrosas.com.ar\/portal\/wp-content\/uploads\/WhatsApp-Image-2022-05-31-at-4.03.10-PM-1.jpeg 740w, https:\/\/www.lasrosas.com.ar\/portal\/wp-content\/uploads\/WhatsApp-Image-2022-05-31-at-4.03.10-PM-1-640x960.jpeg 640w\" data-sizes=\"(max-width: 597px) 100vw, 597px\" src=\"data:image\/svg+xml;base64,PHN2ZyB3aWR0aD0iMSIgaGVpZ2h0PSIxIiB4bWxucz0iaHR0cDovL3d3dy53My5vcmcvMjAwMC9zdmciPjwvc3ZnPg==\" style=\"--smush-placeholder-width: 597px; --smush-placeholder-aspect-ratio: 597\/896;\" \/><\/p>\n<!-- AddThis Advanced Settings generic via filter on the_content --><!-- AddThis Share Buttons generic via filter on the_content -->","protected":false},"excerpt":{"rendered":"<p>El pasado fin de semana se llev\u00f3 adelante Mar del Plata Fashion Week organizado por H\u00e9ctor Vidal Rivas. Impresionante, el cierre del desfile con la colecci\u00f3n de Jorge Rey. Este fin de semana se realiz\u00f3 en la ciudad de Mar del Plata, el Mar del plata Fahion Week, a total beneficio de Fundami Fundacion Hospital [&hellip;]<!-- AddThis Advanced Settings generic via filter on get_the_excerpt --><!-- AddThis Share Buttons generic via filter on get_the_excerpt --><\/p>\n","protected":false},"author":6,"featured_media":52381,"comment_status":"closed","ping_status":"open","sticky":false,"template":"","format":"standard","meta":{"_acf_changed":false,"om_disable_all_campaigns":false,"_monsterinsights_skip_tracking":false,"_monsterinsights_sitenote_active":false,"_monsterinsights_sitenote_note":"","_monsterinsights_sitenote_category":0,"_uf_show_specific_survey":0,"_uf_disable_surveys":false,"footnotes":""},"categories":[234,100],"tags":[],"class_list":["post-52379","post","type-post","status-publish","format-standard","has-post-thumbnail","hentry","category-trend","category-noticias"],"acf":[],"aioseo_notices":[],"_links":{"self":[{"href":"https:\/\/www.lasrosas.com.ar\/portal\/wp-json\/wp\/v2\/posts\/52379","targetHints":{"allow":["GET"]}}],"collection":[{"href":"https:\/\/www.lasrosas.com.ar\/portal\/wp-json\/wp\/v2\/posts"}],"about":[{"href":"https:\/\/www.lasrosas.com.ar\/portal\/wp-json\/wp\/v2\/types\/post"}],"author":[{"embeddable":true,"href":"https:\/\/www.lasrosas.com.ar\/portal\/wp-json\/wp\/v2\/users\/6"}],"replies":[{"embeddable":true,"href":"https:\/\/www.lasrosas.com.ar\/portal\/wp-json\/wp\/v2\/comments?post=52379"}],"version-history":[{"count":0,"href":"https:\/\/www.lasrosas.com.ar\/portal\/wp-json\/wp\/v2\/posts\/52379\/revisions"}],"wp:featuredmedia":[{"embeddable":true,"href":"https:\/\/www.lasrosas.com.ar\/portal\/wp-json\/wp\/v2\/media\/52381"}],"wp:attachment":[{"href":"https:\/\/www.lasrosas.com.ar\/portal\/wp-json\/wp\/v2\/media?parent=52379"}],"wp:term":[{"taxonomy":"category","embeddable":true,"href":"https:\/\/www.lasrosas.com.ar\/portal\/wp-json\/wp\/v2\/categories?post=52379"},{"taxonomy":"post_tag","embeddable":true,"href":"https:\/\/www.lasrosas.com.ar\/portal\/wp-json\/wp\/v2\/tags?post=52379"}],"curies":[{"name":"wp","href":"https:\/\/api.w.org\/{rel}","templated":true}]}}