{"id":52195,"date":"2022-05-27T17:53:03","date_gmt":"2022-05-27T20:53:03","guid":{"rendered":"https:\/\/www.lasrosas.com.ar\/portal\/?p=52195"},"modified":"2022-05-30T15:36:14","modified_gmt":"2022-05-30T18:36:14","slug":"diego-larez","status":"publish","type":"post","link":"https:\/\/www.lasrosas.com.ar\/portal\/diego-larez\/","title":{"rendered":"DIEGO LAREZ"},"content":{"rendered":"<p><i><span style=\"font-weight: 400;\">Es Hair Stylist, un gran profesional del mundo de la moda que nos cuenta c\u00f3mo fue su camino y su exitosa actualidad!\u00a0<\/span><\/i><\/p>\n<p><b>\u00bfQui\u00e9n es Diego Larez ?<\/b><span style=\"font-weight: 400;\">\u00a0<\/span><\/p>\n<p><span style=\"font-weight: 400;\">Nac\u00ed en Argentina, soy Hair stylist, ten\u00eda mi propia marca Menos es Mas peluquer\u00eda &amp; Makeup studio\u00a0 la cual fue una de las m\u00e1s reconocidas junto a grandes artistas de nuestro pa\u00eds claramente. En el 2017 decide mudarme a New York City en busca de m\u00e1s experiencias ya que en mi pa\u00eds hab\u00eda logrado hacer todo lo que me propuse. La llegada a New York sin hablar ingl\u00e9s solo creyendo en mi carrera fue muy dif\u00edcil gracias a Dios alguien me invito a participar en un fashion week como peinador, ah\u00ed fue donde mis primeras ofertas de trabajo llegaron sin dudar, el idioma no me ayud\u00f3 mucho. Lamentablemente la fe en m\u00ed, en lo que hago fueron las llaves para abrir mis propias puertas, un d\u00eda llegaron m\u00e1s y m\u00e1s oportunidades siempre cada oportunidad un nuevo desaf\u00edo para m\u00ed. Yo mismo comenc\u00e9 una carrera como hair stylist: pase hacer estilismo para revistas como Vogue, Harper Bazaar, Marie Claire, WMAG. Hoy soy photographer mi primer campa\u00f1a fue para Amazon mundial con J.Balvin, es s\u00faper loco ver mis trabajos en las pantalla de Times Square y tengo mi propia marca de joyas sumado a mi propio medio impreso Dlarezmag.<\/span><\/p>\n<p><img decoding=\"async\" class=\"wp-image-52178 aligncenter lazyload\" data-src=\"https:\/\/www.lasrosas.com.ar\/portal\/wp-content\/uploads\/IMG_7320.jpg\" alt=\"\" width=\"643\" height=\"965\" data-srcset=\"https:\/\/www.lasrosas.com.ar\/portal\/wp-content\/uploads\/IMG_7320.jpg 3840w, https:\/\/www.lasrosas.com.ar\/portal\/wp-content\/uploads\/IMG_7320-640x960.jpg 640w, https:\/\/www.lasrosas.com.ar\/portal\/wp-content\/uploads\/IMG_7320-1280x1920.jpg 1280w\" data-sizes=\"(max-width: 643px) 100vw, 643px\" src=\"data:image\/svg+xml;base64,PHN2ZyB3aWR0aD0iMSIgaGVpZ2h0PSIxIiB4bWxucz0iaHR0cDovL3d3dy53My5vcmcvMjAwMC9zdmciPjwvc3ZnPg==\" style=\"--smush-placeholder-width: 643px; --smush-placeholder-aspect-ratio: 643\/965;\" \/><\/p>\n<p><b>\u00bfQu\u00e9 destacas como gratificante de tu camino y tu presente?\u00a0<\/b><\/p>\n<p>Destaco como gratificante todo lo que mi pa\u00eds me dio eso me ayudo me fortaleci\u00f3 a vivir este presente, cumpliendo mis metas, siempre pienso el no &#8211; ya lo tenemos yo voy por mi s\u00ed, mi padre me dijo todo lo que brilla no es oro; nadie es m\u00e1s que vos ni vos m\u00e1s que nadie, sos un gran artista vas a lograr todo lo que vos te propongas y ac\u00e1 me tienen , ahora empresario tengo mi marca de joyas junto a mi socia xinxin ella es de china, la marca se llama @kelleryofficial otro desaf\u00edo para mi vida junto un ser que amo.<\/p>\n<p><img decoding=\"async\" class=\"wp-image-52179 aligncenter lazyload\" data-src=\"https:\/\/www.lasrosas.com.ar\/portal\/wp-content\/uploads\/IMG_7319.jpg\" alt=\"\" width=\"694\" height=\"1041\" data-srcset=\"https:\/\/www.lasrosas.com.ar\/portal\/wp-content\/uploads\/IMG_7319.jpg 3840w, https:\/\/www.lasrosas.com.ar\/portal\/wp-content\/uploads\/IMG_7319-640x960.jpg 640w, https:\/\/www.lasrosas.com.ar\/portal\/wp-content\/uploads\/IMG_7319-1280x1920.jpg 1280w\" data-sizes=\"(max-width: 694px) 100vw, 694px\" src=\"data:image\/svg+xml;base64,PHN2ZyB3aWR0aD0iMSIgaGVpZ2h0PSIxIiB4bWxucz0iaHR0cDovL3d3dy53My5vcmcvMjAwMC9zdmciPjwvc3ZnPg==\" style=\"--smush-placeholder-width: 694px; --smush-placeholder-aspect-ratio: 694\/1041;\" \/><\/p>\n<!-- AddThis Advanced Settings generic via filter on the_content --><!-- AddThis Share Buttons generic via filter on the_content -->","protected":false},"excerpt":{"rendered":"<p>Es Hair Stylist, un gran profesional del mundo de la moda que nos cuenta c\u00f3mo fue su camino y su exitosa actualidad!\u00a0 \u00bfQui\u00e9n es Diego Larez ?\u00a0 Nac\u00ed en Argentina, soy Hair stylist, ten\u00eda mi propia marca Menos es Mas peluquer\u00eda &amp; Makeup studio\u00a0 la cual fue una de las m\u00e1s reconocidas junto a grandes [&hellip;]<!-- AddThis Advanced Settings generic via filter on get_the_excerpt --><!-- AddThis Share Buttons generic via filter on get_the_excerpt --><\/p>\n","protected":false},"author":6,"featured_media":52318,"comment_status":"closed","ping_status":"open","sticky":false,"template":"","format":"standard","meta":{"_acf_changed":false,"om_disable_all_campaigns":false,"_monsterinsights_skip_tracking":false,"_monsterinsights_sitenote_active":false,"_monsterinsights_sitenote_note":"","_monsterinsights_sitenote_category":0,"_uf_show_specific_survey":0,"_uf_disable_surveys":false,"footnotes":""},"categories":[29,35],"tags":[],"class_list":["post-52195","post","type-post","status-publish","format-standard","has-post-thumbnail","hentry","category-revista","category-especiales"],"acf":[],"aioseo_notices":[],"_links":{"self":[{"href":"https:\/\/www.lasrosas.com.ar\/portal\/wp-json\/wp\/v2\/posts\/52195","targetHints":{"allow":["GET"]}}],"collection":[{"href":"https:\/\/www.lasrosas.com.ar\/portal\/wp-json\/wp\/v2\/posts"}],"about":[{"href":"https:\/\/www.lasrosas.com.ar\/portal\/wp-json\/wp\/v2\/types\/post"}],"author":[{"embeddable":true,"href":"https:\/\/www.lasrosas.com.ar\/portal\/wp-json\/wp\/v2\/users\/6"}],"replies":[{"embeddable":true,"href":"https:\/\/www.lasrosas.com.ar\/portal\/wp-json\/wp\/v2\/comments?post=52195"}],"version-history":[{"count":0,"href":"https:\/\/www.lasrosas.com.ar\/portal\/wp-json\/wp\/v2\/posts\/52195\/revisions"}],"wp:featuredmedia":[{"embeddable":true,"href":"https:\/\/www.lasrosas.com.ar\/portal\/wp-json\/wp\/v2\/media\/52318"}],"wp:attachment":[{"href":"https:\/\/www.lasrosas.com.ar\/portal\/wp-json\/wp\/v2\/media?parent=52195"}],"wp:term":[{"taxonomy":"category","embeddable":true,"href":"https:\/\/www.lasrosas.com.ar\/portal\/wp-json\/wp\/v2\/categories?post=52195"},{"taxonomy":"post_tag","embeddable":true,"href":"https:\/\/www.lasrosas.com.ar\/portal\/wp-json\/wp\/v2\/tags?post=52195"}],"curies":[{"name":"wp","href":"https:\/\/api.w.org\/{rel}","templated":true}]}}