{"id":52156,"date":"2022-05-27T16:20:51","date_gmt":"2022-05-27T19:20:51","guid":{"rendered":"https:\/\/www.lasrosas.com.ar\/portal\/?p=52156"},"modified":"2022-05-27T16:48:52","modified_gmt":"2022-05-27T19:48:52","slug":"alcorta-festejo-sus-30-anos-y-transformo-su-mesa-de-cumpleanos-en-una-impactante-pasarela-de-50-metros-la-gran-protagonista-de-la-noche","status":"publish","type":"post","link":"https:\/\/www.lasrosas.com.ar\/portal\/alcorta-festejo-sus-30-anos-y-transformo-su-mesa-de-cumpleanos-en-una-impactante-pasarela-de-50-metros-la-gran-protagonista-de-la-noche\/","title":{"rendered":"ALCORTA FESTEJ\u00d3 SUS 30 A\u00d1OS Y TRANSFORM\u00d3 SU MESA DE CUMPLEA\u00d1OS EN UNA IMPACTANTE PASARELA DE 50 METROS, LA GRAN PROTAGONISTA DE LA NOCHE"},"content":{"rendered":"<p><em>By Visa Signature #AlcortaEditionxvisa<\/em><\/p>\n<p>En el marco de la celebraci\u00f3n de los 30 a\u00f1os, Alcorta se renov\u00f3 con nuevas propuestas de moda y gastronom\u00eda celebr\u00e1ndolo en la V edici\u00f3n de Alcorta Edition junto a su ya consagrado partner, Visa Signature.<\/p>\n<p>El jueves 26 de mayo el shopping se visti\u00f3 de fiesta para dar lugar al evento propuesto por\u00a0Alcorta\u00a0Shopping y Visa\u00a0Signature en donde dise\u00f1adores, marcas, influenciadores, clientes y l\u00edderes de opini\u00f3n dieron cita en este encuentro que ya se instal\u00f3 en la agenda como uno de los eventos de moda m\u00e1s importantes del pa\u00eds.<\/p>\n<p>Con el festejo y celebraci\u00f3n como inspiraci\u00f3n, Alcorta volvi\u00f3 a convertir sus locales y pasillos en una fiesta. El desfile cobr\u00f3 protagonismo en este encuentro junto con experiencias y eventos en los locales -que fueron atendidos por sus creadores-, DJs en vivo, juegos e importantes beneficios comerciales con hasta un 25% de descuento para clientes Visa + 5% adicional para socios Visa Signature durante el 26 y 27 de mayo.<\/p>\n\r\n\t\t<style type='text\/css'>\r\n\t\t\t#gallery-1 {\r\n\t\t\t\tmargin: auto;\r\n\t\t\t}\r\n\t\t\t#gallery-1 .gallery-item {\r\n\t\t\t\tfloat: left;\r\n\t\t\t\tmargin-top: 10px;\r\n\t\t\t\ttext-align: center;\r\n\t\t\t\twidth: 25%;\r\n\t\t\t}\r\n\t\t\t#gallery-1 img {\r\n\t\t\t\tborder: 2px solid #cfcfcf;\r\n\t\t\t}\r\n\t\t\t#gallery-1 .gallery-caption {\r\n\t\t\t\tmargin-left: 0;\r\n\t\t\t}\r\n\t\t<\/style>\r\n\t\t<!-- see gallery_shortcode() in wp-includes\/media.php -->\n\t\t<div id='gallery-1' class='gallery galleryid-52156 gallery-columns-4 gallery-size-full gallery1'><script type=\"text\/javascript\">\r\n\/\/ <![CDATA[\r\n\tjQuery(document).ready(function () {\r\n\t\tjQuery(\".gallery1 a\").attr(\"rel\",\"gallery1\");\t\r\n\t\tjQuery('a[rel=\"gallery1\"]').colorbox({maxWidth:\"95%\", maxHeight:\"95%\",title: function(){ return jQuery(this).children().attr(\"alt\"); }, });\r\n\t});\r\n\/\/ ]]>\r\n<\/script>\n<dl class=\"gallery-item\">\n<dt class=\"gallery-icon\">\r\n<a href=\"https:\/\/www.lasrosas.com.ar\/portal\/wp-content\/uploads\/ALCORTA-30-anos-ALCORTA-EDITION-V-by-VISA-Signature-Juanita-Tinelli-para-Lacoste-1280x1920.jpg\" title=\"\" rel=\"gallery1\"><img decoding=\"async\" data-src=\"https:\/\/www.lasrosas.com.ar\/portal\/wp-content\/uploads\/ALCORTA-30-anos-ALCORTA-EDITION-V-by-VISA-Signature-Juanita-Tinelli-para-Lacoste.jpg\" width=\"3545\" height=\"5317\" alt=\"\" src=\"data:image\/svg+xml;base64,PHN2ZyB3aWR0aD0iMSIgaGVpZ2h0PSIxIiB4bWxucz0iaHR0cDovL3d3dy53My5vcmcvMjAwMC9zdmciPjwvc3ZnPg==\" class=\"lazyload\" style=\"--smush-placeholder-width: 3545px; --smush-placeholder-aspect-ratio: 3545\/5317;\" \/><\/a>\r\n<\/dt><\/dl><dl class=\"gallery-item\">\n<dt class=\"gallery-icon\">\r\n<a href=\"https:\/\/www.lasrosas.com.ar\/portal\/wp-content\/uploads\/ALCORTA-30-anos-ALCORTA-EDITION-V-by-VISA-Signature-Dante-Ortega-para-Lacoste-1280x1920.jpg\" title=\"\" rel=\"gallery1\"><img decoding=\"async\" data-src=\"https:\/\/www.lasrosas.com.ar\/portal\/wp-content\/uploads\/ALCORTA-30-anos-ALCORTA-EDITION-V-by-VISA-Signature-Dante-Ortega-para-Lacoste.jpg\" width=\"3123\" height=\"4684\" alt=\"\" src=\"data:image\/svg+xml;base64,PHN2ZyB3aWR0aD0iMSIgaGVpZ2h0PSIxIiB4bWxucz0iaHR0cDovL3d3dy53My5vcmcvMjAwMC9zdmciPjwvc3ZnPg==\" class=\"lazyload\" style=\"--smush-placeholder-width: 3123px; --smush-placeholder-aspect-ratio: 3123\/4684;\" \/><\/a>\r\n<\/dt><\/dl><dl class=\"gallery-item\">\n<dt class=\"gallery-icon\">\r\n<a href=\"https:\/\/www.lasrosas.com.ar\/portal\/wp-content\/uploads\/ALCORTA-30-anos-ALCORTA-EDITION-V-by-VISA-Signature-Karina-la-Princesita-1280x1920.jpg\" title=\"\" rel=\"gallery1\"><img decoding=\"async\" data-src=\"https:\/\/www.lasrosas.com.ar\/portal\/wp-content\/uploads\/ALCORTA-30-anos-ALCORTA-EDITION-V-by-VISA-Signature-Karina-la-Princesita.jpg\" width=\"3706\" height=\"5559\" alt=\"\" src=\"data:image\/svg+xml;base64,PHN2ZyB3aWR0aD0iMSIgaGVpZ2h0PSIxIiB4bWxucz0iaHR0cDovL3d3dy53My5vcmcvMjAwMC9zdmciPjwvc3ZnPg==\" class=\"lazyload\" style=\"--smush-placeholder-width: 3706px; --smush-placeholder-aspect-ratio: 3706\/5559;\" \/><\/a>\r\n<\/dt><\/dl><dl class=\"gallery-item\">\n<dt class=\"gallery-icon\">\r\n<a href=\"https:\/\/www.lasrosas.com.ar\/portal\/wp-content\/uploads\/ALCORTA-30-anos-ALCORTA-EDITION-V-by-VISA-Signature-Milo-Camisani-hijo-de-Dolores-Barreiro-para-Lacoste-1280x1920.jpg\" title=\"\" rel=\"gallery1\"><img decoding=\"async\" data-src=\"https:\/\/www.lasrosas.com.ar\/portal\/wp-content\/uploads\/ALCORTA-30-anos-ALCORTA-EDITION-V-by-VISA-Signature-Milo-Camisani-hijo-de-Dolores-Barreiro-para-Lacoste.jpg\" width=\"3799\" height=\"5698\" alt=\"\" src=\"data:image\/svg+xml;base64,PHN2ZyB3aWR0aD0iMSIgaGVpZ2h0PSIxIiB4bWxucz0iaHR0cDovL3d3dy53My5vcmcvMjAwMC9zdmciPjwvc3ZnPg==\" class=\"lazyload\" style=\"--smush-placeholder-width: 3799px; --smush-placeholder-aspect-ratio: 3799\/5698;\" \/><\/a>\r\n<\/dt><\/dl><br style=\"clear: both\" \/>\r\n\t\t<\/div>\n\n<p>Convertida en una imponente mesa de cumplea\u00f1os de hasta 50 metros, la pasarela se llev\u00f3 todas las miradas. Ubicada en el pasillo central del 1er piso, cont\u00f3 con elementos festivos en diferentes dimensiones, formatos y colores. Las marcas que participaron del desfile fueron<br \/>\nHeidi Clair, Lacoste, Kosiuko, Rapsodia, Boken, Mishka y Sofia Sarkany y MAC particip\u00f3 como maquillador oficial del backstage de modelos. Como cierre y para coronar el evento, Karina La Princesita dio un espectacular show en vivo para todas las personas presentes.<\/p>\n\r\n\t\t<style type='text\/css'>\r\n\t\t\t#gallery-2 {\r\n\t\t\t\tmargin: auto;\r\n\t\t\t}\r\n\t\t\t#gallery-2 .gallery-item {\r\n\t\t\t\tfloat: left;\r\n\t\t\t\tmargin-top: 10px;\r\n\t\t\t\ttext-align: center;\r\n\t\t\t\twidth: 20%;\r\n\t\t\t}\r\n\t\t\t#gallery-2 img {\r\n\t\t\t\tborder: 2px solid #cfcfcf;\r\n\t\t\t}\r\n\t\t\t#gallery-2 .gallery-caption {\r\n\t\t\t\tmargin-left: 0;\r\n\t\t\t}\r\n\t\t<\/style>\r\n\t\t<!-- see gallery_shortcode() in wp-includes\/media.php -->\n\t\t<div id='gallery-2' class='gallery galleryid-52156 gallery-columns-5 gallery-size-full gallery1'><script type=\"text\/javascript\">\r\n\/\/ <![CDATA[\r\n\tjQuery(document).ready(function () {\r\n\t\tjQuery(\".gallery1 a\").attr(\"rel\",\"gallery1\");\t\r\n\t\tjQuery('a[rel=\"gallery1\"]').colorbox({maxWidth:\"95%\", maxHeight:\"95%\",title: function(){ return jQuery(this).children().attr(\"alt\"); }, });\r\n\t});\r\n\/\/ ]]>\r\n<\/script>\n<dl class=\"gallery-item\">\n<dt class=\"gallery-icon\">\r\n<a href=\"https:\/\/www.lasrosas.com.ar\/portal\/wp-content\/uploads\/ALCORTA-30-anos-ALCORTA-EDITION-V-by-VISA-Signature-Pampita-Ardohain-en-Naima-1280x1920.jpg\" title=\"\" rel=\"gallery1\"><img decoding=\"async\" data-src=\"https:\/\/www.lasrosas.com.ar\/portal\/wp-content\/uploads\/ALCORTA-30-anos-ALCORTA-EDITION-V-by-VISA-Signature-Pampita-Ardohain-en-Naima.jpg\" width=\"3691\" height=\"5536\" alt=\"\" src=\"data:image\/svg+xml;base64,PHN2ZyB3aWR0aD0iMSIgaGVpZ2h0PSIxIiB4bWxucz0iaHR0cDovL3d3dy53My5vcmcvMjAwMC9zdmciPjwvc3ZnPg==\" class=\"lazyload\" style=\"--smush-placeholder-width: 3691px; --smush-placeholder-aspect-ratio: 3691\/5536;\" \/><\/a>\r\n<\/dt><\/dl><dl class=\"gallery-item\">\n<dt class=\"gallery-icon\">\r\n<a href=\"https:\/\/www.lasrosas.com.ar\/portal\/wp-content\/uploads\/ALCORTA-30-anos-ALCORTA-EDITION-V-by-VISA-SIgnature-Pampita-Ardohain-y-Santiago-Artemis-1280x1920.jpg\" title=\"\" rel=\"gallery1\"><img decoding=\"async\" data-src=\"https:\/\/www.lasrosas.com.ar\/portal\/wp-content\/uploads\/ALCORTA-30-anos-ALCORTA-EDITION-V-by-VISA-SIgnature-Pampita-Ardohain-y-Santiago-Artemis.jpg\" width=\"4160\" height=\"6240\" alt=\"\" src=\"data:image\/svg+xml;base64,PHN2ZyB3aWR0aD0iMSIgaGVpZ2h0PSIxIiB4bWxucz0iaHR0cDovL3d3dy53My5vcmcvMjAwMC9zdmciPjwvc3ZnPg==\" class=\"lazyload\" style=\"--smush-placeholder-width: 4160px; --smush-placeholder-aspect-ratio: 4160\/6240;\" \/><\/a>\r\n<\/dt><\/dl><dl class=\"gallery-item\">\n<dt class=\"gallery-icon\">\r\n<a href=\"https:\/\/www.lasrosas.com.ar\/portal\/wp-content\/uploads\/ALCORTA-30-anos-ALCORTA-EDITION-V-by-VISA-Signature-Pia-Slapka-con-Guillermina-Valdez-en-Heidi-Clair-1280x1920.jpg\" title=\"\" rel=\"gallery1\"><img decoding=\"async\" data-src=\"https:\/\/www.lasrosas.com.ar\/portal\/wp-content\/uploads\/ALCORTA-30-anos-ALCORTA-EDITION-V-by-VISA-Signature-Pia-Slapka-con-Guillermina-Valdez-en-Heidi-Clair.jpg\" width=\"4160\" height=\"6240\" alt=\"\" src=\"data:image\/svg+xml;base64,PHN2ZyB3aWR0aD0iMSIgaGVpZ2h0PSIxIiB4bWxucz0iaHR0cDovL3d3dy53My5vcmcvMjAwMC9zdmciPjwvc3ZnPg==\" class=\"lazyload\" style=\"--smush-placeholder-width: 4160px; --smush-placeholder-aspect-ratio: 4160\/6240;\" \/><\/a>\r\n<\/dt><\/dl><dl class=\"gallery-item\">\n<dt class=\"gallery-icon\">\r\n<a href=\"https:\/\/www.lasrosas.com.ar\/portal\/wp-content\/uploads\/ALCORTA-30-anos-ALCORTA-EDITION-V-by-VISA-Signature-Zaira-Nara-1-1280x1920.jpg\" title=\"\" rel=\"gallery1\"><img decoding=\"async\" data-src=\"https:\/\/www.lasrosas.com.ar\/portal\/wp-content\/uploads\/ALCORTA-30-anos-ALCORTA-EDITION-V-by-VISA-Signature-Zaira-Nara-1.jpg\" width=\"3796\" height=\"5694\" alt=\"\" src=\"data:image\/svg+xml;base64,PHN2ZyB3aWR0aD0iMSIgaGVpZ2h0PSIxIiB4bWxucz0iaHR0cDovL3d3dy53My5vcmcvMjAwMC9zdmciPjwvc3ZnPg==\" class=\"lazyload\" style=\"--smush-placeholder-width: 3796px; --smush-placeholder-aspect-ratio: 3796\/5694;\" \/><\/a>\r\n<\/dt><\/dl><dl class=\"gallery-item\">\n<dt class=\"gallery-icon\">\r\n<a href=\"https:\/\/www.lasrosas.com.ar\/portal\/wp-content\/uploads\/ALCORTA-30-anos-ALCORTA-EDITION-V-by-VISA-Signature-Zaira-Nara-1280x1920.jpg\" title=\"\" rel=\"gallery1\"><img decoding=\"async\" data-src=\"https:\/\/www.lasrosas.com.ar\/portal\/wp-content\/uploads\/ALCORTA-30-anos-ALCORTA-EDITION-V-by-VISA-Signature-Zaira-Nara.jpg\" width=\"3993\" height=\"5989\" alt=\"\" src=\"data:image\/svg+xml;base64,PHN2ZyB3aWR0aD0iMSIgaGVpZ2h0PSIxIiB4bWxucz0iaHR0cDovL3d3dy53My5vcmcvMjAwMC9zdmciPjwvc3ZnPg==\" class=\"lazyload\" style=\"--smush-placeholder-width: 3993px; --smush-placeholder-aspect-ratio: 3993\/5989;\" \/><\/a>\r\n<\/dt><\/dl><br style=\"clear: both\" \/>\r\n\t\t<\/div>\n\n<p>En un a\u00f1o de celebraci\u00f3n, Alcorta seguir\u00e1 apostando por la remodelaci\u00f3n de sus locales insignia y la reinvenci\u00f3n de sus espacios gastron\u00f3micos con una propuesta m\u00e1s gourmet. A la apertura de Selv\u00e1tica, propuesta de comida ex\u00f3tica asi\u00e1tica latina ubicada en el primer nivel, se le sum\u00f3 recientemente Arriba, un restaurante en el tercer piso con un concepto innovador que aprovecha tambi\u00e9n la terraza del shopping. Adem\u00e1s, en los pr\u00f3ximos meses Starbucks abrir\u00e1 un nuevo local y para la primavera est\u00e1 planeada la apertura del nuevo food hall, Casa Paradiso, liderado por Donato de Santis y Nicol\u00e1s Bargagna (Maldini bar). En esta renovaci\u00f3n gastron\u00f3mica, Alcorta est\u00e1 apostando firmemente a las opciones nocturnas. Tanto como ya ocurre con Selv\u00e1tica y Arriba, Casa Paradiso tambi\u00e9n contar\u00e1 con ingreso independiente desde el parking.<\/p>\n\r\n\t\t<style type='text\/css'>\r\n\t\t\t#gallery-3 {\r\n\t\t\t\tmargin: auto;\r\n\t\t\t}\r\n\t\t\t#gallery-3 .gallery-item {\r\n\t\t\t\tfloat: left;\r\n\t\t\t\tmargin-top: 10px;\r\n\t\t\t\ttext-align: center;\r\n\t\t\t\twidth: 16%;\r\n\t\t\t}\r\n\t\t\t#gallery-3 img {\r\n\t\t\t\tborder: 2px solid #cfcfcf;\r\n\t\t\t}\r\n\t\t\t#gallery-3 .gallery-caption {\r\n\t\t\t\tmargin-left: 0;\r\n\t\t\t}\r\n\t\t<\/style>\r\n\t\t<!-- see gallery_shortcode() in wp-includes\/media.php -->\n\t\t<div id='gallery-3' class='gallery galleryid-52156 gallery-columns-6 gallery-size-full gallery1'><script type=\"text\/javascript\">\r\n\/\/ <![CDATA[\r\n\tjQuery(document).ready(function () {\r\n\t\tjQuery(\".gallery1 a\").attr(\"rel\",\"gallery1\");\t\r\n\t\tjQuery('a[rel=\"gallery1\"]').colorbox({maxWidth:\"95%\", maxHeight:\"95%\",title: function(){ return jQuery(this).children().attr(\"alt\"); }, });\r\n\t});\r\n\/\/ ]]>\r\n<\/script>\n<dl class=\"gallery-item\">\n<dt class=\"gallery-icon\">\r\n<a href=\"https:\/\/www.lasrosas.com.ar\/portal\/wp-content\/uploads\/ALCORTA-30-anos-ALCORTA-EDITION-V-by-VISA-Signature-Karina-la-Princesita-1280x1920.jpg\" title=\"\" rel=\"gallery1\"><img decoding=\"async\" data-src=\"https:\/\/www.lasrosas.com.ar\/portal\/wp-content\/uploads\/ALCORTA-30-anos-ALCORTA-EDITION-V-by-VISA-Signature-Karina-la-Princesita.jpg\" width=\"3706\" height=\"5559\" alt=\"\" src=\"data:image\/svg+xml;base64,PHN2ZyB3aWR0aD0iMSIgaGVpZ2h0PSIxIiB4bWxucz0iaHR0cDovL3d3dy53My5vcmcvMjAwMC9zdmciPjwvc3ZnPg==\" class=\"lazyload\" style=\"--smush-placeholder-width: 3706px; --smush-placeholder-aspect-ratio: 3706\/5559;\" \/><\/a>\r\n<\/dt><\/dl><dl class=\"gallery-item\">\n<dt class=\"gallery-icon\">\r\n<a href=\"https:\/\/www.lasrosas.com.ar\/portal\/wp-content\/uploads\/ALCORTA-30-anos-ALCORTA-EDITION-V-by-VISA-Signature-Celeste-Cid-1280x1920.jpg\" title=\"\" rel=\"gallery1\"><img decoding=\"async\" data-src=\"https:\/\/www.lasrosas.com.ar\/portal\/wp-content\/uploads\/ALCORTA-30-anos-ALCORTA-EDITION-V-by-VISA-Signature-Celeste-Cid.jpg\" width=\"3628\" height=\"5442\" alt=\"\" src=\"data:image\/svg+xml;base64,PHN2ZyB3aWR0aD0iMSIgaGVpZ2h0PSIxIiB4bWxucz0iaHR0cDovL3d3dy53My5vcmcvMjAwMC9zdmciPjwvc3ZnPg==\" class=\"lazyload\" style=\"--smush-placeholder-width: 3628px; --smush-placeholder-aspect-ratio: 3628\/5442;\" \/><\/a>\r\n<\/dt><\/dl><dl class=\"gallery-item\">\n<dt class=\"gallery-icon\">\r\n<a href=\"https:\/\/www.lasrosas.com.ar\/portal\/wp-content\/uploads\/ALCORTA-30-anos-ALCORTA-EDITION-V-by-VISA-SIgnature-Emilia-Attias-1280x1920.jpg\" title=\"\" rel=\"gallery1\"><img decoding=\"async\" data-src=\"https:\/\/www.lasrosas.com.ar\/portal\/wp-content\/uploads\/ALCORTA-30-anos-ALCORTA-EDITION-V-by-VISA-SIgnature-Emilia-Attias.jpg\" width=\"3598\" height=\"5397\" alt=\"\" src=\"data:image\/svg+xml;base64,PHN2ZyB3aWR0aD0iMSIgaGVpZ2h0PSIxIiB4bWxucz0iaHR0cDovL3d3dy53My5vcmcvMjAwMC9zdmciPjwvc3ZnPg==\" class=\"lazyload\" style=\"--smush-placeholder-width: 3598px; --smush-placeholder-aspect-ratio: 3598\/5397;\" \/><\/a>\r\n<\/dt><\/dl><dl class=\"gallery-item\">\n<dt class=\"gallery-icon\">\r\n<a href=\"https:\/\/www.lasrosas.com.ar\/portal\/wp-content\/uploads\/ALCORTA-30-anos-ALCORTA-EDITION-V-by-VISA-Signature-Juanita-Tinelli-1280x1920.jpg\" title=\"\" rel=\"gallery1\"><img decoding=\"async\" data-src=\"https:\/\/www.lasrosas.com.ar\/portal\/wp-content\/uploads\/ALCORTA-30-anos-ALCORTA-EDITION-V-by-VISA-Signature-Juanita-Tinelli.jpg\" width=\"3785\" height=\"5678\" alt=\"\" src=\"data:image\/svg+xml;base64,PHN2ZyB3aWR0aD0iMSIgaGVpZ2h0PSIxIiB4bWxucz0iaHR0cDovL3d3dy53My5vcmcvMjAwMC9zdmciPjwvc3ZnPg==\" class=\"lazyload\" style=\"--smush-placeholder-width: 3785px; --smush-placeholder-aspect-ratio: 3785\/5678;\" \/><\/a>\r\n<\/dt><\/dl><dl class=\"gallery-item\">\n<dt class=\"gallery-icon\">\r\n<a href=\"https:\/\/www.lasrosas.com.ar\/portal\/wp-content\/uploads\/ALCORTA-30-anos-ALCORTA-EDITION-V-by-VISA-Signature-Lolita-Latorre-1280x1920.jpg\" title=\"\" rel=\"gallery1\"><img decoding=\"async\" data-src=\"https:\/\/www.lasrosas.com.ar\/portal\/wp-content\/uploads\/ALCORTA-30-anos-ALCORTA-EDITION-V-by-VISA-Signature-Lolita-Latorre.jpg\" width=\"3761\" height=\"5641\" alt=\"\" src=\"data:image\/svg+xml;base64,PHN2ZyB3aWR0aD0iMSIgaGVpZ2h0PSIxIiB4bWxucz0iaHR0cDovL3d3dy53My5vcmcvMjAwMC9zdmciPjwvc3ZnPg==\" class=\"lazyload\" style=\"--smush-placeholder-width: 3761px; --smush-placeholder-aspect-ratio: 3761\/5641;\" \/><\/a>\r\n<\/dt><\/dl><dl class=\"gallery-item\">\n<dt class=\"gallery-icon\">\r\n<a href=\"https:\/\/www.lasrosas.com.ar\/portal\/wp-content\/uploads\/ALCORTA-30-anos-ALCORTA-EDITION-V-by-VISA-Signature-Mery-del-Cerro-en-Heidi-Clair-1280x1920.jpg\" title=\"\" rel=\"gallery1\"><img decoding=\"async\" data-src=\"https:\/\/www.lasrosas.com.ar\/portal\/wp-content\/uploads\/ALCORTA-30-anos-ALCORTA-EDITION-V-by-VISA-Signature-Mery-del-Cerro-en-Heidi-Clair.jpg\" width=\"4160\" height=\"6240\" alt=\"\" src=\"data:image\/svg+xml;base64,PHN2ZyB3aWR0aD0iMSIgaGVpZ2h0PSIxIiB4bWxucz0iaHR0cDovL3d3dy53My5vcmcvMjAwMC9zdmciPjwvc3ZnPg==\" class=\"lazyload\" style=\"--smush-placeholder-width: 4160px; --smush-placeholder-aspect-ratio: 4160\/6240;\" \/><\/a>\r\n<\/dt><\/dl><br style=\"clear: both\" \/>\r\n\t\t<\/div>\n\n<!-- AddThis Advanced Settings generic via filter on the_content --><!-- AddThis Share Buttons generic via filter on the_content -->","protected":false},"excerpt":{"rendered":"<p>By Visa Signature #AlcortaEditionxvisa En el marco de la celebraci\u00f3n de los 30 a\u00f1os, Alcorta se renov\u00f3 con nuevas propuestas de moda y gastronom\u00eda celebr\u00e1ndolo en la V edici\u00f3n de Alcorta Edition junto a su ya consagrado partner, Visa Signature. El jueves 26 de mayo el shopping se visti\u00f3 de fiesta para dar lugar al [&hellip;]<!-- AddThis Advanced Settings generic via filter on get_the_excerpt --><!-- AddThis Share Buttons generic via filter on get_the_excerpt --><\/p>\n","protected":false},"author":6,"featured_media":52192,"comment_status":"closed","ping_status":"open","sticky":false,"template":"","format":"standard","meta":{"_acf_changed":false,"om_disable_all_campaigns":false,"_monsterinsights_skip_tracking":false,"_monsterinsights_sitenote_active":false,"_monsterinsights_sitenote_note":"","_monsterinsights_sitenote_category":0,"_uf_show_specific_survey":0,"_uf_disable_surveys":false,"footnotes":""},"categories":[100],"tags":[],"class_list":["post-52156","post","type-post","status-publish","format-standard","has-post-thumbnail","hentry","category-noticias"],"acf":[],"aioseo_notices":[],"_links":{"self":[{"href":"https:\/\/www.lasrosas.com.ar\/portal\/wp-json\/wp\/v2\/posts\/52156","targetHints":{"allow":["GET"]}}],"collection":[{"href":"https:\/\/www.lasrosas.com.ar\/portal\/wp-json\/wp\/v2\/posts"}],"about":[{"href":"https:\/\/www.lasrosas.com.ar\/portal\/wp-json\/wp\/v2\/types\/post"}],"author":[{"embeddable":true,"href":"https:\/\/www.lasrosas.com.ar\/portal\/wp-json\/wp\/v2\/users\/6"}],"replies":[{"embeddable":true,"href":"https:\/\/www.lasrosas.com.ar\/portal\/wp-json\/wp\/v2\/comments?post=52156"}],"version-history":[{"count":0,"href":"https:\/\/www.lasrosas.com.ar\/portal\/wp-json\/wp\/v2\/posts\/52156\/revisions"}],"wp:featuredmedia":[{"embeddable":true,"href":"https:\/\/www.lasrosas.com.ar\/portal\/wp-json\/wp\/v2\/media\/52192"}],"wp:attachment":[{"href":"https:\/\/www.lasrosas.com.ar\/portal\/wp-json\/wp\/v2\/media?parent=52156"}],"wp:term":[{"taxonomy":"category","embeddable":true,"href":"https:\/\/www.lasrosas.com.ar\/portal\/wp-json\/wp\/v2\/categories?post=52156"},{"taxonomy":"post_tag","embeddable":true,"href":"https:\/\/www.lasrosas.com.ar\/portal\/wp-json\/wp\/v2\/tags?post=52156"}],"curies":[{"name":"wp","href":"https:\/\/api.w.org\/{rel}","templated":true}]}}