{"id":51784,"date":"2022-05-19T15:06:58","date_gmt":"2022-05-19T18:06:58","guid":{"rendered":"https:\/\/www.lasrosas.com.ar\/portal\/?p=51784"},"modified":"2022-05-19T15:48:04","modified_gmt":"2022-05-19T18:48:04","slug":"51784-2","status":"publish","type":"post","link":"https:\/\/www.lasrosas.com.ar\/portal\/51784-2\/","title":{"rendered":"DIEGO TORRES REPROGRAMA FECHAS POR COVID-19"},"content":{"rendered":"<div>Ponemos en conocimiento del p\u00fablico en general, que el artista Diego Torres se encuentra con un cuadro de Covid, raz\u00f3n por la cu\u00e1l, teniendo en cuenta las medidas y normas sanitarias vigentes, se encuentra cumpliendo con su aislamiento, presentando una mejor\u00eda.<\/div>\n<div><\/div>\n<div><img decoding=\"async\" class=\"wp-image-51785 aligncenter lazyload\" data-src=\"https:\/\/www.lasrosas.com.ar\/portal\/wp-content\/uploads\/unnamed-3-22.jpg\" alt=\"\" width=\"747\" height=\"934\" data-srcset=\"https:\/\/www.lasrosas.com.ar\/portal\/wp-content\/uploads\/unnamed-3-22.jpg 1024w, https:\/\/www.lasrosas.com.ar\/portal\/wp-content\/uploads\/unnamed-3-22-768x960.jpg 768w\" data-sizes=\"(max-width: 747px) 100vw, 747px\" src=\"data:image\/svg+xml;base64,PHN2ZyB3aWR0aD0iMSIgaGVpZ2h0PSIxIiB4bWxucz0iaHR0cDovL3d3dy53My5vcmcvMjAwMC9zdmciPjwvc3ZnPg==\" style=\"--smush-placeholder-width: 747px; --smush-placeholder-aspect-ratio: 747\/934;\" \/><\/div>\n<div><\/div>\n<div>Por este motivo, los shows programados para esta semana no podr\u00e1n realizarse y esperando por su pronta recuperaci\u00f3n, informamos las fechas de reprogramaci\u00f3n de los conciertos.<\/div>\n<div><\/div>\n<div>El concierto del 19 de mayo, se reprograma para el d\u00eda 25 de mayo.<\/div>\n<div><\/div>\n<div>El concierto del 20 de mayo, se reprograma para el d\u00eda 29 de mayo.<\/div>\n<div><\/div>\n<div>El concierto del 21 de mayo, se reprograma para el d\u00eda 28 de mayo.<\/div>\n<div><\/div>\n<div>El concierto del 27 de mayo, no sufre reprogramaci\u00f3n.<\/div>\n<div><\/div>\n<div>En caso de no poder asistir a las fechas reprogramas se proceder\u00e1 a la devoluci\u00f3n del dinero abonado por los tickets. La misma se efectuar\u00e1 bajo los mismos canales por el cual fueron adquiridas las entradas.<\/div>\n<div>\n<p><img decoding=\"async\" class=\"wp-image-51786 aligncenter lazyload\" data-src=\"https:\/\/www.lasrosas.com.ar\/portal\/wp-content\/uploads\/unnamed-4-13.jpg\" alt=\"\" width=\"651\" height=\"814\" data-srcset=\"https:\/\/www.lasrosas.com.ar\/portal\/wp-content\/uploads\/unnamed-4-13.jpg 1024w, https:\/\/www.lasrosas.com.ar\/portal\/wp-content\/uploads\/unnamed-4-13-768x960.jpg 768w\" data-sizes=\"(max-width: 651px) 100vw, 651px\" src=\"data:image\/svg+xml;base64,PHN2ZyB3aWR0aD0iMSIgaGVpZ2h0PSIxIiB4bWxucz0iaHR0cDovL3d3dy53My5vcmcvMjAwMC9zdmciPjwvc3ZnPg==\" style=\"--smush-placeholder-width: 651px; --smush-placeholder-aspect-ratio: 651\/814;\" \/><\/p>\n<table width=\"100%\">\n<tbody>\n<tr>\n<td>\n<table>\n<tbody>\n<tr>\n<td align=\"center\">\n<div><i>\u201cFeliz de volver a encontrarme con el p\u00fablico despu\u00e9s de tanto tiempo. De arrancar este viaje nada menos que en Argentina, en mi casa.. y que sea un viaje largo que me lleve por muchos lugares.\u201d<\/i><\/div>\n<div><b>DIEGO TORRES<\/b><\/div>\n<\/td>\n<\/tr>\n<\/tbody>\n<\/table>\n<\/td>\n<\/tr>\n<\/tbody>\n<\/table>\n<\/div>\n<!-- AddThis Advanced Settings generic via filter on the_content --><!-- AddThis Share Buttons generic via filter on the_content -->","protected":false},"excerpt":{"rendered":"<p>Ponemos en conocimiento del p\u00fablico en general, que el artista Diego Torres se encuentra con un cuadro de Covid, raz\u00f3n por la cu\u00e1l, teniendo en cuenta las medidas y normas sanitarias vigentes, se encuentra cumpliendo con su aislamiento, presentando una mejor\u00eda. Por este motivo, los shows programados para esta semana no podr\u00e1n realizarse y esperando [&hellip;]<!-- AddThis Advanced Settings generic via filter on get_the_excerpt --><!-- AddThis Share Buttons generic via filter on get_the_excerpt --><\/p>\n","protected":false},"author":6,"featured_media":51823,"comment_status":"closed","ping_status":"open","sticky":false,"template":"","format":"standard","meta":{"_acf_changed":false,"om_disable_all_campaigns":false,"_monsterinsights_skip_tracking":false,"_monsterinsights_sitenote_active":false,"_monsterinsights_sitenote_note":"","_monsterinsights_sitenote_category":0,"_uf_show_specific_survey":0,"_uf_disable_surveys":false,"footnotes":""},"categories":[100],"tags":[],"class_list":["post-51784","post","type-post","status-publish","format-standard","has-post-thumbnail","hentry","category-noticias"],"acf":[],"aioseo_notices":[],"_links":{"self":[{"href":"https:\/\/www.lasrosas.com.ar\/portal\/wp-json\/wp\/v2\/posts\/51784","targetHints":{"allow":["GET"]}}],"collection":[{"href":"https:\/\/www.lasrosas.com.ar\/portal\/wp-json\/wp\/v2\/posts"}],"about":[{"href":"https:\/\/www.lasrosas.com.ar\/portal\/wp-json\/wp\/v2\/types\/post"}],"author":[{"embeddable":true,"href":"https:\/\/www.lasrosas.com.ar\/portal\/wp-json\/wp\/v2\/users\/6"}],"replies":[{"embeddable":true,"href":"https:\/\/www.lasrosas.com.ar\/portal\/wp-json\/wp\/v2\/comments?post=51784"}],"version-history":[{"count":0,"href":"https:\/\/www.lasrosas.com.ar\/portal\/wp-json\/wp\/v2\/posts\/51784\/revisions"}],"wp:featuredmedia":[{"embeddable":true,"href":"https:\/\/www.lasrosas.com.ar\/portal\/wp-json\/wp\/v2\/media\/51823"}],"wp:attachment":[{"href":"https:\/\/www.lasrosas.com.ar\/portal\/wp-json\/wp\/v2\/media?parent=51784"}],"wp:term":[{"taxonomy":"category","embeddable":true,"href":"https:\/\/www.lasrosas.com.ar\/portal\/wp-json\/wp\/v2\/categories?post=51784"},{"taxonomy":"post_tag","embeddable":true,"href":"https:\/\/www.lasrosas.com.ar\/portal\/wp-json\/wp\/v2\/tags?post=51784"}],"curies":[{"name":"wp","href":"https:\/\/api.w.org\/{rel}","templated":true}]}}