{"id":51521,"date":"2022-05-13T13:25:12","date_gmt":"2022-05-13T16:25:12","guid":{"rendered":"https:\/\/www.lasrosas.com.ar\/portal\/?p=51521"},"modified":"2022-05-13T13:25:34","modified_gmt":"2022-05-13T16:25:34","slug":"51521-2","status":"publish","type":"post","link":"https:\/\/www.lasrosas.com.ar\/portal\/51521-2\/","title":{"rendered":"NUEVO ESPACIO DE ARTE EN MIAMI, JSL GALLERY"},"content":{"rendered":"<p><span style=\"font-weight: 400;\">Un nuevo espacio de arte se inaugura en Miami, en d\u00f3nde se llev\u00f3 a cabo un c\u00f3ctel de fabulosas obras, que\u00a0 tuvo lugar en el barrio Little River en la zona Little, cercano a la zona de Miami Design District. La galer\u00eda, se impone como uno de los nuevos sitios para vincular a personas del mundo del arte, la comunicaci\u00f3n y la moda; para\u00a0 generar nuevos contenidos audiovisuales de distintos artistas, incluyendo al director de la Galer\u00eda, Juan Lamarca (<\/span><a href=\"https:\/\/www.instagram.com\/juanlamarca\/\"><span style=\"font-weight: 400;\">@juanlamarca<\/span><\/a><span style=\"font-weight: 400;\">).<\/span><\/p>\n<p><span style=\"font-weight: 400;\">JSL Gallery (<\/span><a href=\"https:\/\/www.instagram.com\/jsl_gallery\/\"><span style=\"font-weight: 400;\">@jsl_gallery<\/span><\/a><span style=\"font-weight: 400;\"> | <\/span><a href=\"http:\/\/www.jslgallery.com\"><span style=\"font-weight: 400;\">www.jslgallery.com<\/span><\/a><span style=\"font-weight: 400;\">) es una galer\u00eda de arte contempor\u00e1neo y un espacio de exhibici\u00f3n creativa que presenta arte contempor\u00e1neo conceptualmente impactante junto con edici\u00f3n limitada y dise\u00f1o coleccionable. Con su nuevo espacio de 610 metros cuadrados en Miami donde, junto con las exhibiciones, su objetivo es organizar eventos culturales y proyectos especiales en todas las disciplinas para apoyar la colaboraci\u00f3n entre la comunidad de artistas locales.<\/span><\/p>\n\r\n\t\t<style type='text\/css'>\r\n\t\t\t#gallery-1 {\r\n\t\t\t\tmargin: auto;\r\n\t\t\t}\r\n\t\t\t#gallery-1 .gallery-item {\r\n\t\t\t\tfloat: left;\r\n\t\t\t\tmargin-top: 10px;\r\n\t\t\t\ttext-align: center;\r\n\t\t\t\twidth: 16%;\r\n\t\t\t}\r\n\t\t\t#gallery-1 img {\r\n\t\t\t\tborder: 2px solid #cfcfcf;\r\n\t\t\t}\r\n\t\t\t#gallery-1 .gallery-caption {\r\n\t\t\t\tmargin-left: 0;\r\n\t\t\t}\r\n\t\t<\/style>\r\n\t\t<!-- see gallery_shortcode() in wp-includes\/media.php -->\n\t\t<div id='gallery-1' class='gallery galleryid-51521 gallery-columns-6 gallery-size-full gallery1'><script type=\"text\/javascript\">\r\n\/\/ <![CDATA[\r\n\tjQuery(document).ready(function () {\r\n\t\tjQuery(\".gallery1 a\").attr(\"rel\",\"gallery1\");\t\r\n\t\tjQuery('a[rel=\"gallery1\"]').colorbox({maxWidth:\"95%\", maxHeight:\"95%\",title: function(){ return jQuery(this).children().attr(\"alt\"); }, });\r\n\t});\r\n\/\/ ]]>\r\n<\/script>\n<dl class=\"gallery-item\">\n<dt class=\"gallery-icon\">\r\n<a href=\"https:\/\/www.lasrosas.com.ar\/portal\/wp-content\/uploads\/WhatsApp-Image-2022-05-13-at-12.39.14-PM.jpeg\" title=\"\" rel=\"gallery1\"><img decoding=\"async\" data-src=\"https:\/\/www.lasrosas.com.ar\/portal\/wp-content\/uploads\/WhatsApp-Image-2022-05-13-at-12.39.14-PM.jpeg\" width=\"718\" height=\"1280\" alt=\"\" src=\"data:image\/svg+xml;base64,PHN2ZyB3aWR0aD0iMSIgaGVpZ2h0PSIxIiB4bWxucz0iaHR0cDovL3d3dy53My5vcmcvMjAwMC9zdmciPjwvc3ZnPg==\" class=\"lazyload\" style=\"--smush-placeholder-width: 718px; --smush-placeholder-aspect-ratio: 718\/1280;\" \/><\/a>\r\n<\/dt><\/dl><dl class=\"gallery-item\">\n<dt class=\"gallery-icon\">\r\n<a href=\"https:\/\/www.lasrosas.com.ar\/portal\/wp-content\/uploads\/WhatsApp-Image-2022-05-13-at-12.39.11-PM.jpeg\" title=\"\" rel=\"gallery1\"><img decoding=\"async\" data-src=\"https:\/\/www.lasrosas.com.ar\/portal\/wp-content\/uploads\/WhatsApp-Image-2022-05-13-at-12.39.11-PM.jpeg\" width=\"718\" height=\"1280\" alt=\"\" src=\"data:image\/svg+xml;base64,PHN2ZyB3aWR0aD0iMSIgaGVpZ2h0PSIxIiB4bWxucz0iaHR0cDovL3d3dy53My5vcmcvMjAwMC9zdmciPjwvc3ZnPg==\" class=\"lazyload\" style=\"--smush-placeholder-width: 718px; --smush-placeholder-aspect-ratio: 718\/1280;\" \/><\/a>\r\n<\/dt><\/dl><dl class=\"gallery-item\">\n<dt class=\"gallery-icon\">\r\n<a href=\"https:\/\/www.lasrosas.com.ar\/portal\/wp-content\/uploads\/WhatsApp-Image-2022-05-13-at-12.39.13-PM.jpeg\" title=\"\" rel=\"gallery1\"><img decoding=\"async\" data-src=\"https:\/\/www.lasrosas.com.ar\/portal\/wp-content\/uploads\/WhatsApp-Image-2022-05-13-at-12.39.13-PM.jpeg\" width=\"718\" height=\"1280\" alt=\"\" src=\"data:image\/svg+xml;base64,PHN2ZyB3aWR0aD0iMSIgaGVpZ2h0PSIxIiB4bWxucz0iaHR0cDovL3d3dy53My5vcmcvMjAwMC9zdmciPjwvc3ZnPg==\" class=\"lazyload\" style=\"--smush-placeholder-width: 718px; --smush-placeholder-aspect-ratio: 718\/1280;\" \/><\/a>\r\n<\/dt><\/dl><dl class=\"gallery-item\">\n<dt class=\"gallery-icon\">\r\n<a href=\"https:\/\/www.lasrosas.com.ar\/portal\/wp-content\/uploads\/WhatsApp-Image-2022-05-13-at-12.39.11-PM-1.jpeg\" title=\"\" rel=\"gallery1\"><img decoding=\"async\" data-src=\"https:\/\/www.lasrosas.com.ar\/portal\/wp-content\/uploads\/WhatsApp-Image-2022-05-13-at-12.39.11-PM-1.jpeg\" width=\"718\" height=\"1280\" alt=\"\" src=\"data:image\/svg+xml;base64,PHN2ZyB3aWR0aD0iMSIgaGVpZ2h0PSIxIiB4bWxucz0iaHR0cDovL3d3dy53My5vcmcvMjAwMC9zdmciPjwvc3ZnPg==\" class=\"lazyload\" style=\"--smush-placeholder-width: 718px; --smush-placeholder-aspect-ratio: 718\/1280;\" \/><\/a>\r\n<\/dt><\/dl><dl class=\"gallery-item\">\n<dt class=\"gallery-icon\">\r\n<a href=\"https:\/\/www.lasrosas.com.ar\/portal\/wp-content\/uploads\/WhatsApp-Image-2022-05-13-at-12.39.09-PM.jpeg\" title=\"\" rel=\"gallery1\"><img decoding=\"async\" data-src=\"https:\/\/www.lasrosas.com.ar\/portal\/wp-content\/uploads\/WhatsApp-Image-2022-05-13-at-12.39.09-PM.jpeg\" width=\"718\" height=\"1280\" alt=\"\" src=\"data:image\/svg+xml;base64,PHN2ZyB3aWR0aD0iMSIgaGVpZ2h0PSIxIiB4bWxucz0iaHR0cDovL3d3dy53My5vcmcvMjAwMC9zdmciPjwvc3ZnPg==\" class=\"lazyload\" style=\"--smush-placeholder-width: 718px; --smush-placeholder-aspect-ratio: 718\/1280;\" \/><\/a>\r\n<\/dt><\/dl><dl class=\"gallery-item\">\n<dt class=\"gallery-icon\">\r\n<a href=\"https:\/\/www.lasrosas.com.ar\/portal\/wp-content\/uploads\/WhatsApp-Image-2022-05-13-at-12.39.16-PM-1.jpeg\" title=\"\" rel=\"gallery1\"><img decoding=\"async\" data-src=\"https:\/\/www.lasrosas.com.ar\/portal\/wp-content\/uploads\/WhatsApp-Image-2022-05-13-at-12.39.16-PM-1.jpeg\" width=\"718\" height=\"1280\" alt=\"\" src=\"data:image\/svg+xml;base64,PHN2ZyB3aWR0aD0iMSIgaGVpZ2h0PSIxIiB4bWxucz0iaHR0cDovL3d3dy53My5vcmcvMjAwMC9zdmciPjwvc3ZnPg==\" class=\"lazyload\" style=\"--smush-placeholder-width: 718px; --smush-placeholder-aspect-ratio: 718\/1280;\" \/><\/a>\r\n<\/dt><\/dl><br style=\"clear: both\" \/>\r\n\t\t<\/div>\n\n<p><span style=\"font-weight: 400;\">Ofrece una plataforma para todo tipo de voces creativas, tanto emergentes como establecidas. Actualmente representan a artistas cuyo trabajo abarca desde la fotograf\u00eda y la pintura hasta la cer\u00e1mica, la escultura y el dise\u00f1o de muebles. As\u00ed como se presentaron en la apertura de la galer\u00eda con variados artistas, Annie Shinn (<\/span><a href=\"https:\/\/www.instagram.com\/annieshinn\/\"><span style=\"font-weight: 400;\">@annieshinn<\/span><\/a><span style=\"font-weight: 400;\">) una artista de obras abstractas que <\/span><span style=\"font-weight: 400;\">trabaja en varios medios, desde el \u00f3leo y la tinta hasta el carboncillo y la pintura en aerosol<\/span><span style=\"font-weight: 400;\">; el fot\u00f3grafo Edo Costantini (<\/span><a href=\"https:\/\/www.instagram.com\/ecostantini\/\"><span style=\"font-weight: 400;\">@ecostantini<\/span><\/a><span style=\"font-weight: 400;\">), la fot\u00f3grafa Daisy Johnson (<\/span><a href=\"https:\/\/www.instagram.com\/daisyjohnsonny\/\"><span style=\"font-weight: 400;\">@daisyjohnsonny<\/span><\/a><span style=\"font-weight: 400;\">) en la que sus obras demuestra la belleza del cuerpo humano con la naturaleza, la escultora Fitzhugh Karol (<\/span><a href=\"https:\/\/www.instagram.com\/fitzhugh_karol\/\"><span style=\"font-weight: 400;\">@fitzhugh_karol<\/span><\/a><span style=\"font-weight: 400;\">) donde sus obras atraen por su forma, y por ser\u00a0 poco convencionales, el fot\u00f3grafo de naturaleza\u00a0 Juan Lamarca, el escultor y dise\u00f1ador de muebles Louis Lim (<\/span><a href=\"https:\/\/www.instagram.com\/louislim051\/\"><span style=\"font-weight: 400;\">@louislim051<\/span><\/a><span style=\"font-weight: 400;\">) en los que sus trabajos exploran la funcionalidad, el dise\u00f1o y el arte, sin dejar de lado la diversi\u00f3n, si quieren conseguir sus muebles de dise\u00f1ador pueden buscarlo en <\/span><a href=\"https:\/\/www.makingworks.com\/contact\"><span style=\"font-weight: 400;\">www.makingworks.com<\/span><\/a><span style=\"font-weight: 400;\">; y Takeshi Miyakawa (<\/span><a href=\"https:\/\/www.instagram.com\/takeshimiyakawa\/\"><span style=\"font-weight: 400;\">@takeshimiyakawa<\/span><\/a><span style=\"font-weight: 400;\">) un artista y dise\u00f1ador de muebles con dise\u00f1o abstracto, que est\u00e1n fabricados para espacios comerciales y residenciales, as\u00ed como sus piezas de arte y muebles personales.<\/span><\/p>\n\r\n\t\t<style type='text\/css'>\r\n\t\t\t#gallery-2 {\r\n\t\t\t\tmargin: auto;\r\n\t\t\t}\r\n\t\t\t#gallery-2 .gallery-item {\r\n\t\t\t\tfloat: left;\r\n\t\t\t\tmargin-top: 10px;\r\n\t\t\t\ttext-align: center;\r\n\t\t\t\twidth: 50%;\r\n\t\t\t}\r\n\t\t\t#gallery-2 img {\r\n\t\t\t\tborder: 2px solid #cfcfcf;\r\n\t\t\t}\r\n\t\t\t#gallery-2 .gallery-caption {\r\n\t\t\t\tmargin-left: 0;\r\n\t\t\t}\r\n\t\t<\/style>\r\n\t\t<!-- see gallery_shortcode() in wp-includes\/media.php -->\n\t\t<div id='gallery-2' class='gallery galleryid-51521 gallery-columns-2 gallery-size-full gallery1'><script type=\"text\/javascript\">\r\n\/\/ <![CDATA[\r\n\tjQuery(document).ready(function () {\r\n\t\tjQuery(\".gallery1 a\").attr(\"rel\",\"gallery1\");\t\r\n\t\tjQuery('a[rel=\"gallery1\"]').colorbox({maxWidth:\"95%\", maxHeight:\"95%\",title: function(){ return jQuery(this).children().attr(\"alt\"); }, });\r\n\t});\r\n\/\/ ]]>\r\n<\/script>\n<dl class=\"gallery-item\">\n<dt class=\"gallery-icon\">\r\n<a href=\"https:\/\/www.lasrosas.com.ar\/portal\/wp-content\/uploads\/WhatsApp-Image-2022-05-13-at-12.39.15-PM-e1652459108459.jpeg\" title=\"\" rel=\"gallery1\"><img decoding=\"async\" data-src=\"https:\/\/www.lasrosas.com.ar\/portal\/wp-content\/uploads\/WhatsApp-Image-2022-05-13-at-12.39.15-PM-e1652459108459.jpeg\" width=\"712\" height=\"911\" alt=\"\" src=\"data:image\/svg+xml;base64,PHN2ZyB3aWR0aD0iMSIgaGVpZ2h0PSIxIiB4bWxucz0iaHR0cDovL3d3dy53My5vcmcvMjAwMC9zdmciPjwvc3ZnPg==\" class=\"lazyload\" style=\"--smush-placeholder-width: 712px; --smush-placeholder-aspect-ratio: 712\/911;\" \/><\/a>\r\n<\/dt><\/dl><dl class=\"gallery-item\">\n<dt class=\"gallery-icon\">\r\n<a href=\"https:\/\/www.lasrosas.com.ar\/portal\/wp-content\/uploads\/WhatsApp-Image-2022-05-13-at-12.39.16-PM-e1652459016715.jpeg\" title=\"\" rel=\"gallery1\"><img decoding=\"async\" data-src=\"https:\/\/www.lasrosas.com.ar\/portal\/wp-content\/uploads\/WhatsApp-Image-2022-05-13-at-12.39.16-PM-e1652459016715.jpeg\" width=\"716\" height=\"902\" alt=\"\" src=\"data:image\/svg+xml;base64,PHN2ZyB3aWR0aD0iMSIgaGVpZ2h0PSIxIiB4bWxucz0iaHR0cDovL3d3dy53My5vcmcvMjAwMC9zdmciPjwvc3ZnPg==\" class=\"lazyload\" style=\"--smush-placeholder-width: 716px; --smush-placeholder-aspect-ratio: 716\/902;\" \/><\/a>\r\n<\/dt><\/dl><br style=\"clear: both\" \/>\r\n\t\t<\/div>\n\n<!-- AddThis Advanced Settings generic via filter on the_content --><!-- AddThis Share Buttons generic via filter on the_content -->","protected":false},"excerpt":{"rendered":"<p>Un nuevo espacio de arte se inaugura en Miami, en d\u00f3nde se llev\u00f3 a cabo un c\u00f3ctel de fabulosas obras, que\u00a0 tuvo lugar en el barrio Little River en la zona Little, cercano a la zona de Miami Design District. La galer\u00eda, se impone como uno de los nuevos sitios para vincular a personas del [&hellip;]<!-- AddThis Advanced Settings generic via filter on get_the_excerpt --><!-- AddThis Share Buttons generic via filter on get_the_excerpt --><\/p>\n","protected":false},"author":6,"featured_media":51525,"comment_status":"closed","ping_status":"open","sticky":false,"template":"","format":"standard","meta":{"_acf_changed":false,"om_disable_all_campaigns":false,"_monsterinsights_skip_tracking":false,"_monsterinsights_sitenote_active":false,"_monsterinsights_sitenote_note":"","_monsterinsights_sitenote_category":0,"_uf_show_specific_survey":0,"_uf_disable_surveys":false,"footnotes":""},"categories":[100],"tags":[],"class_list":["post-51521","post","type-post","status-publish","format-standard","has-post-thumbnail","hentry","category-noticias"],"acf":[],"aioseo_notices":[],"_links":{"self":[{"href":"https:\/\/www.lasrosas.com.ar\/portal\/wp-json\/wp\/v2\/posts\/51521","targetHints":{"allow":["GET"]}}],"collection":[{"href":"https:\/\/www.lasrosas.com.ar\/portal\/wp-json\/wp\/v2\/posts"}],"about":[{"href":"https:\/\/www.lasrosas.com.ar\/portal\/wp-json\/wp\/v2\/types\/post"}],"author":[{"embeddable":true,"href":"https:\/\/www.lasrosas.com.ar\/portal\/wp-json\/wp\/v2\/users\/6"}],"replies":[{"embeddable":true,"href":"https:\/\/www.lasrosas.com.ar\/portal\/wp-json\/wp\/v2\/comments?post=51521"}],"version-history":[{"count":0,"href":"https:\/\/www.lasrosas.com.ar\/portal\/wp-json\/wp\/v2\/posts\/51521\/revisions"}],"wp:featuredmedia":[{"embeddable":true,"href":"https:\/\/www.lasrosas.com.ar\/portal\/wp-json\/wp\/v2\/media\/51525"}],"wp:attachment":[{"href":"https:\/\/www.lasrosas.com.ar\/portal\/wp-json\/wp\/v2\/media?parent=51521"}],"wp:term":[{"taxonomy":"category","embeddable":true,"href":"https:\/\/www.lasrosas.com.ar\/portal\/wp-json\/wp\/v2\/categories?post=51521"},{"taxonomy":"post_tag","embeddable":true,"href":"https:\/\/www.lasrosas.com.ar\/portal\/wp-json\/wp\/v2\/tags?post=51521"}],"curies":[{"name":"wp","href":"https:\/\/api.w.org\/{rel}","templated":true}]}}