{"id":51368,"date":"2022-05-11T15:27:27","date_gmt":"2022-05-11T18:27:27","guid":{"rendered":"https:\/\/www.lasrosas.com.ar\/portal\/?p=51368"},"modified":"2022-05-11T15:27:27","modified_gmt":"2022-05-11T18:27:27","slug":"anthony-hopkins-posa-como-modelo-de-loewe-a-los-anos-84-anos","status":"publish","type":"post","link":"https:\/\/www.lasrosas.com.ar\/portal\/anthony-hopkins-posa-como-modelo-de-loewe-a-los-anos-84-anos\/","title":{"rendered":"ANTHONY HOPKINS POSA COMO MODELO DE LOEWE A LOS A\u00d1OS 84 A\u00d1OS"},"content":{"rendered":"<p>El renombrado actor de Hollywood es la nueva imagen de la marca espa\u00f1ola.<\/p>\n<p>Anthony Hopkins es la nueva imagen de la marca espa\u00f1ola Loewe y en la campa\u00f1a se lo ve con dise\u00f1os y accesorios de la colecci\u00f3n de oto\u00f1o\/invierno 2022. En esta nota te mostramos dos de los modelos que luce el reconocido actor para esta compa\u00f1\u00eda que, celebramos, se aleja de la identificaci\u00f3n m\u00e1s frecuente de la moda con la juventud.<\/p>\n<p>El actor de Hollywood posa cual \u00edcono de tendencias, bajo el ojo del fot\u00f3grafo de moda Juergan Teller<\/p>\n<p><img decoding=\"async\" class=\"wp-image-51371 aligncenter lazyload\" data-src=\"https:\/\/www.lasrosas.com.ar\/portal\/wp-content\/uploads\/WhatsApp-Image-2022-05-11-at-3.25.52-PM-1.jpeg\" alt=\"\" width=\"484\" height=\"601\" data-srcset=\"https:\/\/www.lasrosas.com.ar\/portal\/wp-content\/uploads\/WhatsApp-Image-2022-05-11-at-3.25.52-PM-1.jpeg 879w, https:\/\/www.lasrosas.com.ar\/portal\/wp-content\/uploads\/WhatsApp-Image-2022-05-11-at-3.25.52-PM-1-773x960.jpeg 773w\" data-sizes=\"(max-width: 484px) 100vw, 484px\" src=\"data:image\/svg+xml;base64,PHN2ZyB3aWR0aD0iMSIgaGVpZ2h0PSIxIiB4bWxucz0iaHR0cDovL3d3dy53My5vcmcvMjAwMC9zdmciPjwvc3ZnPg==\" style=\"--smush-placeholder-width: 484px; --smush-placeholder-aspect-ratio: 484\/601;\" \/><\/p>\n<p>Con un look total black de buzo y jogging, el actor demuestra una vez m\u00e1s que la moda est\u00e1 cada vez m\u00e1s lejos de identificarse con la eterna juventud.<\/p>\n<p><img decoding=\"async\" class=\"wp-image-51372 aligncenter lazyload\" data-src=\"https:\/\/www.lasrosas.com.ar\/portal\/wp-content\/uploads\/WhatsApp-Image-2022-05-11-at-3.25.52-PM-2.jpeg\" alt=\"\" width=\"547\" height=\"681\" data-srcset=\"https:\/\/www.lasrosas.com.ar\/portal\/wp-content\/uploads\/WhatsApp-Image-2022-05-11-at-3.25.52-PM-2.jpeg 879w, https:\/\/www.lasrosas.com.ar\/portal\/wp-content\/uploads\/WhatsApp-Image-2022-05-11-at-3.25.52-PM-2-771x960.jpeg 771w\" data-sizes=\"(max-width: 547px) 100vw, 547px\" src=\"data:image\/svg+xml;base64,PHN2ZyB3aWR0aD0iMSIgaGVpZ2h0PSIxIiB4bWxucz0iaHR0cDovL3d3dy53My5vcmcvMjAwMC9zdmciPjwvc3ZnPg==\" style=\"--smush-placeholder-width: 547px; --smush-placeholder-aspect-ratio: 547\/681;\" \/><\/p>\n<!-- AddThis Advanced Settings generic via filter on the_content --><!-- AddThis Share Buttons generic via filter on the_content -->","protected":false},"excerpt":{"rendered":"<p>El renombrado actor de Hollywood es la nueva imagen de la marca espa\u00f1ola. Anthony Hopkins es la nueva imagen de la marca espa\u00f1ola Loewe y en la campa\u00f1a se lo ve con dise\u00f1os y accesorios de la colecci\u00f3n de oto\u00f1o\/invierno 2022. En esta nota te mostramos dos de los modelos que luce el reconocido actor [&hellip;]<!-- AddThis Advanced Settings generic via filter on get_the_excerpt --><!-- AddThis Share Buttons generic via filter on get_the_excerpt --><\/p>\n","protected":false},"author":6,"featured_media":51370,"comment_status":"closed","ping_status":"open","sticky":false,"template":"","format":"standard","meta":{"_acf_changed":false,"om_disable_all_campaigns":false,"_monsterinsights_skip_tracking":false,"_monsterinsights_sitenote_active":false,"_monsterinsights_sitenote_note":"","_monsterinsights_sitenote_category":0,"_uf_show_specific_survey":0,"_uf_disable_surveys":false,"footnotes":""},"categories":[100,30],"tags":[],"class_list":["post-51368","post","type-post","status-publish","format-standard","has-post-thumbnail","hentry","category-noticias","category-moda"],"acf":[],"aioseo_notices":[],"_links":{"self":[{"href":"https:\/\/www.lasrosas.com.ar\/portal\/wp-json\/wp\/v2\/posts\/51368","targetHints":{"allow":["GET"]}}],"collection":[{"href":"https:\/\/www.lasrosas.com.ar\/portal\/wp-json\/wp\/v2\/posts"}],"about":[{"href":"https:\/\/www.lasrosas.com.ar\/portal\/wp-json\/wp\/v2\/types\/post"}],"author":[{"embeddable":true,"href":"https:\/\/www.lasrosas.com.ar\/portal\/wp-json\/wp\/v2\/users\/6"}],"replies":[{"embeddable":true,"href":"https:\/\/www.lasrosas.com.ar\/portal\/wp-json\/wp\/v2\/comments?post=51368"}],"version-history":[{"count":0,"href":"https:\/\/www.lasrosas.com.ar\/portal\/wp-json\/wp\/v2\/posts\/51368\/revisions"}],"wp:featuredmedia":[{"embeddable":true,"href":"https:\/\/www.lasrosas.com.ar\/portal\/wp-json\/wp\/v2\/media\/51370"}],"wp:attachment":[{"href":"https:\/\/www.lasrosas.com.ar\/portal\/wp-json\/wp\/v2\/media?parent=51368"}],"wp:term":[{"taxonomy":"category","embeddable":true,"href":"https:\/\/www.lasrosas.com.ar\/portal\/wp-json\/wp\/v2\/categories?post=51368"},{"taxonomy":"post_tag","embeddable":true,"href":"https:\/\/www.lasrosas.com.ar\/portal\/wp-json\/wp\/v2\/tags?post=51368"}],"curies":[{"name":"wp","href":"https:\/\/api.w.org\/{rel}","templated":true}]}}