{"id":50945,"date":"2022-05-02T16:41:49","date_gmt":"2022-05-02T19:41:49","guid":{"rendered":"https:\/\/www.lasrosas.com.ar\/portal\/?p=50945"},"modified":"2022-05-02T16:41:49","modified_gmt":"2022-05-02T19:41:49","slug":"se-acabo-la-espera-avatar-2-ya-tiene-fecha-de-estreno","status":"publish","type":"post","link":"https:\/\/www.lasrosas.com.ar\/portal\/se-acabo-la-espera-avatar-2-ya-tiene-fecha-de-estreno\/","title":{"rendered":"SE ACAB\u00d3 LA ESPERA: \u201cAVATAR 2\u201d YA TIENE FECHA DE ESTRENO"},"content":{"rendered":"<p>Te contamos todos los detalles de la tan esperada pel\u00edcula.<\/p>\n<p>En un reciente evento en Las Vegas se dio a conocer el primer tr\u00e1iler en 3D y el d\u00eda de estreno de una de las pel\u00edculas m\u00e1s esperadas por los fans.<\/p>\n<p>Se trata de Avatar 2, film que ya tiene fecha de lanzamiento y nombre oficial: \u2018Avatar: The Way of Water\u2019, que ser\u00e1 estrenada el 16 de diciembre.<\/p>\n<p>Esta nueva entrega es la secuela de una de las producciones m\u00e1s taquilleras en la historia del cine, por lo que su director, James Cameron, promete romper paradigmas y \u201cdesaf\u00eda los l\u00edmites del cine\u201d.<\/p>\n<p><img decoding=\"async\" class=\"wp-image-50947 aligncenter lazyload\" data-src=\"https:\/\/www.lasrosas.com.ar\/portal\/wp-content\/uploads\/1651090407_472545_1651090436_noticia_normal.jpg\" alt=\"\" width=\"704\" height=\"396\" data-srcset=\"https:\/\/www.lasrosas.com.ar\/portal\/wp-content\/uploads\/1651090407_472545_1651090436_noticia_normal.jpg 1200w, https:\/\/www.lasrosas.com.ar\/portal\/wp-content\/uploads\/1651090407_472545_1651090436_noticia_normal-960x540.jpg 960w\" data-sizes=\"(max-width: 704px) 100vw, 704px\" src=\"data:image\/svg+xml;base64,PHN2ZyB3aWR0aD0iMSIgaGVpZ2h0PSIxIiB4bWxucz0iaHR0cDovL3d3dy53My5vcmcvMjAwMC9zdmciPjwvc3ZnPg==\" style=\"--smush-placeholder-width: 704px; --smush-placeholder-aspect-ratio: 704\/396;\" \/><\/p>\n<p>El anuncio se dio a conocer en el marco de la CinemaCon, una convenci\u00f3n anual donde los asistentes tuvieron la oportunidad de ver el primer tr\u00e1iler de la cinta en 3D. Como ya es costumbre, los espectadores pudieron disfrutar de sus impresionantes efectos visuales sobre el universo de Pandora y los movimientos de los Na\u2019vi.<\/p>\n<p>En el mismo evento, tambi\u00e9n se revel\u00f3 qure esta es la primera de 4 secuelas que, a pesar de tener su propio argumento y final, tendr\u00e1n una conexi\u00f3n que sus creadores han definido como una \u201csaga \u00e9pica\u201d.<\/p>\n<p>La fecha de estreno de este film ser\u00e1 el 16 de diciembre de este a\u00f1o y, por lo que se pudo observar en la CinemaCom, promete romper esquemas y cautivar m\u00e1s que la misma pel\u00edcula que hace 13 a\u00f1os hizo vibrar al mundo.<\/p>\n<!-- AddThis Advanced Settings generic via filter on the_content --><!-- AddThis Share Buttons generic via filter on the_content -->","protected":false},"excerpt":{"rendered":"<p>Te contamos todos los detalles de la tan esperada pel\u00edcula. En un reciente evento en Las Vegas se dio a conocer el primer tr\u00e1iler en 3D y el d\u00eda de estreno de una de las pel\u00edculas m\u00e1s esperadas por los fans. Se trata de Avatar 2, film que ya tiene fecha de lanzamiento y nombre [&hellip;]<!-- AddThis Advanced Settings generic via filter on get_the_excerpt --><!-- AddThis Share Buttons generic via filter on get_the_excerpt --><\/p>\n","protected":false},"author":6,"featured_media":50946,"comment_status":"closed","ping_status":"open","sticky":false,"template":"","format":"standard","meta":{"_acf_changed":false,"om_disable_all_campaigns":false,"_monsterinsights_skip_tracking":false,"_monsterinsights_sitenote_active":false,"_monsterinsights_sitenote_note":"","_monsterinsights_sitenote_category":0,"_uf_show_specific_survey":0,"_uf_disable_surveys":false,"footnotes":""},"categories":[100],"tags":[],"class_list":["post-50945","post","type-post","status-publish","format-standard","has-post-thumbnail","hentry","category-noticias"],"acf":[],"aioseo_notices":[],"_links":{"self":[{"href":"https:\/\/www.lasrosas.com.ar\/portal\/wp-json\/wp\/v2\/posts\/50945","targetHints":{"allow":["GET"]}}],"collection":[{"href":"https:\/\/www.lasrosas.com.ar\/portal\/wp-json\/wp\/v2\/posts"}],"about":[{"href":"https:\/\/www.lasrosas.com.ar\/portal\/wp-json\/wp\/v2\/types\/post"}],"author":[{"embeddable":true,"href":"https:\/\/www.lasrosas.com.ar\/portal\/wp-json\/wp\/v2\/users\/6"}],"replies":[{"embeddable":true,"href":"https:\/\/www.lasrosas.com.ar\/portal\/wp-json\/wp\/v2\/comments?post=50945"}],"version-history":[{"count":0,"href":"https:\/\/www.lasrosas.com.ar\/portal\/wp-json\/wp\/v2\/posts\/50945\/revisions"}],"wp:featuredmedia":[{"embeddable":true,"href":"https:\/\/www.lasrosas.com.ar\/portal\/wp-json\/wp\/v2\/media\/50946"}],"wp:attachment":[{"href":"https:\/\/www.lasrosas.com.ar\/portal\/wp-json\/wp\/v2\/media?parent=50945"}],"wp:term":[{"taxonomy":"category","embeddable":true,"href":"https:\/\/www.lasrosas.com.ar\/portal\/wp-json\/wp\/v2\/categories?post=50945"},{"taxonomy":"post_tag","embeddable":true,"href":"https:\/\/www.lasrosas.com.ar\/portal\/wp-json\/wp\/v2\/tags?post=50945"}],"curies":[{"name":"wp","href":"https:\/\/api.w.org\/{rel}","templated":true}]}}