{"id":50942,"date":"2022-05-02T16:36:52","date_gmt":"2022-05-02T19:36:52","guid":{"rendered":"https:\/\/www.lasrosas.com.ar\/portal\/?p=50942"},"modified":"2022-05-02T16:36:52","modified_gmt":"2022-05-02T19:36:52","slug":"asi-sera-barbie-la-nueva-pelicula-protagonizada-por-margot-robbie","status":"publish","type":"post","link":"https:\/\/www.lasrosas.com.ar\/portal\/asi-sera-barbie-la-nueva-pelicula-protagonizada-por-margot-robbie\/","title":{"rendered":"AS\u00cd SER\u00c1 \u00abBARBIE\u00bb, LA NUEVA PEL\u00cdCULA PROTAGONIZADA POR MARGOT ROBBIE"},"content":{"rendered":"<p>\u00a1El film ya tiene fecha de estreno! Te contamos todos los detalles.<\/p>\n<p>La nueva pel\u00edcula de &#8216;Barbie&#8217; ya tiene fecha de estreno y gracias al evento de CinemaCon, que se realiza en Las Vegas, se pudo ver por primera vez a Margot Robbie como la famosa mu\u00f1eca de Mattel.<\/p>\n<p>As\u00ed es como Warner Bros anunci\u00f3 que la cinta llegar\u00e1 a los cines el 21 de julio del 2023, siendo la primera pel\u00edcula en la que adaptar\u00e1n al juguete a la vida real.<\/p>\n<p>Adem\u00e1s de Barbie, el film tambi\u00e9n tendr\u00e1 a su Ken de carne y hueso, que ser\u00e1 interpretado por el mism\u00edsimo Ryan Gosling. Sin embargo, hasta el momento no se tienen fotos del actor caracterizado como este personaje.<\/p>\n<p>La cineasta Greta Gerwig est\u00e1 al mando de la direcci\u00f3n, quien se destac\u00f3 en 2017 con el film Lady Bird, por la que fue nominada al Oscar de Mejor Direcci\u00f3n y Mejor Gui\u00f3n.<\/p>\n<p><iframe title=\"YouTube video player\" data-src=\"https:\/\/www.youtube.com\/embed\/I3kvL1jNyug\" width=\"560\" height=\"315\" frameborder=\"0\" allowfullscreen=\"allowfullscreen\" src=\"data:image\/svg+xml;base64,PHN2ZyB3aWR0aD0iMSIgaGVpZ2h0PSIxIiB4bWxucz0iaHR0cDovL3d3dy53My5vcmcvMjAwMC9zdmciPjwvc3ZnPg==\" class=\"lazyload\" data-load-mode=\"1\"><\/iframe><\/p>\n<!-- AddThis Advanced Settings generic via filter on the_content --><!-- AddThis Share Buttons generic via filter on the_content -->","protected":false},"excerpt":{"rendered":"<p>\u00a1El film ya tiene fecha de estreno! Te contamos todos los detalles. La nueva pel\u00edcula de &#8216;Barbie&#8217; ya tiene fecha de estreno y gracias al evento de CinemaCon, que se realiza en Las Vegas, se pudo ver por primera vez a Margot Robbie como la famosa mu\u00f1eca de Mattel. As\u00ed es como Warner Bros anunci\u00f3 [&hellip;]<!-- AddThis Advanced Settings generic via filter on get_the_excerpt --><!-- AddThis Share Buttons generic via filter on get_the_excerpt --><\/p>\n","protected":false},"author":6,"featured_media":50943,"comment_status":"closed","ping_status":"open","sticky":false,"template":"","format":"standard","meta":{"_acf_changed":false,"om_disable_all_campaigns":false,"_monsterinsights_skip_tracking":false,"_monsterinsights_sitenote_active":false,"_monsterinsights_sitenote_note":"","_monsterinsights_sitenote_category":0,"_uf_show_specific_survey":0,"_uf_disable_surveys":false,"footnotes":""},"categories":[100],"tags":[],"class_list":["post-50942","post","type-post","status-publish","format-standard","has-post-thumbnail","hentry","category-noticias"],"acf":[],"aioseo_notices":[],"_links":{"self":[{"href":"https:\/\/www.lasrosas.com.ar\/portal\/wp-json\/wp\/v2\/posts\/50942","targetHints":{"allow":["GET"]}}],"collection":[{"href":"https:\/\/www.lasrosas.com.ar\/portal\/wp-json\/wp\/v2\/posts"}],"about":[{"href":"https:\/\/www.lasrosas.com.ar\/portal\/wp-json\/wp\/v2\/types\/post"}],"author":[{"embeddable":true,"href":"https:\/\/www.lasrosas.com.ar\/portal\/wp-json\/wp\/v2\/users\/6"}],"replies":[{"embeddable":true,"href":"https:\/\/www.lasrosas.com.ar\/portal\/wp-json\/wp\/v2\/comments?post=50942"}],"version-history":[{"count":0,"href":"https:\/\/www.lasrosas.com.ar\/portal\/wp-json\/wp\/v2\/posts\/50942\/revisions"}],"wp:featuredmedia":[{"embeddable":true,"href":"https:\/\/www.lasrosas.com.ar\/portal\/wp-json\/wp\/v2\/media\/50943"}],"wp:attachment":[{"href":"https:\/\/www.lasrosas.com.ar\/portal\/wp-json\/wp\/v2\/media?parent=50942"}],"wp:term":[{"taxonomy":"category","embeddable":true,"href":"https:\/\/www.lasrosas.com.ar\/portal\/wp-json\/wp\/v2\/categories?post=50942"},{"taxonomy":"post_tag","embeddable":true,"href":"https:\/\/www.lasrosas.com.ar\/portal\/wp-json\/wp\/v2\/tags?post=50942"}],"curies":[{"name":"wp","href":"https:\/\/api.w.org\/{rel}","templated":true}]}}