{"id":50742,"date":"2022-04-26T15:40:39","date_gmt":"2022-04-26T18:40:39","guid":{"rendered":"https:\/\/www.lasrosas.com.ar\/portal\/?p=50742"},"modified":"2022-04-26T15:40:39","modified_gmt":"2022-04-26T18:40:39","slug":"3-beauty-tips-de-victoria-beckham-para-poner-en-practica","status":"publish","type":"post","link":"https:\/\/www.lasrosas.com.ar\/portal\/3-beauty-tips-de-victoria-beckham-para-poner-en-practica\/","title":{"rendered":"3 BEAUTY TIPS DE VICTORIA BECKHAM PARA PONER EN PR\u00c1CTICA"},"content":{"rendered":"<p>Victoria Beckham revela algunos cuidados de su cutis como as\u00ed tambi\u00e9n los trucos a la hora de maquillarse, ideales para cuidar y lucir la piel, con una apariencia fresca y natural.<\/p>\n<p>Victoria Beckham comparti\u00f3 algunos de los tips de belleza que ella pone en pr\u00e1ctica hace a\u00f1os para mantener su piel cuidada y luminosa.<\/p>\n<p>A sus 48 a\u00f1os luce realmente incre\u00edble, fruto en parte de su gen\u00e9tica y tambi\u00e9n de los cuidados que ella realiza hace a\u00f1os, pero que no siempre tuvo en cuenta, sobre todo cuando era muy joven. Seg\u00fan comparti\u00f3 con la famosa publicaci\u00f3n Into the Gloss, la ex Spice Girl ten\u00eda una piel llena de imperfecciones y que, su forma de solucionarlo en aquel entonces, era usando una base de maquillaje que le cubriera bien los granitos y las manchas.<\/p>\n<p>Eso lo fue cambiando con el tiempo (entendiendo que era solamente una soluci\u00f3n temporal) y que ten\u00eda que cuidarse de verdad, primero, solucionando los problemas de su piel. Por eso empez\u00f3 a prestarle atenci\u00f3n y, por ejemplo, a optar por productos adecuados para ella. Este es su primer consejo.<\/p>\n<p><img decoding=\"async\" class=\"size-full wp-image-50743 aligncenter lazyload\" data-src=\"https:\/\/www.lasrosas.com.ar\/portal\/wp-content\/uploads\/WhatsApp-Image-2022-04-26-at-3.39.54-PM.jpeg\" alt=\"\" width=\"749\" height=\"561\" data-srcset=\"https:\/\/www.lasrosas.com.ar\/portal\/wp-content\/uploads\/WhatsApp-Image-2022-04-26-at-3.39.54-PM.jpeg 749w, https:\/\/www.lasrosas.com.ar\/portal\/wp-content\/uploads\/WhatsApp-Image-2022-04-26-at-3.39.54-PM-640x480.jpeg 640w\" data-sizes=\"(max-width: 749px) 100vw, 749px\" src=\"data:image\/svg+xml;base64,PHN2ZyB3aWR0aD0iMSIgaGVpZ2h0PSIxIiB4bWxucz0iaHR0cDovL3d3dy53My5vcmcvMjAwMC9zdmciPjwvc3ZnPg==\" style=\"--smush-placeholder-width: 749px; --smush-placeholder-aspect-ratio: 749\/561;\" \/><\/p>\n<p>Tanto ha hecho por cuidarse que en distintas ocasiones se mostr\u00f3 en sus redes sin maquillaje, luciendo su cutis al natural y bien hidratado: desterr\u00f3 para siempre el uso diario de las bases de alta cobertura, con lo cual este ser\u00eda el segundo.<\/p>\n<p>Por otro lado, dentro de sus productos esenciales, Victoria siempre tiene a mano una base ligera, que da un aspecto fresco y relajado. Para los labios, los tonos nude son sus favoritos y siempre una gran capa de m\u00e1scara de pesta\u00f1as le dan el marco ideal a sus ojos oscuros, que complementa con sus cejas bien definidas y rubor en las mejillas.<\/p>\n<p>En resumen, tomando a Victoria Beckham como fuente de inspiraci\u00f3n, las claves del cuidado facial est\u00e1n en cuidar la piel optando por productos que respondan a sus necesitades particulares, dejar de lado las bases extra cubritivas para el uso diario, optando por aquellas m\u00e1s naturales, aplicando trucos de maquillaje que resalten nuestros rasgos de la forma m\u00e1s natural posible.<\/p>\n<!-- AddThis Advanced Settings generic via filter on the_content --><!-- AddThis Share Buttons generic via filter on the_content -->","protected":false},"excerpt":{"rendered":"<p>Victoria Beckham revela algunos cuidados de su cutis como as\u00ed tambi\u00e9n los trucos a la hora de maquillarse, ideales para cuidar y lucir la piel, con una apariencia fresca y natural. Victoria Beckham comparti\u00f3 algunos de los tips de belleza que ella pone en pr\u00e1ctica hace a\u00f1os para mantener su piel cuidada y luminosa. A [&hellip;]<!-- AddThis Advanced Settings generic via filter on get_the_excerpt --><!-- AddThis Share Buttons generic via filter on get_the_excerpt --><\/p>\n","protected":false},"author":6,"featured_media":50744,"comment_status":"closed","ping_status":"open","sticky":false,"template":"","format":"standard","meta":{"_acf_changed":false,"om_disable_all_campaigns":false,"_monsterinsights_skip_tracking":false,"_monsterinsights_sitenote_active":false,"_monsterinsights_sitenote_note":"","_monsterinsights_sitenote_category":0,"_uf_show_specific_survey":0,"_uf_disable_surveys":false,"footnotes":""},"categories":[376,100],"tags":[],"class_list":["post-50742","post","type-post","status-publish","format-standard","has-post-thumbnail","hentry","category-lifestyle","category-noticias"],"acf":[],"aioseo_notices":[],"_links":{"self":[{"href":"https:\/\/www.lasrosas.com.ar\/portal\/wp-json\/wp\/v2\/posts\/50742","targetHints":{"allow":["GET"]}}],"collection":[{"href":"https:\/\/www.lasrosas.com.ar\/portal\/wp-json\/wp\/v2\/posts"}],"about":[{"href":"https:\/\/www.lasrosas.com.ar\/portal\/wp-json\/wp\/v2\/types\/post"}],"author":[{"embeddable":true,"href":"https:\/\/www.lasrosas.com.ar\/portal\/wp-json\/wp\/v2\/users\/6"}],"replies":[{"embeddable":true,"href":"https:\/\/www.lasrosas.com.ar\/portal\/wp-json\/wp\/v2\/comments?post=50742"}],"version-history":[{"count":0,"href":"https:\/\/www.lasrosas.com.ar\/portal\/wp-json\/wp\/v2\/posts\/50742\/revisions"}],"wp:featuredmedia":[{"embeddable":true,"href":"https:\/\/www.lasrosas.com.ar\/portal\/wp-json\/wp\/v2\/media\/50744"}],"wp:attachment":[{"href":"https:\/\/www.lasrosas.com.ar\/portal\/wp-json\/wp\/v2\/media?parent=50742"}],"wp:term":[{"taxonomy":"category","embeddable":true,"href":"https:\/\/www.lasrosas.com.ar\/portal\/wp-json\/wp\/v2\/categories?post=50742"},{"taxonomy":"post_tag","embeddable":true,"href":"https:\/\/www.lasrosas.com.ar\/portal\/wp-json\/wp\/v2\/tags?post=50742"}],"curies":[{"name":"wp","href":"https:\/\/api.w.org\/{rel}","templated":true}]}}