{"id":50667,"date":"2022-04-25T12:55:07","date_gmt":"2022-04-25T15:55:07","guid":{"rendered":"https:\/\/www.lasrosas.com.ar\/portal\/?p=50667"},"modified":"2022-04-25T12:55:07","modified_gmt":"2022-04-25T15:55:07","slug":"todo-lo-que-sabemos-sobre-la-temporada-3-de-emily-en-paris","status":"publish","type":"post","link":"https:\/\/www.lasrosas.com.ar\/portal\/todo-lo-que-sabemos-sobre-la-temporada-3-de-emily-en-paris\/","title":{"rendered":"TODO LO QUE SABEMOS SOBRE LA TEMPORADA 3 DE \u201cEMILY EN PAR\u00cdS\u201d"},"content":{"rendered":"<p>Mantener este espect\u00e1culo para siempre, \u00bfpor qu\u00e9 no?<\/p>\n<p>Emily in Paris regres\u00f3 para una segunda temporada en diciembre justo a tiempo para otra tan necesaria ronda de escapismo. Una vez m\u00e1s, los espectadores pudieron recorrer Francia con Emily (Lily Collins) mientras navegaba por su desordenada vida amorosa, su dram\u00e1tica vida laboral y su c\u00f3micamente inexplicable \u00e9xito en Instagram. (Adem\u00e1s, tenemos que aceptar los sombreros. Tantos sombreros). Pero una vez que la nueva temporada se lanz\u00f3 de una vez en Netflix, surgieron preguntas instant\u00e1neas sobre si habr\u00eda otra. Afortunadamente, los dioses de Netflix nos bendijeron a todos con noticias sorprendentes no mucho despu\u00e9s del estreno de la temporada 2: definitivamente habr\u00e1 m\u00e1s temporadas del programa.<\/p>\n<p>Estamos contando los d\u00edas y reventando botellas de Champ\u00e9re (despu\u00e9s de todo, est\u00e1 destinado a ser rociado) hasta que las nuevas temporadas est\u00e9n disponibles, as\u00ed que para pasar el tiempo reunimos toda la informaci\u00f3n posible sobre lo que vendr\u00e1 en Emily en Par\u00eds. Compru\u00e9balo a continuaci\u00f3n.<\/p>\n<p>Netflix revel\u00f3 una gran sorpresa para su anuncio de la temporada 3.<\/p>\n<p>\u00a1El 10 de enero, Netflix revel\u00f3 que Emily in Paris regresar\u00e1 oficialmente para una tercera temporada! Tomando una p\u00e1gina del libro de Emily, el streamer revel\u00f3 la noticia en la p\u00e1gina oficial de IG de Emily en Par\u00eds. \u00a1Y eso no es todo! El programa tambi\u00e9n se renov\u00f3 para una cuarta temporada, lo que significa que no tenemos que contener la respiraci\u00f3n cuando se trata de m\u00e1s episodios (al menos por ahora).<\/p>\n<blockquote class=\"instagram-media\" style=\"background: #FFF; border: 0; border-radius: 3px; box-shadow: 0 0 1px 0 rgba(0,0,0,0.5),0 1px 10px 0 rgba(0,0,0,0.15); margin: 1px; max-width: 540px; min-width: 326px; padding: 0; width: calc(100% - 2px);\" data-instgrm-captioned=\"\" data-instgrm-permalink=\"https:\/\/www.instagram.com\/tv\/CZSZT4itFg2\/?utm_source=ig_embed&amp;utm_campaign=loading\" data-instgrm-version=\"14\">\n<div style=\"padding: 16px;\">\n<p>&nbsp;<\/p>\n<div style=\"display: flex; flex-direction: row; align-items: center;\">\n<div style=\"background-color: #f4f4f4; border-radius: 50%; flex-grow: 0; height: 40px; margin-right: 14px; width: 40px;\"><\/div>\n<div style=\"display: flex; flex-direction: column; flex-grow: 1; justify-content: center;\">\n<div style=\"background-color: #f4f4f4; border-radius: 4px; flex-grow: 0; height: 14px; margin-bottom: 6px; width: 100px;\"><\/div>\n<div style=\"background-color: #f4f4f4; border-radius: 4px; flex-grow: 0; height: 14px; width: 60px;\"><\/div>\n<\/div>\n<\/div>\n<div style=\"padding: 19% 0;\"><\/div>\n<div style=\"display: block; height: 50px; margin: 0 auto 12px; width: 50px;\"><\/div>\n<div style=\"padding-top: 8px;\">\n<div style=\"color: #3897f0; font-family: Arial,sans-serif; font-size: 14px; font-style: normal; font-weight: 550; line-height: 18px;\">Ver esta publicaci\u00f3n en Instagram<\/div>\n<\/div>\n<div style=\"padding: 12.5% 0;\"><\/div>\n<div style=\"display: flex; flex-direction: row; margin-bottom: 14px; align-items: center;\">\n<div>\n<div style=\"background-color: #f4f4f4; border-radius: 50%; height: 12.5px; width: 12.5px; transform: translateX(0px) translateY(7px);\"><\/div>\n<div style=\"background-color: #f4f4f4; height: 12.5px; transform: rotate(-45deg) translateX(3px) translateY(1px); width: 12.5px; flex-grow: 0; margin-right: 14px; margin-left: 2px;\"><\/div>\n<div style=\"background-color: #f4f4f4; border-radius: 50%; height: 12.5px; width: 12.5px; transform: translateX(9px) translateY(-18px);\"><\/div>\n<\/div>\n<div style=\"margin-left: 8px;\">\n<div style=\"background-color: #f4f4f4; border-radius: 50%; flex-grow: 0; height: 20px; width: 20px;\"><\/div>\n<div style=\"width: 0; height: 0; border-top: 2px solid transparent; border-left: 6px solid #f4f4f4; border-bottom: 2px solid transparent; transform: translateX(16px) translateY(-4px) rotate(30deg);\"><\/div>\n<\/div>\n<div style=\"margin-left: auto;\">\n<div style=\"width: 0px; border-top: 8px solid #F4F4F4; border-right: 8px solid transparent; transform: translateY(16px);\"><\/div>\n<div style=\"background-color: #f4f4f4; flex-grow: 0; height: 12px; width: 16px; transform: translateY(-4px);\"><\/div>\n<div style=\"width: 0; height: 0; border-top: 8px solid #F4F4F4; border-left: 8px solid transparent; transform: translateY(-4px) translateX(8px);\"><\/div>\n<\/div>\n<\/div>\n<div style=\"display: flex; flex-direction: column; flex-grow: 1; justify-content: center; margin-bottom: 24px;\">\n<div style=\"background-color: #f4f4f4; border-radius: 4px; flex-grow: 0; height: 14px; margin-bottom: 6px; width: 224px;\"><\/div>\n<div style=\"background-color: #f4f4f4; border-radius: 4px; flex-grow: 0; height: 14px; width: 144px;\"><\/div>\n<\/div>\n<p>&nbsp;<\/p>\n<p style=\"color: #c9c8cd; font-family: Arial,sans-serif; font-size: 14px; line-height: 17px; margin-bottom: 0; margin-top: 8px; overflow: hidden; padding: 8px 0 7px; text-align: center; text-overflow: ellipsis; white-space: nowrap;\"><a style=\"color: #c9c8cd; font-family: Arial,sans-serif; font-size: 14px; font-style: normal; font-weight: normal; line-height: 17px; text-decoration: none;\" href=\"https:\/\/www.instagram.com\/tv\/CZSZT4itFg2\/?utm_source=ig_embed&amp;utm_campaign=loading\" target=\"_blank\" rel=\"noopener\">Una publicaci\u00f3n compartida de Emily In Paris (@emilyinparis)<\/a><\/p>\n<\/div>\n<\/blockquote>\n<p><script async src=\"\/\/www.instagram.com\/embed.js\"><\/script><\/p>\n<!-- AddThis Advanced Settings generic via filter on the_content --><!-- AddThis Share Buttons generic via filter on the_content -->","protected":false},"excerpt":{"rendered":"<p>Mantener este espect\u00e1culo para siempre, \u00bfpor qu\u00e9 no? Emily in Paris regres\u00f3 para una segunda temporada en diciembre justo a tiempo para otra tan necesaria ronda de escapismo. Una vez m\u00e1s, los espectadores pudieron recorrer Francia con Emily (Lily Collins) mientras navegaba por su desordenada vida amorosa, su dram\u00e1tica vida laboral y su c\u00f3micamente inexplicable [&hellip;]<!-- AddThis Advanced Settings generic via filter on get_the_excerpt --><!-- AddThis Share Buttons generic via filter on get_the_excerpt --><\/p>\n","protected":false},"author":6,"featured_media":50668,"comment_status":"closed","ping_status":"open","sticky":false,"template":"","format":"standard","meta":{"_acf_changed":false,"om_disable_all_campaigns":false,"_monsterinsights_skip_tracking":false,"_monsterinsights_sitenote_active":false,"_monsterinsights_sitenote_note":"","_monsterinsights_sitenote_category":0,"_uf_show_specific_survey":0,"_uf_disable_surveys":false,"footnotes":""},"categories":[100],"tags":[],"class_list":["post-50667","post","type-post","status-publish","format-standard","has-post-thumbnail","hentry","category-noticias"],"acf":[],"aioseo_notices":[],"_links":{"self":[{"href":"https:\/\/www.lasrosas.com.ar\/portal\/wp-json\/wp\/v2\/posts\/50667","targetHints":{"allow":["GET"]}}],"collection":[{"href":"https:\/\/www.lasrosas.com.ar\/portal\/wp-json\/wp\/v2\/posts"}],"about":[{"href":"https:\/\/www.lasrosas.com.ar\/portal\/wp-json\/wp\/v2\/types\/post"}],"author":[{"embeddable":true,"href":"https:\/\/www.lasrosas.com.ar\/portal\/wp-json\/wp\/v2\/users\/6"}],"replies":[{"embeddable":true,"href":"https:\/\/www.lasrosas.com.ar\/portal\/wp-json\/wp\/v2\/comments?post=50667"}],"version-history":[{"count":0,"href":"https:\/\/www.lasrosas.com.ar\/portal\/wp-json\/wp\/v2\/posts\/50667\/revisions"}],"wp:featuredmedia":[{"embeddable":true,"href":"https:\/\/www.lasrosas.com.ar\/portal\/wp-json\/wp\/v2\/media\/50668"}],"wp:attachment":[{"href":"https:\/\/www.lasrosas.com.ar\/portal\/wp-json\/wp\/v2\/media?parent=50667"}],"wp:term":[{"taxonomy":"category","embeddable":true,"href":"https:\/\/www.lasrosas.com.ar\/portal\/wp-json\/wp\/v2\/categories?post=50667"},{"taxonomy":"post_tag","embeddable":true,"href":"https:\/\/www.lasrosas.com.ar\/portal\/wp-json\/wp\/v2\/tags?post=50667"}],"curies":[{"name":"wp","href":"https:\/\/api.w.org\/{rel}","templated":true}]}}