{"id":50583,"date":"2022-04-22T14:31:46","date_gmt":"2022-04-22T17:31:46","guid":{"rendered":"https:\/\/www.lasrosas.com.ar\/portal\/?p=50583"},"modified":"2022-04-22T14:31:46","modified_gmt":"2022-04-22T17:31:46","slug":"peugeot-3008-tecnologia-y-seguridad-de-ultima-generacion","status":"publish","type":"post","link":"https:\/\/www.lasrosas.com.ar\/portal\/peugeot-3008-tecnologia-y-seguridad-de-ultima-generacion\/","title":{"rendered":"PEUGEOT 3008: TECNOLOG\u00cdA Y SEGURIDAD DE \u00daLTIMA GENERACI\u00d3N"},"content":{"rendered":"<p><span style=\"font-weight: 400;\">El SUV PEUGEOT 3008 tiene un marcado lenguaje de dise\u00f1o de la marca en su frente, m\u00e1s tecnolog\u00eda y un sistema de primer nivel de asistencias a la conducci\u00f3n.<\/span><\/p>\n<p><img decoding=\"async\" class=\"wp-image-50588 aligncenter lazyload\" data-src=\"https:\/\/www.lasrosas.com.ar\/portal\/wp-content\/uploads\/2-27.jpg\" alt=\"\" width=\"694\" height=\"694\" data-srcset=\"https:\/\/www.lasrosas.com.ar\/portal\/wp-content\/uploads\/2-27.jpg 1080w, https:\/\/www.lasrosas.com.ar\/portal\/wp-content\/uploads\/2-27-960x960.jpg 960w\" data-sizes=\"(max-width: 694px) 100vw, 694px\" src=\"data:image\/svg+xml;base64,PHN2ZyB3aWR0aD0iMSIgaGVpZ2h0PSIxIiB4bWxucz0iaHR0cDovL3d3dy53My5vcmcvMjAwMC9zdmciPjwvc3ZnPg==\" style=\"--smush-placeholder-width: 694px; --smush-placeholder-aspect-ratio: 694\/694;\" \/><\/p>\n<p><span style=\"font-weight: 400;\">Oriundo de la planta industrial de Sochaux, Francia, el modelo muestra un dise\u00f1o frontal con un marcado estilo felino, que va un paso adelante en t\u00e9rminos estil\u00edsticos y establece los c\u00f3digos para una nueva modernidad, al tiempo que aumenta el refinamiento y el dinamismo.<\/span><\/p>\n<p><span style=\"font-weight: 400;\">Su parrilla simboliza el estilo cada vez m\u00e1s moderno, al tiempo que mantiene un dise\u00f1o fluido. En palabras del dise\u00f1ador, se extiende con aletas bajo los faros para conectar todos los elementos. Y, por \u00faltimo, el cap\u00f3 ahora luce con orgullo el logotipo del modelo.<\/span><\/p>\n<p><span style=\"font-weight: 400;\">Para enfatizar su deportividad, en el paragolpes se incluyen entradas de aire laterales enmarcadas en color negro brillante y embellecedores pintados.<\/span><\/p>\n<p><img decoding=\"async\" class=\"wp-image-50585 aligncenter lazyload\" data-src=\"https:\/\/www.lasrosas.com.ar\/portal\/wp-content\/uploads\/3-25.jpg\" alt=\"\" width=\"780\" height=\"781\" data-srcset=\"https:\/\/www.lasrosas.com.ar\/portal\/wp-content\/uploads\/3-25.jpg 1080w, https:\/\/www.lasrosas.com.ar\/portal\/wp-content\/uploads\/3-25-960x960.jpg 960w\" data-sizes=\"(max-width: 780px) 100vw, 780px\" src=\"data:image\/svg+xml;base64,PHN2ZyB3aWR0aD0iMSIgaGVpZ2h0PSIxIiB4bWxucz0iaHR0cDovL3d3dy53My5vcmcvMjAwMC9zdmciPjwvc3ZnPg==\" style=\"--smush-placeholder-width: 780px; --smush-placeholder-aspect-ratio: 780\/781;\" \/><\/p>\n<p><span style=\"font-weight: 400;\">Los faros delanteros se muestran agresivos y logran distanciarse a\u00fan m\u00e1s de los c\u00f3digos actuales. Incluyen tecnolog\u00eda LED y se ampl\u00edan con DRL (luces diurnas) en forma de colmillo con punta cromada. Esta firma lum\u00ednica est\u00e1 perfectamente alineada con el estilo actual de PEUGEOT y es identificable a primera vista.<\/span><\/p>\n<p><b>Interior refinado<\/b><\/p>\n<p><span style=\"font-weight: 400;\">El PEUGEOT 3008 muestra m\u00faltiples detalles en su interior. El i-Cockpit\u00ae cambia para ser a\u00fan m\u00e1s moderno y de alta gama:<\/span><\/p>\n<p><span style=\"font-weight: 400;\">Cuadro de mandos digital de 12,3 pulgadas, totalmente personalizable y configurable, que presenta una instrumentaci\u00f3n digital con tecnolog\u00eda \u00abNormally Black\u00bb para im\u00e1genes de alta calidad, con mayor legibilidad y contraste.<\/span><\/p>\n<p><span style=\"font-weight: 400;\">La nueva pantalla t\u00e1ctil central tiene un tama\u00f1o de 10\u201d. La pantalla es de alta definici\u00f3n e incluye siete elegantes teclas tipo piano como \u201cbotones de acceso\u201d directo a las principales funciones de confort: radio, aire acondicionado, navegaci\u00f3n conectada en 3D y comandos por voz, configuraci\u00f3n del veh\u00edculo, tel\u00e9fono, aplicaciones y luces de advertencia de peligro.<\/span><\/p>\n<p><img decoding=\"async\" class=\"wp-image-50586 aligncenter lazyload\" data-src=\"https:\/\/www.lasrosas.com.ar\/portal\/wp-content\/uploads\/4-28.jpg\" alt=\"\" width=\"774\" height=\"967\" data-srcset=\"https:\/\/www.lasrosas.com.ar\/portal\/wp-content\/uploads\/4-28.jpg 1080w, https:\/\/www.lasrosas.com.ar\/portal\/wp-content\/uploads\/4-28-768x960.jpg 768w\" data-sizes=\"(max-width: 774px) 100vw, 774px\" src=\"data:image\/svg+xml;base64,PHN2ZyB3aWR0aD0iMSIgaGVpZ2h0PSIxIiB4bWxucz0iaHR0cDovL3d3dy53My5vcmcvMjAwMC9zdmciPjwvc3ZnPg==\" style=\"--smush-placeholder-width: 774px; --smush-placeholder-aspect-ratio: 774\/967;\" \/><\/p>\n<p><span style=\"font-weight: 400;\">Todos los motores con caja de cambios autom\u00e1tica ahora ofrecen de serie el selector de modos de conducci\u00f3n que, emplazado en la consola central, permite al conductor elegir entre Normal, Sport y Eco.<\/span><\/p>\n<p><span style=\"font-weight: 400;\">Para subrayar la modernizaci\u00f3n del i-Cockpit, esta actualizaci\u00f3n se refleja en el interior con nuevos acabados, que contribuyen al nivel de calidad percibido y al atractivo del habit\u00e1culo.<\/span><\/p>\n<p><b>Tecnolog\u00eda inteligente<\/b><\/p>\n<p><span style=\"font-weight: 400;\">La oferta de tecnolog\u00edas a bordo se completa con ayudas a la conducci\u00f3n de \u00faltima generaci\u00f3n:<\/span><\/p>\n<ul>\n<li style=\"font-weight: 400;\" aria-level=\"1\"><span style=\"font-weight: 400;\">Control de crucero adaptativo: Un radar implantado en el centro del paragolpes delantero con un alcance de 150 metros permite, a trav\u00e9s del regulador de velocidad activo.<\/span><\/li>\n<li style=\"font-weight: 400;\" aria-level=\"1\"><span style=\"font-weight: 400;\">Asistencia al mantenimiento de carril: Una c\u00e1mara infrarroja ubicada en el parabrisas del veh\u00edculo detecta las l\u00edneas de la ruta. Si se circula a una velocidad entre 65 Km\/h y 180 Km\/h, la direcci\u00f3n act\u00faa progresivamente para mantener el veh\u00edculo centrado en su carril.<\/span><\/li>\n<li style=\"font-weight: 400;\" aria-level=\"1\"><span style=\"font-weight: 400;\">Frenado autom\u00e1tico de emergencia de \u00faltima generaci\u00f3n (detecta peatones y ciclistas, de d\u00eda y de noche, entre 5 y 140 km\/h seg\u00fan la versi\u00f3n) con aviso de riesgo de colisi\u00f3n.<\/span><\/li>\n<li style=\"font-weight: 400;\" aria-level=\"1\"><span style=\"font-weight: 400;\">Visiopark con c\u00e1maras de visi\u00f3n delantera y trasera de 360\u00b0.<\/span><\/li>\n<li style=\"font-weight: 400;\" aria-level=\"1\"><span style=\"font-weight: 400;\">Park Assist, asistente activo para estacionamiento en l\u00ednea o en bater\u00eda.<\/span><\/li>\n<li style=\"font-weight: 400;\" aria-level=\"1\"><span style=\"font-weight: 400;\">Alerta de atenci\u00f3n del conductor, para detectar el estado de alerta del conductor durante largos tiempos de conducci\u00f3n y a velocidades superiores a 65 km\/h mediante el an\u00e1lisis de los micro-movimientos del volante.<\/span><\/li>\n<li style=\"font-weight: 400;\" aria-level=\"1\"><span style=\"font-weight: 400;\">Cambio autom\u00e1tico de luces de cruce y de ruta.<\/span><\/li>\n<li style=\"font-weight: 400;\" aria-level=\"1\"><span style=\"font-weight: 400;\">Reconocimiento y recomendaci\u00f3n de se\u00f1ales de velocidad.<\/span><\/li>\n<li style=\"font-weight: 400;\" aria-level=\"1\"><span style=\"font-weight: 400;\">Sistema activo de vigilancia del \u00e1ngulo muerto (con correcci\u00f3n de trayectoria). Esta funci\u00f3n est\u00e1 disponible a partir de 12 km\/h.<\/span><\/li>\n<li style=\"font-weight: 400;\" aria-level=\"1\"><span style=\"font-weight: 400;\">Advanced Grip Control, control de tracci\u00f3n optimizado con 4 modos de uso (Normal, Nieve, Barro, Arena) y neum\u00e1ticos espec\u00edficos.<\/span><\/li>\n<li style=\"font-weight: 400;\" aria-level=\"1\"><span style=\"font-weight: 400;\">Hill Assist Descent Control (HADC) permite controlar de forma segura y perfecta la trayectoria del veh\u00edculo en pendientes pronunciadas.<\/span><\/li>\n<li style=\"font-weight: 400;\" aria-level=\"1\"><span style=\"font-weight: 400;\">Port\u00f3n trasero motorizado con funci\u00f3n brazos cargados.<\/span><\/li>\n<li style=\"font-weight: 400;\" aria-level=\"1\"><span style=\"font-weight: 400;\">Techo panor\u00e1mico cielo con apertura el\u00e9ctrica.<\/span><\/li>\n<li style=\"font-weight: 400;\" aria-level=\"1\"><span style=\"font-weight: 400;\">Asientos con regulaci\u00f3n el\u00e9ctrica, calefaccionados, con masajeador de 8 puntos y memoria.<\/span><\/li>\n<li style=\"font-weight: 400;\" aria-level=\"1\"><span style=\"font-weight: 400;\">Freno de mano el\u00e9ctrico.<\/span><\/li>\n<\/ul>\n<p><img decoding=\"async\" class=\"wp-image-50587 aligncenter lazyload\" data-src=\"https:\/\/www.lasrosas.com.ar\/portal\/wp-content\/uploads\/5-21.jpg\" alt=\"\" width=\"809\" height=\"1011\" data-srcset=\"https:\/\/www.lasrosas.com.ar\/portal\/wp-content\/uploads\/5-21.jpg 1080w, https:\/\/www.lasrosas.com.ar\/portal\/wp-content\/uploads\/5-21-768x960.jpg 768w\" data-sizes=\"(max-width: 809px) 100vw, 809px\" src=\"data:image\/svg+xml;base64,PHN2ZyB3aWR0aD0iMSIgaGVpZ2h0PSIxIiB4bWxucz0iaHR0cDovL3d3dy53My5vcmcvMjAwMC9zdmciPjwvc3ZnPg==\" style=\"--smush-placeholder-width: 809px; --smush-placeholder-aspect-ratio: 809\/1011;\" \/><\/p>\n<p><span style=\"font-weight: 400;\">AVEC, concesionaria oficial de Peugeot, ubicada en Av. Castro Barros 1155.<\/span><\/p>\n<p><span style=\"font-weight: 400;\">Comunicate por WhatsApp al <\/span><span style=\"font-weight: 400;\">351 7422020<\/span><span style=\"font-weight: 400;\">.<\/span><\/p>\n<p><span style=\"font-weight: 400;\">Para m\u00e1s informaci\u00f3n, pod\u00e9s ingresar a <\/span><a href=\"https:\/\/avecpeugeot.com.ar\/\"><span style=\"font-weight: 400;\">https:\/\/avecpeugeot.com.ar\/<\/span><\/a><\/p>\n<!-- AddThis Advanced Settings generic via filter on the_content --><!-- AddThis Share Buttons generic via filter on the_content -->","protected":false},"excerpt":{"rendered":"<p>El SUV PEUGEOT 3008 tiene un marcado lenguaje de dise\u00f1o de la marca en su frente, m\u00e1s tecnolog\u00eda y un sistema de primer nivel de asistencias a la conducci\u00f3n. Oriundo de la planta industrial de Sochaux, Francia, el modelo muestra un dise\u00f1o frontal con un marcado estilo felino, que va un paso adelante en t\u00e9rminos [&hellip;]<!-- AddThis Advanced Settings generic via filter on get_the_excerpt --><!-- AddThis Share Buttons generic via filter on get_the_excerpt --><\/p>\n","protected":false},"author":6,"featured_media":50589,"comment_status":"closed","ping_status":"open","sticky":false,"template":"","format":"standard","meta":{"_acf_changed":false,"om_disable_all_campaigns":false,"_monsterinsights_skip_tracking":false,"_monsterinsights_sitenote_active":false,"_monsterinsights_sitenote_note":"","_monsterinsights_sitenote_category":0,"_uf_show_specific_survey":0,"_uf_disable_surveys":false,"footnotes":""},"categories":[240,100],"tags":[],"class_list":["post-50583","post","type-post","status-publish","format-standard","has-post-thumbnail","hentry","category-gc1","category-noticias"],"acf":[],"aioseo_notices":[],"_links":{"self":[{"href":"https:\/\/www.lasrosas.com.ar\/portal\/wp-json\/wp\/v2\/posts\/50583","targetHints":{"allow":["GET"]}}],"collection":[{"href":"https:\/\/www.lasrosas.com.ar\/portal\/wp-json\/wp\/v2\/posts"}],"about":[{"href":"https:\/\/www.lasrosas.com.ar\/portal\/wp-json\/wp\/v2\/types\/post"}],"author":[{"embeddable":true,"href":"https:\/\/www.lasrosas.com.ar\/portal\/wp-json\/wp\/v2\/users\/6"}],"replies":[{"embeddable":true,"href":"https:\/\/www.lasrosas.com.ar\/portal\/wp-json\/wp\/v2\/comments?post=50583"}],"version-history":[{"count":0,"href":"https:\/\/www.lasrosas.com.ar\/portal\/wp-json\/wp\/v2\/posts\/50583\/revisions"}],"wp:featuredmedia":[{"embeddable":true,"href":"https:\/\/www.lasrosas.com.ar\/portal\/wp-json\/wp\/v2\/media\/50589"}],"wp:attachment":[{"href":"https:\/\/www.lasrosas.com.ar\/portal\/wp-json\/wp\/v2\/media?parent=50583"}],"wp:term":[{"taxonomy":"category","embeddable":true,"href":"https:\/\/www.lasrosas.com.ar\/portal\/wp-json\/wp\/v2\/categories?post=50583"},{"taxonomy":"post_tag","embeddable":true,"href":"https:\/\/www.lasrosas.com.ar\/portal\/wp-json\/wp\/v2\/tags?post=50583"}],"curies":[{"name":"wp","href":"https:\/\/api.w.org\/{rel}","templated":true}]}}