{"id":5053,"date":"2018-07-18T11:59:05","date_gmt":"2018-07-18T14:59:05","guid":{"rendered":"https:\/\/www.lasrosas.com.ar\/portal\/?p=5053"},"modified":"2018-08-13T23:32:59","modified_gmt":"2018-08-14T02:32:59","slug":"dos-en-uno-modo-casa-y-avanti-cuida-tu-ingreso","status":"publish","type":"post","link":"https:\/\/www.lasrosas.com.ar\/portal\/dos-en-uno-modo-casa-y-avanti-cuida-tu-ingreso\/","title":{"rendered":"MODO CASA (EL PROYECTO) y AVANTI CUIDA TU INGRESO"},"content":{"rendered":"<h3>Estudio Modo Casa es liderado por los dise\u00f1adores Gustavo Yankelevich y M\u00e1ximo Ferraro y equipo. Especialmente, esta obra propone un gran desaf\u00edo. El dise\u00f1o est\u00e1 pensado en colores neutros y c\u00e1lidos. Una apuesta a la combinaci\u00f3n de materiales y terminaciones. Adem\u00e1s, se lanz\u00f3 la app Avanti para gestionar las entradas y salidas a barrios y clubes privados.<\/h3>\n<p><img decoding=\"async\" class=\"alignnone size-medium wp-image-5055 lazyload\" data-src=\"https:\/\/www.lasrosas.com.ar\/portal\/wp-content\/uploads\/P2A6911-960x593.jpg\" alt=\"\" width=\"960\" height=\"593\" data-srcset=\"https:\/\/www.lasrosas.com.ar\/portal\/wp-content\/uploads\/P2A6911-960x593.jpg 960w, https:\/\/www.lasrosas.com.ar\/portal\/wp-content\/uploads\/P2A6911.jpg 1377w\" data-sizes=\"(max-width: 960px) 100vw, 960px\" src=\"data:image\/svg+xml;base64,PHN2ZyB3aWR0aD0iMSIgaGVpZ2h0PSIxIiB4bWxucz0iaHR0cDovL3d3dy53My5vcmcvMjAwMC9zdmciPjwvc3ZnPg==\" style=\"--smush-placeholder-width: 960px; --smush-placeholder-aspect-ratio: 960\/593;\" \/><\/p>\n<p>En el living se decidi\u00f3 armar la zona de sof\u00e1 con diferentes elementos para que en un mismo espacio se puedan desarrollar diferentes actividades. Un sof\u00e1 lineal tambi\u00e9n en colores neutros, acompa\u00f1ado de un mueble de madera laqueada brillante color marfil.<br \/>\nLos detalles en dorado, como en bases de mesas, centro o bandejas y artefactos de iluminaci\u00f3n le dan un toque distinguido.<br \/>\nEl revestimiento de madera laqueada recorre e integra el living y comedor generando un envolvente, c\u00e1lido y amable.<\/p>\n<p>En el comedor se desarrolla una mesa de puntas redondeadas, en madera lustrada con tapa de m\u00e1rmol calacatta dorado, complementada por sillas tapizadas en dos g\u00e9neros (liso y otro con trama en espalda).<\/p>\n<p>La iluminaci\u00f3n es clave, resalta cada detalle. Para aprovechar y resaltar la luz que ingresa a la cocina, a los colores claros es mejor combinarlos con madera tanto en el piso como en los muebles de cocina.<\/p>\n<p>Fusionar la madera laqueada gris y la de roble natural crea un espacio que invita a quedarte y disfrutarlo.<br \/>\nEl escritorio pensado para los chicos (5 y 10 a\u00f1os) rompe con lo tradicional. La biblioteca en melamina curva cuenta con detalles amarillos pensados para estudiar pero que invita a jugar.<\/p>\n<p><img decoding=\"async\" class=\"alignnone size-medium wp-image-5054 lazyload\" data-src=\"https:\/\/www.lasrosas.com.ar\/portal\/wp-content\/uploads\/P2A6896-960x624.jpg\" alt=\"\" width=\"960\" height=\"624\" data-srcset=\"https:\/\/www.lasrosas.com.ar\/portal\/wp-content\/uploads\/P2A6896-960x624.jpg 960w, https:\/\/www.lasrosas.com.ar\/portal\/wp-content\/uploads\/P2A6896.jpg 1376w\" data-sizes=\"(max-width: 960px) 100vw, 960px\" src=\"data:image\/svg+xml;base64,PHN2ZyB3aWR0aD0iMSIgaGVpZ2h0PSIxIiB4bWxucz0iaHR0cDovL3d3dy53My5vcmcvMjAwMC9zdmciPjwvc3ZnPg==\" style=\"--smush-placeholder-width: 960px; --smush-placeholder-aspect-ratio: 960\/624;\" \/><\/p>\n<p><strong>Avanti<\/strong> es la nueva app para propietarios e invitados con la seguridad del barrio. Brinda mayor control y menos demoras en los ingresos.<br \/>\nFacilita el proceso de ingreso y egreso a los countries a trav\u00e9s de una plataforma con c\u00f3digos QR.<\/p>\n<p>El personal de seguridad evita la carga repetitiva de datos y la llamada telef\u00f3nica al propietario para autorizar a una visita.<br \/>\nAcelera el proceso de check-in y cuenta con un mapa digital de indicaciones para que el invitado llegue a su destino.<br \/>\nAdem\u00e1s, permite detectar qui\u00e9nes enviaron los pases de ingreso y hacer seguimiento de los ingresos directos.<\/p>\n<p><img decoding=\"async\" class=\"alignnone size-medium wp-image-5057 lazyload\" data-src=\"https:\/\/www.lasrosas.com.ar\/portal\/wp-content\/uploads\/Avanti-Imagen-960x639.jpg\" alt=\"\" width=\"960\" height=\"639\" data-srcset=\"https:\/\/www.lasrosas.com.ar\/portal\/wp-content\/uploads\/Avanti-Imagen-960x639.jpg 960w, https:\/\/www.lasrosas.com.ar\/portal\/wp-content\/uploads\/Avanti-Imagen.jpg 1280w\" data-sizes=\"(max-width: 960px) 100vw, 960px\" src=\"data:image\/svg+xml;base64,PHN2ZyB3aWR0aD0iMSIgaGVpZ2h0PSIxIiB4bWxucz0iaHR0cDovL3d3dy53My5vcmcvMjAwMC9zdmciPjwvc3ZnPg==\" style=\"--smush-placeholder-width: 960px; --smush-placeholder-aspect-ratio: 960\/639;\" \/><\/p>\n<!-- AddThis Advanced Settings generic via filter on the_content --><!-- AddThis Share Buttons generic via filter on the_content -->","protected":false},"excerpt":{"rendered":"<p>Estudio Modo Casa es liderado por los dise\u00f1adores Gustavo Yankelevich y M\u00e1ximo Ferraro y equipo. Especialmente, esta obra propone un gran desaf\u00edo. El dise\u00f1o est\u00e1 pensado en colores neutros y c\u00e1lidos. Una apuesta a la combinaci\u00f3n de materiales y terminaciones. Adem\u00e1s, se lanz\u00f3 la app Avanti para gestionar las entradas y salidas a barrios y [&hellip;]<!-- AddThis Advanced Settings generic via filter on get_the_excerpt --><!-- AddThis Share Buttons generic via filter on get_the_excerpt --><\/p>\n","protected":false},"author":6,"featured_media":5056,"comment_status":"closed","ping_status":"open","sticky":false,"template":"","format":"standard","meta":{"_acf_changed":false,"om_disable_all_campaigns":false,"_monsterinsights_skip_tracking":false,"_monsterinsights_sitenote_active":false,"_monsterinsights_sitenote_note":"","_monsterinsights_sitenote_category":0,"_uf_show_specific_survey":0,"_uf_disable_surveys":false,"footnotes":""},"categories":[31],"tags":[],"class_list":["post-5053","post","type-post","status-publish","format-standard","has-post-thumbnail","hentry","category-arquitectura-decoracion"],"acf":[],"aioseo_notices":[],"_links":{"self":[{"href":"https:\/\/www.lasrosas.com.ar\/portal\/wp-json\/wp\/v2\/posts\/5053","targetHints":{"allow":["GET"]}}],"collection":[{"href":"https:\/\/www.lasrosas.com.ar\/portal\/wp-json\/wp\/v2\/posts"}],"about":[{"href":"https:\/\/www.lasrosas.com.ar\/portal\/wp-json\/wp\/v2\/types\/post"}],"author":[{"embeddable":true,"href":"https:\/\/www.lasrosas.com.ar\/portal\/wp-json\/wp\/v2\/users\/6"}],"replies":[{"embeddable":true,"href":"https:\/\/www.lasrosas.com.ar\/portal\/wp-json\/wp\/v2\/comments?post=5053"}],"version-history":[{"count":0,"href":"https:\/\/www.lasrosas.com.ar\/portal\/wp-json\/wp\/v2\/posts\/5053\/revisions"}],"wp:featuredmedia":[{"embeddable":true,"href":"https:\/\/www.lasrosas.com.ar\/portal\/wp-json\/wp\/v2\/media\/5056"}],"wp:attachment":[{"href":"https:\/\/www.lasrosas.com.ar\/portal\/wp-json\/wp\/v2\/media?parent=5053"}],"wp:term":[{"taxonomy":"category","embeddable":true,"href":"https:\/\/www.lasrosas.com.ar\/portal\/wp-json\/wp\/v2\/categories?post=5053"},{"taxonomy":"post_tag","embeddable":true,"href":"https:\/\/www.lasrosas.com.ar\/portal\/wp-json\/wp\/v2\/tags?post=5053"}],"curies":[{"name":"wp","href":"https:\/\/api.w.org\/{rel}","templated":true}]}}