{"id":50462,"date":"2022-04-20T15:47:23","date_gmt":"2022-04-20T18:47:23","guid":{"rendered":"https:\/\/www.lasrosas.com.ar\/portal\/?p=50462"},"modified":"2022-04-20T15:47:23","modified_gmt":"2022-04-20T18:47:23","slug":"te-contamos-cual-es-el-dress-code-de-la-met-gala-2022","status":"publish","type":"post","link":"https:\/\/www.lasrosas.com.ar\/portal\/te-contamos-cual-es-el-dress-code-de-la-met-gala-2022\/","title":{"rendered":"TE CONTAMOS CU\u00c1L ES EL \u201cDRESS CODE\u201d DE LA MET GALA 2022 \u00a0"},"content":{"rendered":"<p>El Costume Institute del museo Metropolitan ha dado a conocer el c\u00f3digo de vestimenta oficial para la Gala del Met de 2022, que dar\u00e1 paso a la exposici\u00f3n \u201cIn America: An Anthology of Fashion\u201d<\/p>\n<p>En la parte inferior de las invitaciones de la Gala del Met que se env\u00edan cada primavera figura una inscripci\u00f3n peque\u00f1a en tama\u00f1o pero vital en importancia: el c\u00f3digo de vestimenta. En 2020, para \u00abCamp: Notes on Fashion\u00bb (\u00abEl camp: Apuntes sobre moda) era una estudiada trivialidad. En 2021, para \u00abIn America: A Lexicon on Fashion\u00bb, (\u00abEl l\u00e9xico de la moda estadounidense\u00bb). fue la independencia del pa\u00eds. Y el 2 de mayo de 2022, con motivo de \u00abIn America: An Anthology of Fashion\u00bb (\u00abAntolog\u00eda de la moda estadounidense\u00bb), la etiqueta ser\u00e1 el glamour de la Edad del Oro.<\/p>\n<p>As\u00ed que ya sabes: toca desempolvar las novelas La edad de la inocencia y La casa de la alegr\u00eda que Edith Wharton public\u00f3 a principios del siglo XX. La Met Gala de 2022 pedir\u00e1 a sus asistentes que encarnen la grandeza, y quiz\u00e1 la dicotom\u00eda del Nueva York de la Edad del Oro.<\/p>\n<p>Para las altas esferas, la moda de la \u00e9poca se defin\u00eda por el exceso. La invenci\u00f3n de los telares el\u00e9ctricos y de vapor abarataron y aceleraron la fabricaci\u00f3n de los tejidos. En consecuencia, los vestidos sol\u00edan combinar varios de ellos (raso, seda, terciopelo o flecos) e incorporaban adornos como encajes, lazos y volantes, de acuerdo con el edicto oficioso: m\u00e1s, es m\u00e1s.<\/p>\n<p>Los colores destacaban por su riqueza, con multitud de tonos joya intensos. Los claros solo se llevaban en casa, ya que eran poco pr\u00e1cticos para caminar por las calles de Nueva York. Hab\u00eda que salir con sombrero, que los neoyorkinos sol\u00edan adornar con plumas; de hecho, en 1895 se fund\u00f3 la Sociedad Audubon, cuyo objetivo era proteger a las aves frente al mercado de los sombreros. Los cors\u00e9s eran ubicuos y entre 1870 y finales de la d\u00e9cada de 1880 las mujeres usaron polisones para alargar sus traseros: se dec\u00eda que un polis\u00f3n deb\u00eda ser lo suficientemente grande como para albergar un servicio de t\u00e9. En la d\u00e9cada de 1890 los polisones perdieron fuelle y fueron sustituidos por las mangas de borreguito, faldas con grandes vol\u00famenes y peinados con copete. Esta est\u00e9tica se populariz\u00f3 a\u00fan m\u00e1s gracias a Charles Dana Gibson, cuyas ilustraciones a pluma de la \u201cGibson Girl\u201d, con su silueta de reloj de arena, figuraban por doquier en la prensa y la publicidad.<\/p>\n\r\n\t\t<style type='text\/css'>\r\n\t\t\t#gallery-1 {\r\n\t\t\t\tmargin: auto;\r\n\t\t\t}\r\n\t\t\t#gallery-1 .gallery-item {\r\n\t\t\t\tfloat: left;\r\n\t\t\t\tmargin-top: 10px;\r\n\t\t\t\ttext-align: center;\r\n\t\t\t\twidth: 50%;\r\n\t\t\t}\r\n\t\t\t#gallery-1 img {\r\n\t\t\t\tborder: 2px solid #cfcfcf;\r\n\t\t\t}\r\n\t\t\t#gallery-1 .gallery-caption {\r\n\t\t\t\tmargin-left: 0;\r\n\t\t\t}\r\n\t\t<\/style>\r\n\t\t<!-- see gallery_shortcode() in wp-includes\/media.php -->\n\t\t<div id='gallery-1' class='gallery galleryid-50462 gallery-columns-2 gallery-size-full gallery1'><script type=\"text\/javascript\">\r\n\/\/ <![CDATA[\r\n\tjQuery(document).ready(function () {\r\n\t\tjQuery(\".gallery1 a\").attr(\"rel\",\"gallery1\");\t\r\n\t\tjQuery('a[rel=\"gallery1\"]').colorbox({maxWidth:\"95%\", maxHeight:\"95%\",title: function(){ return jQuery(this).children().attr(\"alt\"); }, });\r\n\t});\r\n\/\/ ]]>\r\n<\/script>\n<dl class=\"gallery-item\">\n<dt class=\"gallery-icon\">\r\n<a href=\"https:\/\/www.lasrosas.com.ar\/portal\/wp-content\/uploads\/WhatsApp-Image-2022-04-20-at-3.37.39-PM-3-e1650479984519.jpeg\" title=\"\" rel=\"gallery1\"><img decoding=\"async\" data-src=\"https:\/\/www.lasrosas.com.ar\/portal\/wp-content\/uploads\/WhatsApp-Image-2022-04-20-at-3.37.39-PM-3-e1650479984519.jpeg\" width=\"846\" height=\"1030\" alt=\"\" src=\"data:image\/svg+xml;base64,PHN2ZyB3aWR0aD0iMSIgaGVpZ2h0PSIxIiB4bWxucz0iaHR0cDovL3d3dy53My5vcmcvMjAwMC9zdmciPjwvc3ZnPg==\" class=\"lazyload\" style=\"--smush-placeholder-width: 846px; --smush-placeholder-aspect-ratio: 846\/1030;\" \/><\/a>\r\n<\/dt><\/dl><dl class=\"gallery-item\">\n<dt class=\"gallery-icon\">\r\n<a href=\"https:\/\/www.lasrosas.com.ar\/portal\/wp-content\/uploads\/WhatsApp-Image-2022-04-20-at-3.37.39-PM-2.jpeg\" title=\"\" rel=\"gallery1\"><img decoding=\"async\" data-src=\"https:\/\/www.lasrosas.com.ar\/portal\/wp-content\/uploads\/WhatsApp-Image-2022-04-20-at-3.37.39-PM-2.jpeg\" width=\"1078\" height=\"1280\" alt=\"\" src=\"data:image\/svg+xml;base64,PHN2ZyB3aWR0aD0iMSIgaGVpZ2h0PSIxIiB4bWxucz0iaHR0cDovL3d3dy53My5vcmcvMjAwMC9zdmciPjwvc3ZnPg==\" class=\"lazyload\" style=\"--smush-placeholder-width: 1078px; --smush-placeholder-aspect-ratio: 1078\/1280;\" \/><\/a>\r\n<\/dt><\/dl><br style=\"clear: both\" \/>\r\n\t\t<\/div>\n\n<p>No quiere esto decir que en la Edad Dorada solo se vistiera ropa formal. A medida que actividades como el ciclismo y el tenis se se asentaron en las rutinas de la clase acomodada, la ropa deportiva se convirti\u00f3 por primera vez en una parte fundamental del vestuario. Muchas mujeres empezaron llevar conjuntos de blusa y falda larga que les permit\u00eda moverse m\u00e1s f\u00e1cilmente, como podemos ver en el retrato que John Singer Sargent pint\u00f3 en 1897 de Edith Minturn, una adinerada mujer de la Edad del Oro.<\/p>\n<p>El tiempo dir\u00e1 c\u00f3mo declinan este c\u00f3digo de vestimenta los invitados de la Met Gala de este a\u00f1o cuando lleguen al ilustre museo el primer lunes de mayo.<\/p>\n\r\n\t\t<style type='text\/css'>\r\n\t\t\t#gallery-2 {\r\n\t\t\t\tmargin: auto;\r\n\t\t\t}\r\n\t\t\t#gallery-2 .gallery-item {\r\n\t\t\t\tfloat: left;\r\n\t\t\t\tmargin-top: 10px;\r\n\t\t\t\ttext-align: center;\r\n\t\t\t\twidth: 50%;\r\n\t\t\t}\r\n\t\t\t#gallery-2 img {\r\n\t\t\t\tborder: 2px solid #cfcfcf;\r\n\t\t\t}\r\n\t\t\t#gallery-2 .gallery-caption {\r\n\t\t\t\tmargin-left: 0;\r\n\t\t\t}\r\n\t\t<\/style>\r\n\t\t<!-- see gallery_shortcode() in wp-includes\/media.php -->\n\t\t<div id='gallery-2' class='gallery galleryid-50462 gallery-columns-2 gallery-size-full gallery1'><script type=\"text\/javascript\">\r\n\/\/ <![CDATA[\r\n\tjQuery(document).ready(function () {\r\n\t\tjQuery(\".gallery1 a\").attr(\"rel\",\"gallery1\");\t\r\n\t\tjQuery('a[rel=\"gallery1\"]').colorbox({maxWidth:\"95%\", maxHeight:\"95%\",title: function(){ return jQuery(this).children().attr(\"alt\"); }, });\r\n\t});\r\n\/\/ ]]>\r\n<\/script>\n<dl class=\"gallery-item\">\n<dt class=\"gallery-icon\">\r\n<a href=\"https:\/\/www.lasrosas.com.ar\/portal\/wp-content\/uploads\/WhatsApp-Image-2022-04-20-at-3.37.39-PM-1-e1650480429832.jpeg\" title=\"\" rel=\"gallery1\"><img decoding=\"async\" data-src=\"https:\/\/www.lasrosas.com.ar\/portal\/wp-content\/uploads\/WhatsApp-Image-2022-04-20-at-3.37.39-PM-1-e1650480429832.jpeg\" width=\"1280\" height=\"646\" alt=\"\" src=\"data:image\/svg+xml;base64,PHN2ZyB3aWR0aD0iMSIgaGVpZ2h0PSIxIiB4bWxucz0iaHR0cDovL3d3dy53My5vcmcvMjAwMC9zdmciPjwvc3ZnPg==\" class=\"lazyload\" style=\"--smush-placeholder-width: 1280px; --smush-placeholder-aspect-ratio: 1280\/646;\" \/><\/a>\r\n<\/dt><\/dl><dl class=\"gallery-item\">\n<dt class=\"gallery-icon\">\r\n<a href=\"https:\/\/www.lasrosas.com.ar\/portal\/wp-content\/uploads\/WhatsApp-Image-2022-04-20-at-3.37.39-PM.jpeg\" title=\"\" rel=\"gallery1\"><img decoding=\"async\" data-src=\"https:\/\/www.lasrosas.com.ar\/portal\/wp-content\/uploads\/WhatsApp-Image-2022-04-20-at-3.37.39-PM.jpeg\" width=\"1280\" height=\"640\" alt=\"\" src=\"data:image\/svg+xml;base64,PHN2ZyB3aWR0aD0iMSIgaGVpZ2h0PSIxIiB4bWxucz0iaHR0cDovL3d3dy53My5vcmcvMjAwMC9zdmciPjwvc3ZnPg==\" class=\"lazyload\" style=\"--smush-placeholder-width: 1280px; --smush-placeholder-aspect-ratio: 1280\/640;\" \/><\/a>\r\n<\/dt><\/dl><br style=\"clear: both\" \/>\r\n\t\t<\/div>\n\n<!-- AddThis Advanced Settings generic via filter on the_content --><!-- AddThis Share Buttons generic via filter on the_content -->","protected":false},"excerpt":{"rendered":"<p>El Costume Institute del museo Metropolitan ha dado a conocer el c\u00f3digo de vestimenta oficial para la Gala del Met de 2022, que dar\u00e1 paso a la exposici\u00f3n \u201cIn America: An Anthology of Fashion\u201d En la parte inferior de las invitaciones de la Gala del Met que se env\u00edan cada primavera figura una inscripci\u00f3n peque\u00f1a [&hellip;]<!-- AddThis Advanced Settings generic via filter on get_the_excerpt --><!-- AddThis Share Buttons generic via filter on get_the_excerpt --><\/p>\n","protected":false},"author":6,"featured_media":50468,"comment_status":"closed","ping_status":"open","sticky":false,"template":"","format":"standard","meta":{"_acf_changed":false,"om_disable_all_campaigns":false,"_monsterinsights_skip_tracking":false,"_monsterinsights_sitenote_active":false,"_monsterinsights_sitenote_note":"","_monsterinsights_sitenote_category":0,"_uf_show_specific_survey":0,"_uf_disable_surveys":false,"footnotes":""},"categories":[234,100,30],"tags":[],"class_list":["post-50462","post","type-post","status-publish","format-standard","has-post-thumbnail","hentry","category-trend","category-noticias","category-moda"],"acf":[],"aioseo_notices":[],"_links":{"self":[{"href":"https:\/\/www.lasrosas.com.ar\/portal\/wp-json\/wp\/v2\/posts\/50462","targetHints":{"allow":["GET"]}}],"collection":[{"href":"https:\/\/www.lasrosas.com.ar\/portal\/wp-json\/wp\/v2\/posts"}],"about":[{"href":"https:\/\/www.lasrosas.com.ar\/portal\/wp-json\/wp\/v2\/types\/post"}],"author":[{"embeddable":true,"href":"https:\/\/www.lasrosas.com.ar\/portal\/wp-json\/wp\/v2\/users\/6"}],"replies":[{"embeddable":true,"href":"https:\/\/www.lasrosas.com.ar\/portal\/wp-json\/wp\/v2\/comments?post=50462"}],"version-history":[{"count":0,"href":"https:\/\/www.lasrosas.com.ar\/portal\/wp-json\/wp\/v2\/posts\/50462\/revisions"}],"wp:featuredmedia":[{"embeddable":true,"href":"https:\/\/www.lasrosas.com.ar\/portal\/wp-json\/wp\/v2\/media\/50468"}],"wp:attachment":[{"href":"https:\/\/www.lasrosas.com.ar\/portal\/wp-json\/wp\/v2\/media?parent=50462"}],"wp:term":[{"taxonomy":"category","embeddable":true,"href":"https:\/\/www.lasrosas.com.ar\/portal\/wp-json\/wp\/v2\/categories?post=50462"},{"taxonomy":"post_tag","embeddable":true,"href":"https:\/\/www.lasrosas.com.ar\/portal\/wp-json\/wp\/v2\/tags?post=50462"}],"curies":[{"name":"wp","href":"https:\/\/api.w.org\/{rel}","templated":true}]}}