{"id":48986,"date":"2022-03-18T13:24:14","date_gmt":"2022-03-18T16:24:14","guid":{"rendered":"https:\/\/www.lasrosas.com.ar\/portal\/?p=48986"},"modified":"2022-03-18T13:24:14","modified_gmt":"2022-03-18T16:24:14","slug":"por-primera-vez-natura-sera-sponsor-oficial-de-lollapalooza","status":"publish","type":"post","link":"https:\/\/www.lasrosas.com.ar\/portal\/por-primera-vez-natura-sera-sponsor-oficial-de-lollapalooza\/","title":{"rendered":"POR PRIMERA VEZ, NATURA SER\u00c1 SPONSOR OFICIAL DE LOLLAPALOOZA"},"content":{"rendered":"<p><em>El 18, 19 y 20 de marzo la marca desembarca en el festival m\u00e1s importante del pa\u00eds con una invitaci\u00f3n a unirnos por el mundo como lo hacemos por la m\u00fasica. Durante estos d\u00edas habr\u00e1 tambi\u00e9n un espacio propio en el que las personas podr\u00e1n vivir distintas experiencias y levantar la voz sobre los temas que las movilizan.<\/em><\/p>\n<p><strong>\u2013 <\/strong>Natura participa por primera vez de Lollapalooza, el festival m\u00e1s importante del pa\u00eds que nuclea a las bandas nacionales e internacionales m\u00e1s importantes del momento, que se realizar\u00e1 el 18, 19 y 20 de marzo en el Hip\u00f3dromo de San Isidro. La marca estar\u00e1 presente en estos tres d\u00edas de festival convocando a las personas a conectarse y unirse por el mundo de igual modo que lo hacen por la m\u00fasica. La compa\u00f1\u00eda tiene la convicci\u00f3n de que una marca de belleza puede hacer mucho por el mundo y desde ah\u00ed parte esta movilizaci\u00f3n para impulsar una uni\u00f3n colectiva transformadora que colabore con la construcci\u00f3n de un mundo mejor.<\/p>\n<p><em>\u201cBajo la premisa <strong>\u00bfY si nos unimos por el mundo como nos unimos por la m\u00fasica? <\/strong>buscamos que todas las personas que juntas se unen para cantar una misma canci\u00f3n puedan tambi\u00e9n hacerlo para transformar todo lo que las rodea. Invitamos a reflexionar sobre el planeta en el que vivimos y a impulsar las transformaciones que lo hagan m\u00e1s diverso, inclusivo y sostenible. Encontramos en la cultura y en la m\u00fasica un espacio de di\u00e1logo, identificaci\u00f3n y sentido de comunidad que permiten la creaci\u00f3n de puentes para construir un lugar m\u00e1s bonito; y nuestro desembarco en el Lollapalooza est\u00e1 en l\u00ednea con esto\u201d, <\/em>asegura <strong>Florencia Violini, Gerenta de Marketing de Natura Argentina<\/strong>.<\/p>\n<p><img decoding=\"async\" class=\"wp-image-48988 aligncenter lazyload\" data-src=\"https:\/\/www.lasrosas.com.ar\/portal\/wp-content\/uploads\/POR-EL-MUNDO.jpg\" alt=\"\" width=\"618\" height=\"618\" data-srcset=\"https:\/\/www.lasrosas.com.ar\/portal\/wp-content\/uploads\/POR-EL-MUNDO.jpg 1080w, https:\/\/www.lasrosas.com.ar\/portal\/wp-content\/uploads\/POR-EL-MUNDO-960x960.jpg 960w\" data-sizes=\"(max-width: 618px) 100vw, 618px\" src=\"data:image\/svg+xml;base64,PHN2ZyB3aWR0aD0iMSIgaGVpZ2h0PSIxIiB4bWxucz0iaHR0cDovL3d3dy53My5vcmcvMjAwMC9zdmciPjwvc3ZnPg==\" style=\"--smush-placeholder-width: 618px; --smush-placeholder-aspect-ratio: 618\/618;\" \/><\/p>\n<p>Durante los tres d\u00edas del festival, Natura propondr\u00e1 distintas experiencias dentro de un espacio que invita a ser un punto de encuentro con m\u00faltiples actividades para disfrutar en cualquier momento\u00a0del d\u00eda:\u00a0 el \u00e1rea <strong>Natura FACES, <\/strong>un espacio para conocer la l\u00ednea de maquillaje sin g\u00e9nero de la marca y lookearse con las tendencias de make up creadas exclusivamente para este evento; el muro \u201c<strong>Alz\u00e1 tu voz<\/strong>\u201d, en el que se podr\u00e1 escribir con fibras sustentables; la intervenci\u00f3n de <strong>Cypher<\/strong>, un grupo de artistas de improvisaci\u00f3n que recitar\u00e1 la \u201c<strong>Batalla de halagos<\/strong>\u201d para reforzar los mensajes de inclusi\u00f3n y uni\u00f3n; una hora por d\u00eda, el dise\u00f1ador, ilustrador, m\u00fasico, rapero y DJ, <strong>Yema Ice, <\/strong>estar\u00e1 presente interviniendo prendas en vivo y habr\u00e1 un <strong>DJ Set<\/strong> los tres d\u00edas de la mano de Anita B Queen. <em>\u201cNuestra invitaci\u00f3n es que cada persona pueda expresar su propia identidad, alzar la voz sobre las causas que los movilizan y encontrarse con otros, uni\u00e9ndonos por el mundo como por la m\u00fasica, y juntos ser el motor de transformaci\u00f3n social que necesitamos y que esta \u00e9poca nos demanda\u201d <\/em>refuerza <strong>Violini<\/strong>.<\/p>\n<p><strong>\u00bfC\u00d3MO SER PARTE DE LA EXPERIENCIA NATURA EN LOLLA?<\/strong><\/p>\n<p>Natura sortear\u00e1 20 pares de entradas <em>3 day pass<\/em> para asistir al festival y vivir la experiencia. Para participar, las personas deber\u00e1n apelar a su creatividad y realizar <strong>carteles activistas<\/strong> con frases inspiradas en el mensaje de la marca durante el Festival: <strong>#PorElMundoComoPorLaM\u00fasica<\/strong>. La propuesta es que estos carteles sean dise\u00f1ados digitalmente, o a partir de materiales ya existentes en sus casas, como prendas de ropa, madera, cart\u00f3n, entre otros. Los dise\u00f1os ser\u00e1n publicados en una galer\u00eda web, en la que todas las personas tendr\u00e1n acceso para votar a sus favoritos y quienes tengan m\u00e1s likes ser\u00e1n los ganadores. Para acceder a las bases y condiciones del sorteo, ingresar a <a href=\"http:\/\/www.naturaenlollaar.com.ar\/\"><strong>www.naturaenlollaar.com.ar<\/strong><\/a><\/p>\n<p>Para m\u00e1s informaci\u00f3n sobre la participaci\u00f3n de <strong>#NaturaEnLollaAr<\/strong>, ingres\u00e1 a <a href=\"https:\/\/www.instagram.com\/natura.argentina\/\">@natura.argentina<\/a> y enterate de todas las novedades que la marca tiene para el festival.<\/p>\n<p><strong>#NaturaEnLollaAr <\/strong><strong>#PorElMundoComoPorLaM\u00fasica<\/strong><\/p>\n<!-- AddThis Advanced Settings generic via filter on the_content --><!-- AddThis Share Buttons generic via filter on the_content -->","protected":false},"excerpt":{"rendered":"<p>El 18, 19 y 20 de marzo la marca desembarca en el festival m\u00e1s importante del pa\u00eds con una invitaci\u00f3n a unirnos por el mundo como lo hacemos por la m\u00fasica. Durante estos d\u00edas habr\u00e1 tambi\u00e9n un espacio propio en el que las personas podr\u00e1n vivir distintas experiencias y levantar la voz sobre los temas [&hellip;]<!-- AddThis Advanced Settings generic via filter on get_the_excerpt --><!-- AddThis Share Buttons generic via filter on get_the_excerpt --><\/p>\n","protected":false},"author":6,"featured_media":48988,"comment_status":"closed","ping_status":"open","sticky":false,"template":"","format":"standard","meta":{"_acf_changed":false,"om_disable_all_campaigns":false,"_monsterinsights_skip_tracking":false,"_monsterinsights_sitenote_active":false,"_monsterinsights_sitenote_note":"","_monsterinsights_sitenote_category":0,"_uf_show_specific_survey":0,"_uf_disable_surveys":false,"footnotes":""},"categories":[100],"tags":[],"class_list":["post-48986","post","type-post","status-publish","format-standard","has-post-thumbnail","hentry","category-noticias"],"acf":[],"aioseo_notices":[],"_links":{"self":[{"href":"https:\/\/www.lasrosas.com.ar\/portal\/wp-json\/wp\/v2\/posts\/48986","targetHints":{"allow":["GET"]}}],"collection":[{"href":"https:\/\/www.lasrosas.com.ar\/portal\/wp-json\/wp\/v2\/posts"}],"about":[{"href":"https:\/\/www.lasrosas.com.ar\/portal\/wp-json\/wp\/v2\/types\/post"}],"author":[{"embeddable":true,"href":"https:\/\/www.lasrosas.com.ar\/portal\/wp-json\/wp\/v2\/users\/6"}],"replies":[{"embeddable":true,"href":"https:\/\/www.lasrosas.com.ar\/portal\/wp-json\/wp\/v2\/comments?post=48986"}],"version-history":[{"count":0,"href":"https:\/\/www.lasrosas.com.ar\/portal\/wp-json\/wp\/v2\/posts\/48986\/revisions"}],"wp:featuredmedia":[{"embeddable":true,"href":"https:\/\/www.lasrosas.com.ar\/portal\/wp-json\/wp\/v2\/media\/48988"}],"wp:attachment":[{"href":"https:\/\/www.lasrosas.com.ar\/portal\/wp-json\/wp\/v2\/media?parent=48986"}],"wp:term":[{"taxonomy":"category","embeddable":true,"href":"https:\/\/www.lasrosas.com.ar\/portal\/wp-json\/wp\/v2\/categories?post=48986"},{"taxonomy":"post_tag","embeddable":true,"href":"https:\/\/www.lasrosas.com.ar\/portal\/wp-json\/wp\/v2\/tags?post=48986"}],"curies":[{"name":"wp","href":"https:\/\/api.w.org\/{rel}","templated":true}]}}