{"id":48660,"date":"2022-03-10T08:11:41","date_gmt":"2022-03-10T11:11:41","guid":{"rendered":"https:\/\/www.lasrosas.com.ar\/portal\/?p=48660"},"modified":"2022-03-10T08:11:41","modified_gmt":"2022-03-10T11:11:41","slug":"dia-mundial-del-rinon-informacion-y-controles-gratuitos-en-la-provincia","status":"publish","type":"post","link":"https:\/\/www.lasrosas.com.ar\/portal\/dia-mundial-del-rinon-informacion-y-controles-gratuitos-en-la-provincia\/","title":{"rendered":"D\u00cdA MUNDIAL DEL RI\u00d1\u00d3N: INFORMACI\u00d3N Y CONTROLES GRATUITOS EN LA PROVINCIA"},"content":{"rendered":"<p>Ser\u00e1n el jueves 10 de marzo, en hospitales y centros de di\u00e1lisis. La campa\u00f1a est\u00e1 impulsada por la Asociaci\u00f3n de Prestadores de Hemodi\u00e1lisis, la Sociedad de Nefrolog\u00eda de C\u00f3rdoba y Apross.<\/p>\n<p>Como cada a\u00f1o, el D\u00eda Mundial del Ri\u00f1\u00f3n es la oportunidad para concientizar sobre la necesidad de cuidar los ri\u00f1ones y evitar la enfermedad renal cr\u00f3nica (ERC), que va en aumento de la mano de la hipertensi\u00f3n y la diabetes.<\/p>\n<p><strong>En la Argentina, 1 de cada 8 personas<\/strong> \u2013alrededor de 5 millones- tiene ERC y <strong>la mitad no lo sabe.<\/strong><\/p>\n<p><strong>Las actividades de educaci\u00f3n y control que se realizar\u00e1n este jueves 10 de marzo<\/strong> en la capital y provincia de C\u00f3rdoba est\u00e1n promovidas por<strong> APHEYTRC<\/strong> (Asociaci\u00f3n de Prestadores de Hemodi\u00e1lisis y Trasplantes Renales de C\u00f3rdoba), la <strong>Sociedad de Nefrolog\u00eda y Tensi\u00f3n Arterial de C\u00f3rdoba, <\/strong>y<strong> Apross.<\/strong><\/p>\n<p>En los centros que as\u00ed lo dispongan, se realizar\u00e1n controles <strong>de la presi\u00f3n arterial, evaluaci\u00f3n de factores de riesgo y de antecedentes. <\/strong>Adem\u00e1s, personal capacitado brindar\u00e1 informaci\u00f3n acerca de las causas de la enfermedad renal cr\u00f3nica y su prevenci\u00f3n.<\/p>\n<p>El lema mundial de este a\u00f1o, impulsado por la Sociedad Internacional de Nefrolog\u00eda y la Federaci\u00f3n Internacional de Fundaciones Renales, es \u201cSalud renal para todos: acortemos la brecha de conocimiento para una mejor atenci\u00f3n de la enfermedad\u201d. La consigna es un llamado para alcanzar una cobertura de salud universal, especialmente para que se conozcan los factores de riesgo, las medidas de prevenci\u00f3n y para que se pueda llegar al tratamiento temprano de la enfermedad renal.<\/p>\n<p><img decoding=\"async\" class=\"wp-image-48662 aligncenter lazyload\" data-src=\"https:\/\/www.lasrosas.com.ar\/portal\/wp-content\/uploads\/DMDRlavoz.jpg\" alt=\"\" width=\"584\" height=\"585\" data-srcset=\"https:\/\/www.lasrosas.com.ar\/portal\/wp-content\/uploads\/DMDRlavoz.jpg 1191w, https:\/\/www.lasrosas.com.ar\/portal\/wp-content\/uploads\/DMDRlavoz-960x960.jpg 960w\" data-sizes=\"(max-width: 584px) 100vw, 584px\" src=\"data:image\/svg+xml;base64,PHN2ZyB3aWR0aD0iMSIgaGVpZ2h0PSIxIiB4bWxucz0iaHR0cDovL3d3dy53My5vcmcvMjAwMC9zdmciPjwvc3ZnPg==\" style=\"--smush-placeholder-width: 584px; --smush-placeholder-aspect-ratio: 584\/585;\" \/><\/p>\n<p><strong>Los s\u00edntomas de la ERC no se manifiestan hasta que la enfermedad est\u00e1 avanzada.<\/strong> En la mayor\u00eda de los pacientes, <strong>aparece patente cuando han perdido el 90% de la funci\u00f3n renal<\/strong> y las alternativas de tratamiento son di\u00e1lisis o trasplante.<\/p>\n<p>Sin embargo, <strong>con dos simples y econ\u00f3micos controles es posible realizar la detecci\u00f3n precoz de la ERC.<\/strong> Esos estudios son en una muestra de orina, donde se analiza el nivel de prote\u00ednas, y en una muestra de sangre para medir la creatinina.<\/p>\n<p><strong>Los principales factores de riesgo son:<\/strong> hipertensi\u00f3n, diabetes, obesidad, antecedentes familiares de enfermedad renal y m\u00e1s de 60 a\u00f1os. \u201cEs necesario que las personas conozcan esos factores de riesgo y controlen sus ri\u00f1ones peri\u00f3dicamente\u201d, remarca el Dr. Rafael Maldonado, presidente de la Sociedad de Nefrolog\u00eda de C\u00f3rdoba.<\/p>\n<p>Adem\u00e1s, <strong>los ri\u00f1ones son los \u00f3rganos de choque, <\/strong>all\u00ed donde impactan la hipertensi\u00f3n y la diabetes, \u201cpor eso es importante que la poblaci\u00f3n est\u00e9 informada, ya que, a su vez, <strong>la enfermedad renal genera problemas cardiovasculares<\/strong>\u201d, se\u00f1ala el Dr. Jorge Abdala, presidente de APHEYTRC.<\/p>\n<p>Hoy se suma el <strong>impacto de la pandemia de COVID, <\/strong>donde disminuyeron los controles de salud, lo que tuvo consecuencias en la ERC: los pacientes que podr\u00edan haber llegado al diagn\u00f3stico temprano, no lo lograron; los que lo ten\u00edan, no pudieron acceder a los controles ni tratamientos necesarios.<\/p>\n<p>La disminuci\u00f3n de pacientes en di\u00e1lisis entre 2020 y 2021 ronda el 17 por ciento.<strong> \u201cEsto significa que murieron por Covid o sencillamente, no llegaron a di\u00e1lisis\u201d<\/strong>, apunta el Dr. Abdala.<\/p>\n<p>Por su parte, el Dr. Maldonado indica que no hubo la cantidad de trasplantes ni pacientes en lista de espera que se ven\u00eda registrando en los \u00faltimos a\u00f1os.<\/p>\n<p><strong>Medidas de prevenci\u00f3n para la poblaci\u00f3n general<\/strong><\/p>\n<p>Las entidades locales e internacionales recomiendan \u201cOcho reglas de oro\u201d para mantener la salud de los ri\u00f1ones:<\/p>\n<ul>\n<li>Mantenerse en forma y activo<\/li>\n<li>Mantener un control regular de los niveles de glucosa en sangre (glucemia)<\/li>\n<li>Monitorear la presi\u00f3n arterial<\/li>\n<li>Comer saludablemente y mantener el peso bajo control<\/li>\n<li>Hidrataci\u00f3n: beber 2 litros de agua diarios.<\/li>\n<li>No fumar<\/li>\n<li>No automedicarse.<\/li>\n<li>Chequear tu funci\u00f3n renal con un profesional ante factores o antecedentes de riesgo.<\/li>\n<\/ul>\n<p>Tambi\u00e9n es importante reducir el consumo de sal agregada y reducir el consumo de gaseosas y alcohol.<\/p>\n<p><strong>Contactos por notas<\/strong><\/p>\n<p><strong>Dr. Rafael Maldonado<\/strong>, nefr\u00f3logo, presidente de la Sociedad de Nefrolog\u00eda de C\u00f3rdoba<\/p>\n<p>Celular: 3512 08-9560<\/p>\n<p><strong>Dr. Jorge Abdala<\/strong>, nefr\u00f3logo, presidente de APHEYTRC (Asociaci\u00f3n de Prestadores de Hemodi\u00e1lisis y Trasplantes Renales de C\u00f3rdoba)<\/p>\n<p>Celular: 3515 50-0055<\/p>\n<p><strong>Gesti\u00f3n de Prensa:<\/strong><\/p>\n<p><strong>Josefina Edelstein<\/strong><\/p>\n<p>M\u00f3vil: 3516313459<\/p>\n<p><a href=\"mailto:josefinaedelstein@gmail.com\">josefinaedelstein@gmail.com<\/a><\/p>\n<p><strong>Lugares para informaci\u00f3n y controles<\/strong><\/p>\n<ul>\n<li>Apross<\/li>\n<li>ATERYM, Hospital Militar C\u00f3rdoba, C\u00f3rdoba<\/li>\n<li>ATERYM del Interior, Carlos Paz<\/li>\n<li>Cenebell Privado, Bell Ville<\/li>\n<li>Cenecor Privado, De\u00e1n Funes<\/li>\n<li>Centro de Enfermedades Renales Privado Mina Clavero<\/li>\n<li>Centro de Nefrolog\u00eda Integral Privado, Corral de Bustos<\/li>\n<li>Centro de Nefrolog\u00eda Integral Privado, R\u00edo Tercero<\/li>\n<li>Centro del Ri\u00f1\u00f3n Dr. Germ\u00e1n Roberto G\u00e1lvez, C\u00f3rdoba<\/li>\n<li>Centro Modelo de Nefrolog\u00eda Privado, Marcos Ju\u00e1rez<\/li>\n<li>Centro Nefrol\u00f3gico Privado Villa Allende<\/li>\n<li>Centro Privado de Asistencia Renal (CEPAR), Morteros<\/li>\n<li>Centro Privado de Nefrolog\u00eda FUSAVIM, Villa Mar\u00eda<\/li>\n<li>CEPER San Francisco, Unidad Renal Las Varillas<\/li>\n<li>CEPER San Francisco, Unidad Renal Arroyito<\/li>\n<li>CEPRIN De\u00e1n Funes, De\u00e1n Funes<\/li>\n<li>CER Privado Villa Dolores<\/li>\n<li>CERAG, Alta Gracia<\/li>\n<li>CERH R\u00edo III Privado, R\u00edo Tercero<\/li>\n<li>CERHA, Cosqu\u00edn<\/li>\n<li>DIAVERUM Argentina, C\u00f3rdoba<\/li>\n<li>FMC, Cruz del Eje<\/li>\n<li>FMC, La Falda<\/li>\n<li>Hospital Privado de C\u00f3rdoba<\/li>\n<li>INDYEC, C\u00f3rdoba<\/li>\n<li>JAYMA Rehabilitaci\u00f3n Renal F\u00e9nix, R\u00edo Ceballos<\/li>\n<li>Nefrocentro, en Justiniano Posse<\/li>\n<li>Nephros, Cl\u00ednica V\u00e9lez Sarsfield, C\u00f3rdoba<\/li>\n<li>NINA de Nefrocentro, General Deheza<\/li>\n<li>Servicio de Hemodi\u00e1lisis CERYT, Sanatorio Allende, C\u00f3rdoba<\/li>\n<li>Servicio Modelo de Nefrolog\u00eda Cruz del Sur, Cruz del Eje<\/li>\n<li>Servicio de Nefrolog\u00eda Privado Mayo, C\u00f3rdoba<\/li>\n<li>Servicio de Nefrolog\u00eda Privado Oncativo<\/li>\n<li>Servicio de Nefrolog\u00eda y Hemodi\u00e1lisis Caraffa, C\u00f3rdoba<\/li>\n<li>Servicio Privado de Nefrolog\u00eda La Carlota<\/li>\n<li>Servicio Privado Integral de Nefrolog\u00eda (SEPRINEF), San Francisco<\/li>\n<li>Servicio Renal Privado Sierras Chicas, R\u00edo Ceballos<\/li>\n<li>Unidad M\u00e9dica Renal Laboulaye<\/li>\n<li>Unidad M\u00e9dica Renal, Villa del Rosario<\/li>\n<li>Unidad Renal Hospital Italiano de C\u00f3rdoba (URHI)<\/li>\n<li>Unidad Renal R\u00edo Cuarto<\/li>\n<\/ul>\n<!-- AddThis Advanced Settings generic via filter on the_content --><!-- AddThis Share Buttons generic via filter on the_content -->","protected":false},"excerpt":{"rendered":"<p>Ser\u00e1n el jueves 10 de marzo, en hospitales y centros de di\u00e1lisis. La campa\u00f1a est\u00e1 impulsada por la Asociaci\u00f3n de Prestadores de Hemodi\u00e1lisis, la Sociedad de Nefrolog\u00eda de C\u00f3rdoba y Apross. Como cada a\u00f1o, el D\u00eda Mundial del Ri\u00f1\u00f3n es la oportunidad para concientizar sobre la necesidad de cuidar los ri\u00f1ones y evitar la enfermedad [&hellip;]<!-- AddThis Advanced Settings generic via filter on get_the_excerpt --><!-- AddThis Share Buttons generic via filter on get_the_excerpt --><\/p>\n","protected":false},"author":6,"featured_media":48661,"comment_status":"closed","ping_status":"open","sticky":false,"template":"","format":"standard","meta":{"_acf_changed":false,"om_disable_all_campaigns":false,"_monsterinsights_skip_tracking":false,"_monsterinsights_sitenote_active":false,"_monsterinsights_sitenote_note":"","_monsterinsights_sitenote_category":0,"_uf_show_specific_survey":0,"_uf_disable_surveys":false,"footnotes":""},"categories":[376,100],"tags":[],"class_list":["post-48660","post","type-post","status-publish","format-standard","has-post-thumbnail","hentry","category-lifestyle","category-noticias"],"acf":[],"aioseo_notices":[],"_links":{"self":[{"href":"https:\/\/www.lasrosas.com.ar\/portal\/wp-json\/wp\/v2\/posts\/48660","targetHints":{"allow":["GET"]}}],"collection":[{"href":"https:\/\/www.lasrosas.com.ar\/portal\/wp-json\/wp\/v2\/posts"}],"about":[{"href":"https:\/\/www.lasrosas.com.ar\/portal\/wp-json\/wp\/v2\/types\/post"}],"author":[{"embeddable":true,"href":"https:\/\/www.lasrosas.com.ar\/portal\/wp-json\/wp\/v2\/users\/6"}],"replies":[{"embeddable":true,"href":"https:\/\/www.lasrosas.com.ar\/portal\/wp-json\/wp\/v2\/comments?post=48660"}],"version-history":[{"count":0,"href":"https:\/\/www.lasrosas.com.ar\/portal\/wp-json\/wp\/v2\/posts\/48660\/revisions"}],"wp:featuredmedia":[{"embeddable":true,"href":"https:\/\/www.lasrosas.com.ar\/portal\/wp-json\/wp\/v2\/media\/48661"}],"wp:attachment":[{"href":"https:\/\/www.lasrosas.com.ar\/portal\/wp-json\/wp\/v2\/media?parent=48660"}],"wp:term":[{"taxonomy":"category","embeddable":true,"href":"https:\/\/www.lasrosas.com.ar\/portal\/wp-json\/wp\/v2\/categories?post=48660"},{"taxonomy":"post_tag","embeddable":true,"href":"https:\/\/www.lasrosas.com.ar\/portal\/wp-json\/wp\/v2\/tags?post=48660"}],"curies":[{"name":"wp","href":"https:\/\/api.w.org\/{rel}","templated":true}]}}