{"id":48498,"date":"2022-03-07T16:08:58","date_gmt":"2022-03-07T19:08:58","guid":{"rendered":"https:\/\/www.lasrosas.com.ar\/portal\/?p=48498"},"modified":"2022-03-07T16:08:58","modified_gmt":"2022-03-07T19:08:58","slug":"swarovski-ofrece-alegria-a-todo-color-con-su-ultima-coleccion","status":"publish","type":"post","link":"https:\/\/www.lasrosas.com.ar\/portal\/swarovski-ofrece-alegria-a-todo-color-con-su-ultima-coleccion\/","title":{"rendered":"SWAROVSKI OFRECE ALEGR\u00cdA A TODO COLOR CON SU \u00daLTIMA COLECCI\u00d3N"},"content":{"rendered":"<p><span style=\"font-weight: 400;\">Siguiendo con el viaje que adopt\u00f3 en 2021, Swarovski abraza la maravilla del color con una nueva l\u00ednea de productos que celebran los adornos personales y los accesorios decorativos\u00a0 en cristal.\u00a0<\/span><\/p>\n<p><span style=\"font-weight: 400;\">Impulsado por la Directora Creativa, Giovanna Engelbert, el \u00faltimo lanzamiento se basa en el lenguaje de dise\u00f1o establecido por Swarovski, explorando diferentes formas y presentando nuevas y coloridas categor\u00edas de moda, como relojes, lapiceras, fundas de celulares, accesorios para auriculares, entre otros.<\/span><\/p>\n<p><b>LLEG\u00d3 EL MOMENTO DE LOS RELOJES<\/b><\/p>\n<p><span style=\"font-weight: 400;\">Swarovski presenta con orgullo una serie de relojes con una variedad de colores brillantes inspirados en la reconocida familia Lucent de la marca.\u00a0<\/span><\/p>\n<p><span style=\"font-weight: 400;\">Los relojes, cada uno de ellos con una esfera de cristal tallado con precisi\u00f3n, se vender\u00e1n en una variedad de colores llamativos &#8211; azul, violeta, verde, amarillo y rosa &#8211; con la intenci\u00f3n de agregar un toque de personalidad a los looks ya sean deportivos, el cl\u00e1sicos jeans con camiseta y hasta uno m\u00e1s formal.\u00a0<\/span><\/p>\n<p><img decoding=\"async\" class=\"size-full wp-image-48505 aligncenter lazyload\" data-src=\"https:\/\/www.lasrosas.com.ar\/portal\/wp-content\/uploads\/B2C_MD_KV-1-PR-PORTRAIT-A4_OF_GL_72DPI_RGB.jpg\" alt=\"\" width=\"595\" height=\"842\" src=\"data:image\/svg+xml;base64,PHN2ZyB3aWR0aD0iMSIgaGVpZ2h0PSIxIiB4bWxucz0iaHR0cDovL3d3dy53My5vcmcvMjAwMC9zdmciPjwvc3ZnPg==\" style=\"--smush-placeholder-width: 595px; --smush-placeholder-aspect-ratio: 595\/842;\" \/><\/p>\n<p><b>TODO EN LAS FAMILIAS<\/b><\/p>\n<p><span style=\"font-weight: 400;\">Bas\u00e1ndonos en nuestras colecciones de temporadas pasadas, se agregan nuevos dise\u00f1os a las familias de piezas ya existentes que presentan nuevas perspectivas en cortes, colores y formas.<\/span><\/p>\n<p><span style=\"font-weight: 400;\">\u00a0<\/span><span style=\"font-weight: 400;\">MILLENIA<br \/>\n<\/span><span style=\"font-weight: 400;\">Una carta de amor al propio cristal. El corte con precisi\u00f3n de la familia Millenia es tan fundamental para el guardarropa como la cl\u00e1sica camiseta blanca, que a\u00f1aden un toque personal y de dise\u00f1o a cualquier estilo.<br \/>\n<\/span><span style=\"font-weight: 400;\">En su evoluci\u00f3n, esta familia sum\u00f3 y creci\u00f3 con propuestas de nuevos colores, gradientes, y nuevas formas de joyas. Adem\u00e1s de una nueva l\u00ednea de anteojos, para vestir todos los d\u00edas.<br \/>\n<\/span><\/p>\n<p><img decoding=\"async\" class=\"size-full wp-image-48502 aligncenter lazyload\" data-src=\"https:\/\/www.lasrosas.com.ar\/portal\/wp-content\/uploads\/B2C_MD_KV-3-PR-PORTRAIT-A4_OF_GL_72DPI_RGB.jpg\" alt=\"\" width=\"595\" height=\"842\" src=\"data:image\/svg+xml;base64,PHN2ZyB3aWR0aD0iMSIgaGVpZ2h0PSIxIiB4bWxucz0iaHR0cDovL3d3dy53My5vcmcvMjAwMC9zdmciPjwvc3ZnPg==\" style=\"--smush-placeholder-width: 595px; --smush-placeholder-aspect-ratio: 595\/842;\" \/><\/p>\n<p><span style=\"font-weight: 400;\">LUCENT<br \/>\n<\/span><span style=\"font-weight: 400;\">Mediante la extracci\u00f3n de nuevos tonos de la paleta de colores, la familia Lucent explora el brillo y la intensidad del color del cristal y c\u00f3mo cada sombra y pieza se fusionan para evocar un estado de \u00e1nimo propio.<br \/>\n<\/span><span style=\"font-weight: 400;\">Los aros, brazaletes, anillos y relojes ofrecen posibilidades ilimitadas de usos para un estilo personal.\u00a0<\/span><\/p>\n<p><img decoding=\"async\" class=\"wp-image-48504 aligncenter lazyload\" data-src=\"https:\/\/www.lasrosas.com.ar\/portal\/wp-content\/uploads\/B2C_MD_KV-5-PR-LANDSCAPE-A3_OF_GL_72DPI_RGB.jpg\" alt=\"\" width=\"691\" height=\"488\" data-srcset=\"https:\/\/www.lasrosas.com.ar\/portal\/wp-content\/uploads\/B2C_MD_KV-5-PR-LANDSCAPE-A3_OF_GL_72DPI_RGB.jpg 1191w, https:\/\/www.lasrosas.com.ar\/portal\/wp-content\/uploads\/B2C_MD_KV-5-PR-LANDSCAPE-A3_OF_GL_72DPI_RGB-960x679.jpg 960w\" data-sizes=\"(max-width: 691px) 100vw, 691px\" src=\"data:image\/svg+xml;base64,PHN2ZyB3aWR0aD0iMSIgaGVpZ2h0PSIxIiB4bWxucz0iaHR0cDovL3d3dy53My5vcmcvMjAwMC9zdmciPjwvc3ZnPg==\" style=\"--smush-placeholder-width: 691px; --smush-placeholder-aspect-ratio: 691\/488;\" \/><\/p>\n<p><span style=\"font-weight: 400;\">ORBITA<br \/>\n<\/span><span style=\"font-weight: 400;\">En Orbita, los cristales relucientes evocan la maravilla infantil de entrar en una tienda de dulces.<br \/>\n<\/span><span style=\"font-weight: 400;\">Cada pieza expresa confianza y alegr\u00eda a trav\u00e9s de una gama de ingeniosas piedras que se pueden girar y customizar en cada uso. La nueva gradiente de colores\u00a0 ampl\u00eda la colecci\u00f3n original a trav\u00e9s de collares, brazaletes y pendientes.\u00a0<\/span><\/p>\n<p><span style=\"font-weight: 400;\">NUMINA<br \/>\n<\/span><span style=\"font-weight: 400;\">Inspirada en el legado industrial y artesanal de Swarovski, los llamativos componentes y fijaciones del cristal cobran protagonismo con Numina.<br \/>\n<\/span><span style=\"font-weight: 400;\">Estas piezas tienen un cristal tallado que est\u00e1 atravesado en el coraz\u00f3n central de la pieza unido con un tornillo de dise\u00f1o que solo Swarovski pudo lograr.<br \/>\n<\/span><span style=\"font-weight: 400;\">Haciendo \u00e9nfasis en siluetas y piezas genderless,\u00a0 los nuevos dise\u00f1os en azules fr\u00edos y verdes org\u00e1nicos, evolucionan la gama inicial en una celebraci\u00f3n continua de maestr\u00eda e innovaci\u00f3n.\u00a0<\/span><\/p>\n<p><span style=\"font-weight: 400;\">CURIOSA<br \/>\n<\/span><span style=\"font-weight: 400;\">Inspirado\u00a0 en la geometr\u00eda divina, Curiosa muestra la innovaci\u00f3n y la artesan\u00eda de Swarovski a trav\u00e9s de formas muy complejas y matem\u00e1ticamente precisas. Inicialmente transformando collares, anillos y broches en un nuevo reino de imaginaci\u00f3n, los nuevos accesorios para cabello y ojos promueven el lenguaje de dise\u00f1o infinitamente usable.<\/span><\/p>\n<p><img decoding=\"async\" class=\"size-full wp-image-48506 aligncenter lazyload\" data-src=\"https:\/\/www.lasrosas.com.ar\/portal\/wp-content\/uploads\/B2C_MD_KV-4-PR-PORTRAIT-A4_OF_GL_72DPI_RGB.jpg\" alt=\"\" width=\"595\" height=\"842\" src=\"data:image\/svg+xml;base64,PHN2ZyB3aWR0aD0iMSIgaGVpZ2h0PSIxIiB4bWxucz0iaHR0cDovL3d3dy53My5vcmcvMjAwMC9zdmciPjwvc3ZnPg==\" style=\"--smush-placeholder-width: 595px; --smush-placeholder-aspect-ratio: 595\/842;\" \/><\/p>\n<p><span style=\"font-weight: 400;\">GEMA<br \/>\n<\/span><span style=\"font-weight: 400;\">Inspir\u00e1ndose en el arte y el uso del color de Gustav Klimt, Gema convierte la joyer\u00eda fina en una presentaci\u00f3n de cortes\u00a0 de cristal y colores colocados como si fueran gotas en movimiento.<br \/>\n<\/span><span style=\"font-weight: 400;\">La\u00a0 colecci\u00f3n crece e incluye anteojos, nuevas combinaciones de colores de pendientes de gran tama\u00f1o, collares y brazaletes en paletas que evocan a los atardeceres de verano, paisajes verdes\u00a0 y ramos de flores primaverales.<br \/>\n<\/span><span style=\"font-weight: 400;\">Las maravillas abundan con cada nueva evoluci\u00f3n. Todos estar\u00e1n disponibles en la tienda o en l\u00ednea en swarovski.com.<\/span><\/p>\n<!-- AddThis Advanced Settings generic via filter on the_content --><!-- AddThis Share Buttons generic via filter on the_content -->","protected":false},"excerpt":{"rendered":"<p>Siguiendo con el viaje que adopt\u00f3 en 2021, Swarovski abraza la maravilla del color con una nueva l\u00ednea de productos que celebran los adornos personales y los accesorios decorativos\u00a0 en cristal.\u00a0 Impulsado por la Directora Creativa, Giovanna Engelbert, el \u00faltimo lanzamiento se basa en el lenguaje de dise\u00f1o establecido por Swarovski, explorando diferentes formas y [&hellip;]<!-- AddThis Advanced Settings generic via filter on get_the_excerpt --><!-- AddThis Share Buttons generic via filter on get_the_excerpt --><\/p>\n","protected":false},"author":6,"featured_media":48503,"comment_status":"closed","ping_status":"open","sticky":false,"template":"","format":"standard","meta":{"_acf_changed":false,"om_disable_all_campaigns":false,"_monsterinsights_skip_tracking":false,"_monsterinsights_sitenote_active":false,"_monsterinsights_sitenote_note":"","_monsterinsights_sitenote_category":0,"_uf_show_specific_survey":0,"_uf_disable_surveys":false,"footnotes":""},"categories":[100,1],"tags":[],"class_list":["post-48498","post","type-post","status-publish","format-standard","has-post-thumbnail","hentry","category-noticias","category-sin-categoria"],"acf":[],"aioseo_notices":[],"_links":{"self":[{"href":"https:\/\/www.lasrosas.com.ar\/portal\/wp-json\/wp\/v2\/posts\/48498","targetHints":{"allow":["GET"]}}],"collection":[{"href":"https:\/\/www.lasrosas.com.ar\/portal\/wp-json\/wp\/v2\/posts"}],"about":[{"href":"https:\/\/www.lasrosas.com.ar\/portal\/wp-json\/wp\/v2\/types\/post"}],"author":[{"embeddable":true,"href":"https:\/\/www.lasrosas.com.ar\/portal\/wp-json\/wp\/v2\/users\/6"}],"replies":[{"embeddable":true,"href":"https:\/\/www.lasrosas.com.ar\/portal\/wp-json\/wp\/v2\/comments?post=48498"}],"version-history":[{"count":0,"href":"https:\/\/www.lasrosas.com.ar\/portal\/wp-json\/wp\/v2\/posts\/48498\/revisions"}],"wp:featuredmedia":[{"embeddable":true,"href":"https:\/\/www.lasrosas.com.ar\/portal\/wp-json\/wp\/v2\/media\/48503"}],"wp:attachment":[{"href":"https:\/\/www.lasrosas.com.ar\/portal\/wp-json\/wp\/v2\/media?parent=48498"}],"wp:term":[{"taxonomy":"category","embeddable":true,"href":"https:\/\/www.lasrosas.com.ar\/portal\/wp-json\/wp\/v2\/categories?post=48498"},{"taxonomy":"post_tag","embeddable":true,"href":"https:\/\/www.lasrosas.com.ar\/portal\/wp-json\/wp\/v2\/tags?post=48498"}],"curies":[{"name":"wp","href":"https:\/\/api.w.org\/{rel}","templated":true}]}}