{"id":4831,"date":"2018-06-22T15:42:35","date_gmt":"2018-06-22T18:42:35","guid":{"rendered":"https:\/\/www.lasrosas.com.ar\/portal\/?p=4831"},"modified":"2018-06-27T13:52:23","modified_gmt":"2018-06-27T16:52:23","slug":"fabio-borquez","status":"publish","type":"post","link":"https:\/\/www.lasrosas.com.ar\/portal\/fabio-borquez\/","title":{"rendered":"FABIO BORQUEZ"},"content":{"rendered":"<h3>Exc\u00e9ntrico, creativo, talentoso: Fabio Borquez es un conjunto de sorpresas reflejadas en sus trabajos. De profesi\u00f3n arquitecto, de vocaci\u00f3n artista y fot\u00f3grafo, recorri\u00f3 el mundo capturando momentos y personas incre\u00edbles, colaborando con medios nacionales e internacionales, pero siempre conservando su esencia intuitiva.<\/h3>\n<h3 class=\"r\">@fabioborquez<\/h3>\n<p><img decoding=\"async\" class=\"alignnone size-medium wp-image-4834 lazyload\" data-src=\"https:\/\/www.lasrosas.com.ar\/portal\/wp-content\/uploads\/foto-fabio-baja-wordpress-640x960.jpg\" alt=\"\" width=\"640\" height=\"960\" data-srcset=\"https:\/\/www.lasrosas.com.ar\/portal\/wp-content\/uploads\/foto-fabio-baja-wordpress-640x960.jpg 640w, https:\/\/www.lasrosas.com.ar\/portal\/wp-content\/uploads\/foto-fabio-baja-wordpress-1280x1920.jpg 1280w\" data-sizes=\"(max-width: 640px) 100vw, 640px\" src=\"data:image\/svg+xml;base64,PHN2ZyB3aWR0aD0iMSIgaGVpZ2h0PSIxIiB4bWxucz0iaHR0cDovL3d3dy53My5vcmcvMjAwMC9zdmciPjwvc3ZnPg==\" style=\"--smush-placeholder-width: 640px; --smush-placeholder-aspect-ratio: 640\/960;\" \/><\/p>\n<p><strong>EL ARTE EN EL MUNDO<\/strong><br \/>\nAdmiro la cultura europea, ya que globaliza en su amplio espectro una s\u00edntesis en toda la evoluci\u00f3n, desde la antig\u00fcedad hasta nuestros d\u00edas. Siempre me fascin\u00f3 la historia, ver como un hecho que hab\u00eda sucedido, era la mezcla de diferentes procesos casuales o previstos, que desencadenaron ese fen\u00f3meno. Recorrer el camino del arte en Europa es como mirarnos en un espejo que no nos es ajeno. La admiraci\u00f3n siempre pas\u00f3, no s\u00f3lo por el hecho art\u00edstico sino por la an\u00e9cdota detr\u00e1s de la obra.<\/p>\n<p><strong>INTUIR PARA CREAR<\/strong><br \/>\nEn lo primero que creo es en la intuici\u00f3n. El proceso creativo puede ser muy doloroso: uno termina un proyecto y se enfrenta a la soledad de estar en blanco, una oscura necesidad de volver a crear, con la presi\u00f3n de saber que lo que uno pretende hacer tendr\u00eda que ser mejor a lo que uno, hasta ese momento, cre\u00f3.<\/p>\n<p><img decoding=\"async\" class=\"alignnone size-medium wp-image-4845 lazyload\" data-src=\"https:\/\/www.lasrosas.com.ar\/portal\/wp-content\/uploads\/Sin-titulo-1-Recuperado-960x717.png\" alt=\"\" width=\"960\" height=\"717\" data-srcset=\"https:\/\/www.lasrosas.com.ar\/portal\/wp-content\/uploads\/Sin-titulo-1-Recuperado-960x717.png 960w, https:\/\/www.lasrosas.com.ar\/portal\/wp-content\/uploads\/Sin-titulo-1-Recuperado.png 1104w\" data-sizes=\"(max-width: 960px) 100vw, 960px\" src=\"data:image\/svg+xml;base64,PHN2ZyB3aWR0aD0iMSIgaGVpZ2h0PSIxIiB4bWxucz0iaHR0cDovL3d3dy53My5vcmcvMjAwMC9zdmciPjwvc3ZnPg==\" style=\"--smush-placeholder-width: 960px; --smush-placeholder-aspect-ratio: 960\/717;\" \/><\/p>\n<p><img decoding=\"async\" class=\"alignnone size-medium wp-image-4833 lazyload\" data-src=\"https:\/\/www.lasrosas.com.ar\/portal\/wp-content\/uploads\/baja-3-wordpres-960x640.jpg\" alt=\"\" width=\"960\" height=\"640\" src=\"data:image\/svg+xml;base64,PHN2ZyB3aWR0aD0iMSIgaGVpZ2h0PSIxIiB4bWxucz0iaHR0cDovL3d3dy53My5vcmcvMjAwMC9zdmciPjwvc3ZnPg==\" style=\"--smush-placeholder-width: 960px; --smush-placeholder-aspect-ratio: 960\/640;\" \/><\/p>\n<p><strong>LOS PRIMEROS PASOS<\/strong><br \/>\nYo soy arquitecto. En un momento me encontr\u00e9 discutiendo y defendiendo un proyecto frente a un cliente, y me di cuenta que pretend\u00eda hacer algo para un tercero, que en definitiva, s\u00f3lo era importante como hecho art\u00edstico para m\u00ed. Paralelamente, siempre hab\u00eda pintado, dibujado y me la pasaba sacando fotos. Cuando estuve becado en India, dije \u201cyo quiero hacer esto: \u00a1viajar!\u201d. Y en este caso, la fotograf\u00eda fue el puente que me permiti\u00f3 hacerlo. Ah\u00ed deje la arquitectura. Un par de a\u00f1os despu\u00e9s, cuando ya estaba en Alemania, decid\u00ed no pintar m\u00e1s porque pens\u00e9 que no pod\u00eda estar haciendo varias cosas al mismo tiempo: ten\u00eda que poner toda mi energ\u00eda en un lugar.<\/p>\n<p>&nbsp;<\/p>\n<p><strong>CRUZANDO EL CHARCO POR AMOR<\/strong><br \/>\nSiempre estuve de viaje, pero nunca pens\u00e9 que podr\u00eda vivir lejos de mi pa\u00eds, de mi familia, de mis amigos, y como cada vez que dije \u201cnunca\u201d, la escupida regres\u00f3 a mi rostro. En un momento, haciendo fotos para una revista en Miami, en el medio del mar, me encontr\u00e9 con una chica: hablamos 10 minutos, al cabo de los cuales, no le pregunt\u00e9 sino que le asegur\u00e9 que me iba a casar con ella. Ella dud\u00f3, pensaba que estaba drogado o borracho; yo s\u00f3lo le dije que para un argentino nada es imposible si me daba una oportunidad. Al mes siguiente ya estaba en Alemania visit\u00e1ndola. Eso fue hace 20 a\u00f1os: hoy tenemos dos hijos.<\/p>\n<p><img decoding=\"async\" class=\"alignnone size-medium wp-image-4843 lazyload\" data-src=\"https:\/\/www.lasrosas.com.ar\/portal\/wp-content\/uploads\/3-960x717.png\" alt=\"\" width=\"960\" height=\"717\" data-srcset=\"https:\/\/www.lasrosas.com.ar\/portal\/wp-content\/uploads\/3-960x717.png 960w, https:\/\/www.lasrosas.com.ar\/portal\/wp-content\/uploads\/3.png 1104w\" data-sizes=\"(max-width: 960px) 100vw, 960px\" src=\"data:image\/svg+xml;base64,PHN2ZyB3aWR0aD0iMSIgaGVpZ2h0PSIxIiB4bWxucz0iaHR0cDovL3d3dy53My5vcmcvMjAwMC9zdmciPjwvc3ZnPg==\" style=\"--smush-placeholder-width: 960px; --smush-placeholder-aspect-ratio: 960\/717;\" \/><\/p>\n<p><strong>\u201c\u2026 El momento en que S\u00f3crates fue condenado al destierro, prefiri\u00f3 morir antes que vivir lejos de su patria. Estar fuera del lugar en que uno naci\u00f3 es duro, mucho m\u00e1s si donde uno est\u00e1, hay una cultura tan diferente a la nuestra, como es el caso de Alemania. Igual, siempre cre\u00ed que no existen para\u00edsos sobre la tierra, y que en todos lados hay pros y contras\u2026\u201d<\/strong><\/p>\n<p><img decoding=\"async\" class=\"alignnone size-medium wp-image-4844 lazyload\" data-src=\"https:\/\/www.lasrosas.com.ar\/portal\/wp-content\/uploads\/4-960x717.png\" alt=\"\" width=\"960\" height=\"717\" data-srcset=\"https:\/\/www.lasrosas.com.ar\/portal\/wp-content\/uploads\/4-960x717.png 960w, https:\/\/www.lasrosas.com.ar\/portal\/wp-content\/uploads\/4.png 1104w\" data-sizes=\"(max-width: 960px) 100vw, 960px\" src=\"data:image\/svg+xml;base64,PHN2ZyB3aWR0aD0iMSIgaGVpZ2h0PSIxIiB4bWxucz0iaHR0cDovL3d3dy53My5vcmcvMjAwMC9zdmciPjwvc3ZnPg==\" style=\"--smush-placeholder-width: 960px; --smush-placeholder-aspect-ratio: 960\/717;\" \/><\/p>\n<p><strong>VIVIR AFUERA Y EXTRA\u00d1AR<\/strong><br \/>\nCateg\u00f3ricamente, lo primero que uno extra\u00f1a es la familia, y despu\u00e9s, cosas que quiz\u00e1s uno nunca tom\u00f3 en cuenta cuando estuvo en su pa\u00eds. Uno a\u00f1ora muchas cosas: el idioma, nuestra idiosincrasia, y hasta ese estado de contradicci\u00f3n infinita que tenemos los argentinos. Te podr\u00eda hacer tambi\u00e9n una larga lista de cosas que no echo de menos, y que al ponerlas en la balanza, hicieron que decidiera quedarme a vivir aqu\u00ed. No s\u00e9 si en alg\u00fan momento volver\u00e9, no s\u00e9 qu\u00e9 va a pasar dentro de diez minutos.<\/p>\n<p>&nbsp;<\/p>\n<!-- AddThis Advanced Settings generic via filter on the_content --><!-- AddThis Share Buttons generic via filter on the_content -->","protected":false},"excerpt":{"rendered":"<p>Exc\u00e9ntrico, creativo, talentoso: Fabio Borquez es un conjunto de sorpresas reflejadas en sus trabajos. De profesi\u00f3n arquitecto, de vocaci\u00f3n artista y fot\u00f3grafo, recorri\u00f3 el mundo capturando momentos y personas incre\u00edbles, colaborando con medios nacionales e internacionales, pero siempre conservando su esencia intuitiva. @fabioborquez EL ARTE EN EL MUNDO Admiro la cultura europea, ya que globaliza [&hellip;]<!-- AddThis Advanced Settings generic via filter on get_the_excerpt --><!-- AddThis Share Buttons generic via filter on get_the_excerpt --><\/p>\n","protected":false},"author":6,"featured_media":4846,"comment_status":"closed","ping_status":"open","sticky":false,"template":"","format":"standard","meta":{"_acf_changed":false,"om_disable_all_campaigns":false,"_monsterinsights_skip_tracking":false,"_monsterinsights_sitenote_active":false,"_monsterinsights_sitenote_note":"","_monsterinsights_sitenote_category":0,"_uf_show_specific_survey":0,"_uf_disable_surveys":false,"footnotes":""},"categories":[100,38],"tags":[],"class_list":["post-4831","post","type-post","status-publish","format-standard","has-post-thumbnail","hentry","category-noticias","category-entrevistas"],"acf":[],"aioseo_notices":[],"_links":{"self":[{"href":"https:\/\/www.lasrosas.com.ar\/portal\/wp-json\/wp\/v2\/posts\/4831","targetHints":{"allow":["GET"]}}],"collection":[{"href":"https:\/\/www.lasrosas.com.ar\/portal\/wp-json\/wp\/v2\/posts"}],"about":[{"href":"https:\/\/www.lasrosas.com.ar\/portal\/wp-json\/wp\/v2\/types\/post"}],"author":[{"embeddable":true,"href":"https:\/\/www.lasrosas.com.ar\/portal\/wp-json\/wp\/v2\/users\/6"}],"replies":[{"embeddable":true,"href":"https:\/\/www.lasrosas.com.ar\/portal\/wp-json\/wp\/v2\/comments?post=4831"}],"version-history":[{"count":0,"href":"https:\/\/www.lasrosas.com.ar\/portal\/wp-json\/wp\/v2\/posts\/4831\/revisions"}],"wp:featuredmedia":[{"embeddable":true,"href":"https:\/\/www.lasrosas.com.ar\/portal\/wp-json\/wp\/v2\/media\/4846"}],"wp:attachment":[{"href":"https:\/\/www.lasrosas.com.ar\/portal\/wp-json\/wp\/v2\/media?parent=4831"}],"wp:term":[{"taxonomy":"category","embeddable":true,"href":"https:\/\/www.lasrosas.com.ar\/portal\/wp-json\/wp\/v2\/categories?post=4831"},{"taxonomy":"post_tag","embeddable":true,"href":"https:\/\/www.lasrosas.com.ar\/portal\/wp-json\/wp\/v2\/tags?post=4831"}],"curies":[{"name":"wp","href":"https:\/\/api.w.org\/{rel}","templated":true}]}}