{"id":4818,"date":"2018-06-18T14:02:18","date_gmt":"2018-06-18T17:02:18","guid":{"rendered":"https:\/\/www.lasrosas.com.ar\/portal\/?p=4818"},"modified":"2019-01-15T17:52:00","modified_gmt":"2019-01-15T20:52:00","slug":"nico-cuno","status":"publish","type":"post","link":"https:\/\/www.lasrosas.com.ar\/portal\/nico-cuno\/","title":{"rendered":"NICO CU\u00d1O"},"content":{"rendered":"<h3><strong>Empresario, creador y due\u00f1o de la marca Key Biscayne, amante de la m\u00fasica y apasionado del \u201cArte de Vivir\u201d. Fue construyendo un camino lleno de desaf\u00edos, con errores que le ense\u00f1aron y aprendizajes que lo hicieron m\u00e1s sabio. En su nuevo rol de padre, junto a su esposa y sus dos hijos, Gael y Juan, ha logrado completar su mayor deseo: ser feliz.<\/strong><\/h3>\n<p><img decoding=\"async\" class=\"alignnone size-full wp-image-4823 lazyload\" data-src=\"https:\/\/www.lasrosas.com.ar\/portal\/wp-content\/uploads\/Sin-titulo-5.png\" alt=\"\" width=\"629\" height=\"868\" src=\"data:image\/svg+xml;base64,PHN2ZyB3aWR0aD0iMSIgaGVpZ2h0PSIxIiB4bWxucz0iaHR0cDovL3d3dy53My5vcmcvMjAwMC9zdmciPjwvc3ZnPg==\" style=\"--smush-placeholder-width: 629px; --smush-placeholder-aspect-ratio: 629\/868;\" \/><\/p>\n<p><strong>C\u00f3mo te present\u00e1s a alguien que no te conoce?<\/strong><br \/>\nPara quien no me conoce me presento como un luchador: siento que soy un luchador de la vida y que fui generando cosas con esfuerzo y perseverancia.<\/p>\n<p><strong>Key Biscayne es una marca para\u2026<\/strong><br \/>\nSentirte y verte cada vez mejor.<\/p>\n<p><strong>Key Biscayne siempre se destac\u00f3 por su publicidad. \u00bfCu\u00e1l es la campa\u00f1a que hiciste, desde que creaste la marca, que ilustra su esp\u00edritu?<\/strong><br \/>\nLo m\u00e1s importante fue lograr el concepto de \u201cVivir m\u00e1s despacio\u201d, que fue el paraguas de todo lo que vino despu\u00e9s. Primero, fue lo que necesit\u00e9 yo y sent\u00eda que el sistema lo ped\u00eda. A continuaci\u00f3n, vino \u201cConexi\u00f3n real\u201d con Francella, campa\u00f1as con Charly Garc\u00eda, y as\u00ed miles de cosas m\u00e1s que engloban esta idea que se transform\u00f3 en el slogan de la marca.<\/p>\n<p><img decoding=\"async\" class=\"alignnone size-full wp-image-4822 lazyload\" data-src=\"https:\/\/www.lasrosas.com.ar\/portal\/wp-content\/uploads\/Sin-titulo-4.png\" alt=\"\" width=\"629\" height=\"868\" src=\"data:image\/svg+xml;base64,PHN2ZyB3aWR0aD0iMSIgaGVpZ2h0PSIxIiB4bWxucz0iaHR0cDovL3d3dy53My5vcmcvMjAwMC9zdmciPjwvc3ZnPg==\" style=\"--smush-placeholder-width: 629px; --smush-placeholder-aspect-ratio: 629\/868;\" \/><\/p>\n<p><strong>Sos muy amigo de Charly Garc\u00eda, \u00bfcu\u00e1l es el tema de charla en una cena t\u00edpica?<\/strong><br \/>\nCon Charly, todo el tiempo es creatividad pura: haciendo pel\u00edculas, videos, shows. Es hablar de la m\u00fasica y generar cosas lindas.<\/p>\n<p><strong>\u00bfTres preguntas existenciales que te hac\u00e9s con respecto a la vida?<\/strong><br \/>\nNo me hago tantas preguntas existenciales. Aprend\u00ed a disfrutar del momento y de saber que la vida es un milagro y que hay que ser agradecido. Cuando comenc\u00e9 a creer que hay otras vidas, me tranquilic\u00e9 y entend\u00ed que el alma contin\u00faa y que el cuerpo es s\u00f3lo un envase. Ah\u00ed terminaron todas las preguntas existenciales. Todo esto lo logr\u00e9 con la meditaci\u00f3n.<\/p>\n<p><img decoding=\"async\" class=\"alignnone size-full wp-image-4820 lazyload\" data-src=\"https:\/\/www.lasrosas.com.ar\/portal\/wp-content\/uploads\/Sin-titulo-2-1.png\" alt=\"\" width=\"629\" height=\"868\" src=\"data:image\/svg+xml;base64,PHN2ZyB3aWR0aD0iMSIgaGVpZ2h0PSIxIiB4bWxucz0iaHR0cDovL3d3dy53My5vcmcvMjAwMC9zdmciPjwvc3ZnPg==\" style=\"--smush-placeholder-width: 629px; --smush-placeholder-aspect-ratio: 629\/868;\" \/><\/p>\n<p><strong>Si se hiciera una producci\u00f3n sobre una pel\u00edcula de tu vida, \u00bfc\u00f3mo cre\u00e9s que se SER\u00cdA?<\/strong><br \/>\nLa pel\u00edcula de mi vida ser\u00eda sobre alguien que con esfuerzo hace las cosas pero con mucho amor y pasi\u00f3n, y a medida que lo va logrando, quiere que los dem\u00e1s disfruten de eso. Siento que ser\u00eda de una persona que va aprendiendo en la medida que va recorriendo su camino: \u201cse hace camino al andar\u201d como dice Serrat; logrando con responsabilidad todo lo que se propone.<br \/>\nMe gustar\u00eda que mi hijo Gael lo interprete, que act\u00fae mi esposa y mi otro hijo, Juan.<\/p>\n<p><strong>\u00bfQu\u00e9 cosas te ha regalado para tu vida el rol de pap\u00e1?<\/strong><br \/>\nEl amor, la familia, el disfrutar de cada detalle, el re\u00edrme, el querer irme de vacaciones con ellos, el acostarnos los cuatro y jugar a hacer \u201ccarpitas\u201d.<br \/>\nEn definitiva, el sentido de la vida.<\/p>\n<!-- AddThis Advanced Settings generic via filter on the_content --><!-- AddThis Share Buttons generic via filter on the_content -->","protected":false},"excerpt":{"rendered":"<p>Empresario, creador y due\u00f1o de la marca Key Biscayne, amante de la m\u00fasica y apasionado del \u201cArte de Vivir\u201d. Fue construyendo un camino lleno de desaf\u00edos, con errores que le ense\u00f1aron y aprendizajes que lo hicieron m\u00e1s sabio. En su nuevo rol de padre, junto a su esposa y sus dos hijos, Gael y Juan, [&hellip;]<!-- AddThis Advanced Settings generic via filter on get_the_excerpt --><!-- AddThis Share Buttons generic via filter on get_the_excerpt --><\/p>\n","protected":false},"author":6,"featured_media":4819,"comment_status":"closed","ping_status":"open","sticky":false,"template":"","format":"standard","meta":{"_acf_changed":false,"om_disable_all_campaigns":false,"_monsterinsights_skip_tracking":false,"_monsterinsights_sitenote_active":false,"_monsterinsights_sitenote_note":"","_monsterinsights_sitenote_category":0,"_uf_show_specific_survey":0,"_uf_disable_surveys":false,"footnotes":""},"categories":[236,234,100,32],"tags":[],"class_list":["post-4818","post","type-post","status-publish","format-standard","has-post-thumbnail","hentry","category-cover-tapa","category-trend","category-noticias","category-lideres"],"acf":[],"aioseo_notices":[],"_links":{"self":[{"href":"https:\/\/www.lasrosas.com.ar\/portal\/wp-json\/wp\/v2\/posts\/4818","targetHints":{"allow":["GET"]}}],"collection":[{"href":"https:\/\/www.lasrosas.com.ar\/portal\/wp-json\/wp\/v2\/posts"}],"about":[{"href":"https:\/\/www.lasrosas.com.ar\/portal\/wp-json\/wp\/v2\/types\/post"}],"author":[{"embeddable":true,"href":"https:\/\/www.lasrosas.com.ar\/portal\/wp-json\/wp\/v2\/users\/6"}],"replies":[{"embeddable":true,"href":"https:\/\/www.lasrosas.com.ar\/portal\/wp-json\/wp\/v2\/comments?post=4818"}],"version-history":[{"count":0,"href":"https:\/\/www.lasrosas.com.ar\/portal\/wp-json\/wp\/v2\/posts\/4818\/revisions"}],"wp:featuredmedia":[{"embeddable":true,"href":"https:\/\/www.lasrosas.com.ar\/portal\/wp-json\/wp\/v2\/media\/4819"}],"wp:attachment":[{"href":"https:\/\/www.lasrosas.com.ar\/portal\/wp-json\/wp\/v2\/media?parent=4818"}],"wp:term":[{"taxonomy":"category","embeddable":true,"href":"https:\/\/www.lasrosas.com.ar\/portal\/wp-json\/wp\/v2\/categories?post=4818"},{"taxonomy":"post_tag","embeddable":true,"href":"https:\/\/www.lasrosas.com.ar\/portal\/wp-json\/wp\/v2\/tags?post=4818"}],"curies":[{"name":"wp","href":"https:\/\/api.w.org\/{rel}","templated":true}]}}