{"id":47611,"date":"2022-02-15T15:36:19","date_gmt":"2022-02-15T18:36:19","guid":{"rendered":"https:\/\/www.lasrosas.com.ar\/portal\/?p=47611"},"modified":"2022-02-15T15:36:19","modified_gmt":"2022-02-15T18:36:19","slug":"tomas-redrado-se-separa-de-la-politica-para-dedicarse-al-arte","status":"publish","type":"post","link":"https:\/\/www.lasrosas.com.ar\/portal\/tomas-redrado-se-separa-de-la-politica-para-dedicarse-al-arte\/","title":{"rendered":"TOM\u00c1S REDRADO SE SEPARA DE LA POL\u00cdTICA PARA DEDICARSE AL ARTE"},"content":{"rendered":"<p><i><span style=\"font-weight: 400;\">El casi predestinado heredero de la pol\u00edtica argentina, cambia el rumbo de su vida y abrir\u00e1 una importante galer\u00eda de arte en Estados Unidos.<\/span><\/i><\/p>\n<p><span style=\"font-weight: 400;\">El arte es la expresi\u00f3n del coraz\u00f3n de toda persona, pero hay algunas personas que nacen para el arte o mejor dicho el arte nace para ellos, sin lugar a dudas Tom\u00e1s Redrado es una de ellas, quien a pesar de su \u201clegado\u201d heredado de su padre, logr\u00f3 conectar con el hilo rojo del destino su sin igual Pop up, que marca tendencia entre la nueva moda en arte contempor\u00e1neo.<\/span><\/p>\n<p><span style=\"font-weight: 400;\">Para aquellos que aun no saben de quien estamos hablando, nos referimos al hijo del importante economista argentino, Mart\u00edn Redrado, quien seguramente no se imaginaba que el destino de su hijo lo iba a unir a un pa\u00eds tan lejano del mismo continente, ya que este pr\u00f3ximo 17 de febrero el ya no tan ni\u00f1o de la familia Redrado abrir\u00e1 las puertas de su galer\u00eda en Little River, Estados Unidos.<\/span><\/p>\n<p><span style=\"font-weight: 400;\">En esta gran galer\u00eda compartir\u00e1 su espacio en el mes pr\u00f3ximo con su colega y amigo, quien es agregado de la embajada de M\u00e9xico, para llevar adelante su proyecto, el cual se encuentra en un espacio emergente y alucinante, en un barrio con mucha onda, donde hay incre\u00edbles tiendas y restaurantes.\u00a0<\/span><\/p>\n<p><img decoding=\"async\" class=\"aligncenter size-full wp-image-47613 lazyload\" data-src=\"https:\/\/www.lasrosas.com.ar\/portal\/wp-content\/uploads\/WhatsApp-Image-2022-02-15-at-3.35.07-PM.jpeg\" alt=\"\" width=\"638\" height=\"738\" src=\"data:image\/svg+xml;base64,PHN2ZyB3aWR0aD0iMSIgaGVpZ2h0PSIxIiB4bWxucz0iaHR0cDovL3d3dy53My5vcmcvMjAwMC9zdmciPjwvc3ZnPg==\" style=\"--smush-placeholder-width: 638px; --smush-placeholder-aspect-ratio: 638\/738;\" \/><\/p>\n<p><span style=\"font-weight: 400;\">Pero este supuesto heredero de la pol\u00edtica argentina, logr\u00f3 realizar un vuelco 360 en su vida para cambiar su destino heredado y no es el \u00fanico que decidi\u00f3 apostar por un lugar distinto en donde comenzar una nueva vida, tambi\u00e9n as\u00ed lo hizo Florencia Macri quien tiene su local propio de ropa a solo tres cuadras de esta futura galer\u00eda y adem\u00e1s Deborha de Corral quien inaugur\u00f3 su restaurante Tigre, el cual cuenta con la misma onda de toda esa zona exclusiva.<\/span><\/p>\n<p><span style=\"font-weight: 400;\">La inspiraci\u00f3n de Tom\u00e1s en todo su arte fue a pareciendo casi por casualidad, aunque era una luz que ya se encontraba dentro de \u00e9l, en varias entrevistas a diarios de Argentina aseguro que toda la luz y el coraz\u00f3n de Marta Minuj\u00edn fueron los cimientos de su enlace con el mundo del arte, ya que es uno de los personajes m\u00e1s reconocidos, importante y exportables que tienen en ese pa\u00eds.<\/span><\/p>\n<p><span style=\"font-weight: 400;\">Los proyectos nunca nacen solos si no que siempre es bueno estar acompa\u00f1ados por eso es que Tom\u00e1s, al igual que muchos artistas tiene su fuente de inspiraci\u00f3n que nace de la admiraci\u00f3n principalmente a Minuj\u00edn, artista con la cual ya tiene objetivos y trabajos juntos.<\/span><\/p>\n<p><span style=\"font-weight: 400;\">Este gran artista, mudo su vida a otra ciudad muy desconocida pero apunta a darse a conocer en ella y ya antes ha logrado captar las miradas de muchos colegas, como lo hizo anteriormente en su muestra de arte presentada en un penhouse del piso 51 del One Thousand Museum y adem\u00e1s en su plataforma <\/span><a href=\"http:\/\/www.tomasredradoart.com\/\"><span style=\"font-weight: 400;\">www.tomasredradoart.com<\/span><\/a><span style=\"font-weight: 400;\"> donde se encuentran paletas de arte en todo su explendor plasmadas en una sola web.<\/span><\/p>\n<p><img decoding=\"async\" class=\"aligncenter wp-image-47614 size-full lazyload\" data-src=\"https:\/\/www.lasrosas.com.ar\/portal\/wp-content\/uploads\/WhatsApp-Image-2022-02-15-at-3.35.07-PM-1-e1644950174540.jpeg\" alt=\"\" width=\"464\" height=\"714\" src=\"data:image\/svg+xml;base64,PHN2ZyB3aWR0aD0iMSIgaGVpZ2h0PSIxIiB4bWxucz0iaHR0cDovL3d3dy53My5vcmcvMjAwMC9zdmciPjwvc3ZnPg==\" style=\"--smush-placeholder-width: 464px; --smush-placeholder-aspect-ratio: 464\/714;\" \/><\/p>\n<p><span style=\"font-weight: 400;\">En paralelo a todo, tambien realiz\u00f3 una exhibici\u00f3n en Touz\u00f3n en The Arsenale, en el Design District, una escultura lum\u00ednica y adem\u00e1s piezas de Paredes en un restaurant denomido Wayku, durante una fiesta que se organiz\u00f3 para le semana del Art Basel, de la cual tambi\u00e9n form\u00f3 parte. Los proyectos de este emprendedor joven tienen a todos en el mundo ansiosos de sus movimientos ya que siempre sorprende con una nueva acci\u00f3n art\u00edstica y consigue nuevos planes para lograr ese estilo distinto que tanto lo distingue.\u00a0<\/span><\/p>\n<!-- AddThis Advanced Settings generic via filter on the_content --><!-- AddThis Share Buttons generic via filter on the_content -->","protected":false},"excerpt":{"rendered":"<p>El casi predestinado heredero de la pol\u00edtica argentina, cambia el rumbo de su vida y abrir\u00e1 una importante galer\u00eda de arte en Estados Unidos. El arte es la expresi\u00f3n del coraz\u00f3n de toda persona, pero hay algunas personas que nacen para el arte o mejor dicho el arte nace para ellos, sin lugar a dudas [&hellip;]<!-- AddThis Advanced Settings generic via filter on get_the_excerpt --><!-- AddThis Share Buttons generic via filter on get_the_excerpt --><\/p>\n","protected":false},"author":6,"featured_media":47612,"comment_status":"closed","ping_status":"open","sticky":false,"template":"","format":"standard","meta":{"_acf_changed":false,"om_disable_all_campaigns":false,"_monsterinsights_skip_tracking":false,"_monsterinsights_sitenote_active":false,"_monsterinsights_sitenote_note":"","_monsterinsights_sitenote_category":0,"_uf_show_specific_survey":0,"_uf_disable_surveys":false,"footnotes":""},"categories":[29,100,35],"tags":[],"class_list":["post-47611","post","type-post","status-publish","format-standard","has-post-thumbnail","hentry","category-revista","category-noticias","category-especiales"],"acf":[],"aioseo_notices":[],"_links":{"self":[{"href":"https:\/\/www.lasrosas.com.ar\/portal\/wp-json\/wp\/v2\/posts\/47611","targetHints":{"allow":["GET"]}}],"collection":[{"href":"https:\/\/www.lasrosas.com.ar\/portal\/wp-json\/wp\/v2\/posts"}],"about":[{"href":"https:\/\/www.lasrosas.com.ar\/portal\/wp-json\/wp\/v2\/types\/post"}],"author":[{"embeddable":true,"href":"https:\/\/www.lasrosas.com.ar\/portal\/wp-json\/wp\/v2\/users\/6"}],"replies":[{"embeddable":true,"href":"https:\/\/www.lasrosas.com.ar\/portal\/wp-json\/wp\/v2\/comments?post=47611"}],"version-history":[{"count":0,"href":"https:\/\/www.lasrosas.com.ar\/portal\/wp-json\/wp\/v2\/posts\/47611\/revisions"}],"wp:featuredmedia":[{"embeddable":true,"href":"https:\/\/www.lasrosas.com.ar\/portal\/wp-json\/wp\/v2\/media\/47612"}],"wp:attachment":[{"href":"https:\/\/www.lasrosas.com.ar\/portal\/wp-json\/wp\/v2\/media?parent=47611"}],"wp:term":[{"taxonomy":"category","embeddable":true,"href":"https:\/\/www.lasrosas.com.ar\/portal\/wp-json\/wp\/v2\/categories?post=47611"},{"taxonomy":"post_tag","embeddable":true,"href":"https:\/\/www.lasrosas.com.ar\/portal\/wp-json\/wp\/v2\/tags?post=47611"}],"curies":[{"name":"wp","href":"https:\/\/api.w.org\/{rel}","templated":true}]}}